{"id":43881,"date":"2021-03-01T23:37:22","date_gmt":"2021-03-01T23:37:22","guid":{"rendered":"https:\/\/jorgezanoni.com.br\/2019\/?p=43881"},"modified":"2021-03-01T23:37:22","modified_gmt":"2021-03-01T23:37:22","slug":"ex-prefeito-juliano-bertolini-foi-transferido-de-aviao-para-a-cidade-de-botucatu","status":"publish","type":"post","link":"https:\/\/jorgezanoni.com.br\/2019\/ex-prefeito-juliano-bertolini-foi-transferido-de-aviao-para-a-cidade-de-botucatu\/","title":{"rendered":"Ex-Prefeito Juliano Bertolini foi transferido de avi\u00e3o para a cidade de Botucatu"},"content":{"rendered":"<p style=\"text-align: justify;\"><strong>Por volta de 20:25 Horas, o avi\u00e3o decolou do Aeroporto Milton Muliterno de Dracena rumo a Botucatu.<\/strong><\/p>\n<p style=\"text-align: justify;\">O ex-prefeito de Dracena Juliano Brito Bertolini, acaba de ser transferido para a cidade de Botucatu onde seguir\u00e1 em tratamento da COVID-19.<\/p>\n<p style=\"text-align: justify;\">Ele estava internado em enfermaria na Santa Casa de Dracena e ontem teve seu quadro agravado, precisou ser entubado e foi para a UTI.<\/p>\n<p style=\"text-align: justify;\">Hoje logo ap\u00f3s as 17:00 Horas um avi\u00e3o fretado atrav\u00e9s de conv\u00eanio, veio da cidade de S\u00e3o Paulo com m\u00e9dicos que estiveram at\u00e9 poucos instantes avaliando o quadro do ex-prefeito e houveram por bem fazer sua transfer\u00eancia.<\/p>\n<p style=\"text-align: justify;\">Jorge Zanoni<\/p>\n<p style=\"text-align: justify;\">Foto arquivo<\/p>\n<p style=\"text-align: justify;\">\n","protected":false},"excerpt":{"rendered":"<p>Por volta de 20:25 Horas, o avi\u00e3o decolou do Aeroporto Milton Muliterno de Dracena rumo a Botucatu. O ex-prefeito de Dracena Juliano Brito Bertolini, acaba de ser transferido para a cidade de Botucatu onde seguir\u00e1 em tratamento da COVID-19. Ele estava internado em enfermaria na Santa Casa de Dracena e ontem teve seu quadro agravado, [&hellip;]<\/p>\n","protected":false},"author":1,"featured_media":43882,"comment_status":"closed","ping_status":"open","sticky":false,"template":"","format":"standard","meta":{"footnotes":""},"categories":[110,116],"tags":[],"class_list":["post-43881","post","type-post","status-publish","format-standard","has-post-thumbnail","hentry","category-noticiasdestaque","category-politicaeeconomia"],"_links":{"self":[{"href":"https:\/\/jorgezanoni.com.br\/2019\/wp-json\/wp\/v2\/posts\/43881","targetHints":{"allow":["GET"]}}],"collection":[{"href":"https:\/\/jorgezanoni.com.br\/2019\/wp-json\/wp\/v2\/posts"}],"about":[{"href":"https:\/\/jorgezanoni.com.br\/2019\/wp-json\/wp\/v2\/types\/post"}],"author":[{"embeddable":true,"href":"https:\/\/jorgezanoni.com.br\/2019\/wp-json\/wp\/v2\/users\/1"}],"replies":[{"embeddable":true,"href":"https:\/\/jorgezanoni.com.br\/2019\/wp-json\/wp\/v2\/comments?post=43881"}],"version-history":[{"count":0,"href":"https:\/\/jorgezanoni.com.br\/2019\/wp-json\/wp\/v2\/posts\/43881\/revisions"}],"wp:featuredmedia":[{"embeddable":true,"href":"https:\/\/jorgezanoni.com.br\/2019\/wp-json\/wp\/v2\/media\/43882"}],"wp:attachment":[{"href":"https:\/\/jorgezanoni.com.br\/2019\/wp-json\/wp\/v2\/media?parent=43881"}],"wp:term":[{"taxonomy":"category","embeddable":true,"href":"https:\/\/jorgezanoni.com.br\/2019\/wp-json\/wp\/v2\/categories?post=43881"},{"taxonomy":"post_tag","embeddable":true,"href":"https:\/\/jorgezanoni.com.br\/2019\/wp-json\/wp\/v2\/tags?post=43881"}],"curies":[{"name":"wp","href":"https:\/\/api.w.org\/{rel}","templated":true}]}}