{"id":43878,"date":"2021-03-01T23:02:30","date_gmt":"2021-03-01T23:02:30","guid":{"rendered":"https:\/\/jorgezanoni.com.br\/2019\/?p=43878"},"modified":"2021-03-01T23:03:15","modified_gmt":"2021-03-01T23:03:15","slug":"fundec-faz-aquisicao-de-novo-onibus-para-atividades-academicas","status":"publish","type":"post","link":"https:\/\/jorgezanoni.com.br\/2019\/fundec-faz-aquisicao-de-novo-onibus-para-atividades-academicas\/","title":{"rendered":"Fundec faz aquisi\u00e7\u00e3o de novo \u00f4nibus para atividades acad\u00eamicas"},"content":{"rendered":"<p dir=\"ltr\" style=\"text-align: justify;\">Prestes a completar 53 anos, a Fundec j\u00e1 comemora com a aquisi\u00e7\u00e3o de um novo micro-\u00f4nibus para o transporte dos alunos do Anglo-CID, CEP\/UME e Unifadra, bem como de seus colaboradores, durante atividades acad\u00eamicas e administrativas. O ve\u00edculo \u00e9 um micro-\u00f4nibus Marcopolo San Marino, modelo Volare FLY 10, 2020\/2021, 0 km, com capacidade de transporte de 35 passageiros e 2 motoristas. Este ve\u00edculo junta-se \u00e0 frota da Fundec, que j\u00e1 possui um micro-\u00f4nibus Volkswagen para 23 passageiros, um autom\u00f3vel Toyota Corolla Sedan, uma camionete \u00a0Fiat Strada Working e uma motocicleta Honda CG 150.<\/p>\n<p dir=\"ltr\" style=\"text-align: justify;\">Buscando o conforto e seguran\u00e7a de seus usu\u00e1rios, este novo ve\u00edculo possui poltronas executivas reclin\u00e1veis, USB, ar condicionado de teto central e moderna tecnologia embarcada de \u00faltima gera\u00e7\u00e3o.<br \/>\nAl\u00e9m de atender \u00e0s necessidades de estudantes e colaboradores das unidades mantidas pela Fundec, os micro-\u00f4nibus ser\u00e3o utilizados diariamente para o transporte dos alunos de Medicina para o internato na Santa Casa de Presidente Venceslau (SP).<br \/>\nO diretor executivo da Fundec Edson Hissatomi Kai destacou que o investimento em um novo micro-\u00f4nibus estava previsto no or\u00e7amento de 2020, mas, em raz\u00e3o da pandemia e das dificuldades enfrentadas no ano passado, essa aquisi\u00e7\u00e3o foi adiada para um momento mais oportuno e necess\u00e1rio, o que ocorreu agora com o fechamento do termo de coopera\u00e7\u00e3o de Internato de Medicina com a Santa Casa de Presidente Venceslau.<br \/>\nO diretor acad\u00eamico da Unifadra Prof. Dr. Enio Garbelini destacou que esse micro-\u00f4nibus trar\u00e1 conforto e seguran\u00e7a \u00e0queles que ir\u00e3o utiliz\u00e1-lo, em atividades acad\u00eamicas de seus cursos, que necessitem de m\u00e9dios e longos deslocamentos.<\/p>\n<p dir=\"ltr\" style=\"text-align: justify;\">A diretora do Anglo-CID Eul\u00e1lia Pires Fava ressaltou que a aquisi\u00e7\u00e3o deste ve\u00edculo vem ao encontro das expectativas dos colaboradores e discentes do Col\u00e9gio, que em diversas ocasi\u00f5es participam de capacita\u00e7\u00f5es, conven\u00e7\u00f5es, campeonatos e olimp\u00edadas; assim, este micro-\u00f4nibus vem propiciar mais seguran\u00e7a, conforto e entusiasmo para continuarmos nesta linda miss\u00e3o em busca do conhecimento.<\/p>\n<p dir=\"ltr\" style=\"text-align: justify;\">A diretora do CEP\/UME, Julia Portari salientou que esse ve\u00edculo trar\u00e1 muitas oportunidades de agregar e enriquecer os conhecimentos dos\u00a0 alunos dos cursos t\u00e9cnicos, pois ajudar\u00e1 em atividades como visitas t\u00e9cnicas e estudos in loco com conforto e seguran\u00e7a.<\/p>\n<p dir=\"ltr\" style=\"text-align: justify;\">Carolina Colnago<\/p>\n<div class=\"gmail_signature\" dir=\"ltr\">\n<div dir=\"ltr\" style=\"text-align: justify;\">Assistente de Comunica\u00e7\u00e3o<br \/>\nFunda\u00e7\u00e3o Dracenense de Educa\u00e7\u00e3o e Cultura<\/div>\n<\/div>\n","protected":false},"excerpt":{"rendered":"<p>Prestes a completar 53 anos, a Fundec j\u00e1 comemora com a aquisi\u00e7\u00e3o de um novo micro-\u00f4nibus para o transporte dos alunos do Anglo-CID, CEP\/UME e Unifadra, bem como de seus colaboradores, durante atividades acad\u00eamicas e administrativas. O ve\u00edculo \u00e9 um micro-\u00f4nibus Marcopolo San Marino, modelo Volare FLY 10, 2020\/2021, 0 km, com capacidade de transporte [&hellip;]<\/p>\n","protected":false},"author":1,"featured_media":43879,"comment_status":"closed","ping_status":"open","sticky":false,"template":"","format":"standard","meta":{"footnotes":""},"categories":[110,122],"tags":[],"class_list":["post-43878","post","type-post","status-publish","format-standard","has-post-thumbnail","hentry","category-noticiasdestaque","category-saudeeducacaoeconcurso"],"_links":{"self":[{"href":"https:\/\/jorgezanoni.com.br\/2019\/wp-json\/wp\/v2\/posts\/43878","targetHints":{"allow":["GET"]}}],"collection":[{"href":"https:\/\/jorgezanoni.com.br\/2019\/wp-json\/wp\/v2\/posts"}],"about":[{"href":"https:\/\/jorgezanoni.com.br\/2019\/wp-json\/wp\/v2\/types\/post"}],"author":[{"embeddable":true,"href":"https:\/\/jorgezanoni.com.br\/2019\/wp-json\/wp\/v2\/users\/1"}],"replies":[{"embeddable":true,"href":"https:\/\/jorgezanoni.com.br\/2019\/wp-json\/wp\/v2\/comments?post=43878"}],"version-history":[{"count":0,"href":"https:\/\/jorgezanoni.com.br\/2019\/wp-json\/wp\/v2\/posts\/43878\/revisions"}],"wp:featuredmedia":[{"embeddable":true,"href":"https:\/\/jorgezanoni.com.br\/2019\/wp-json\/wp\/v2\/media\/43879"}],"wp:attachment":[{"href":"https:\/\/jorgezanoni.com.br\/2019\/wp-json\/wp\/v2\/media?parent=43878"}],"wp:term":[{"taxonomy":"category","embeddable":true,"href":"https:\/\/jorgezanoni.com.br\/2019\/wp-json\/wp\/v2\/categories?post=43878"},{"taxonomy":"post_tag","embeddable":true,"href":"https:\/\/jorgezanoni.com.br\/2019\/wp-json\/wp\/v2\/tags?post=43878"}],"curies":[{"name":"wp","href":"https:\/\/api.w.org\/{rel}","templated":true}]}}