{"id":43863,"date":"2021-03-01T13:48:28","date_gmt":"2021-03-01T13:48:28","guid":{"rendered":"https:\/\/jorgezanoni.com.br\/2019\/?p=43863"},"modified":"2021-03-01T13:48:28","modified_gmt":"2021-03-01T13:48:28","slug":"policia-militar-em-acao-da-forca-tatica-prende-homem-por-trafico-de-drogas-em-junqueiropolis","status":"publish","type":"post","link":"https:\/\/jorgezanoni.com.br\/2019\/policia-militar-em-acao-da-forca-tatica-prende-homem-por-trafico-de-drogas-em-junqueiropolis\/","title":{"rendered":"Pol\u00edcia Militar em a\u00e7\u00e3o da For\u00e7a T\u00e1tica prende homem por Tr\u00e1fico de Drogas em Junqueir\u00f3polis"},"content":{"rendered":"<p style=\"text-align: justify;\"><strong>Local : Rua das Rosas &#8211; CIDADE: Junqueir\u00f3polis &#8211; HOR\u00c1RIO: 20:03 hrs. &#8211;\u00a0AUTOR: 01 INDIV\u00cdDUO MASCULINO, 27ANOS.<\/strong><\/p>\n<p style=\"text-align: justify;\">Durante o patrulhamento de For\u00e7a T\u00e1tica pelo munic\u00edpio de Junqueir\u00f3polis, especificamente pelo Jardim Primavera, foi visualizado indiv\u00edduo com uma mochila vermelha nas costas e este, ao perceber a aproxima\u00e7\u00e3o da viatura, avan\u00e7ou sentido a casa localizada na Rua das Rosas sendo alcan\u00e7ado e abordado defronte a resid\u00eancia. Consigo, nada de il\u00edcito mas ao ser questionado disse morar ali, e entrevistado a respeito de drogas, disse que se ali houvesse algum, n\u00e3o seria de sua propriedade, mas seria do filho de sua convivente.. Questionado se este ali se encontrava, disse n\u00e3o saber, mas autorizando esta equipe a vistoriar o local, ou seja, efetuar busca domiciliar a fim de localizar drogas. Como o indiv\u00edduo n\u00e3o se encontrava naquele local, mas ao ser verificado o interior do forno do fog\u00e3o da moradia, foram localizadas v\u00e1rias por\u00e7\u00f5es envoltas em pl\u00e1stico transparente, balan\u00e7a de precis\u00e3o e rolo de pl\u00e1stico, tudo acondicionado em uma sacola de cor verde. O indiv\u00edduo abordado de 27 anos recebeu voz de pris\u00e3o, pois no momento da localiza\u00e7\u00e3o da droga, este confessou ter conhecimento que seu enteado comercializava drogas por peso, a cada 25g.<br \/>\nPris\u00e3o ratificada, indiv\u00edduo permaneceu a disposi\u00e7\u00e3o da Justi\u00e7a.<\/p>\n<p style=\"text-align: justify;\">#25BPMI<br \/>\n#POLICIAMILITARSP<br \/>\n#AFOR\u00c7AP\u00daBLICADES\u00c3OPAULO<br \/>\nCOMUNICA\u00c7\u00c3O SOCIAL DO 25BPMI<\/p>\n","protected":false},"excerpt":{"rendered":"<p>Local : Rua das Rosas &#8211; CIDADE: Junqueir\u00f3polis &#8211; HOR\u00c1RIO: 20:03 hrs. &#8211;\u00a0AUTOR: 01 INDIV\u00cdDUO MASCULINO, 27ANOS. Durante o patrulhamento de For\u00e7a T\u00e1tica pelo munic\u00edpio de Junqueir\u00f3polis, especificamente pelo Jardim Primavera, foi visualizado indiv\u00edduo com uma mochila vermelha nas costas e este, ao perceber a aproxima\u00e7\u00e3o da viatura, avan\u00e7ou sentido a casa localizada na Rua [&hellip;]<\/p>\n","protected":false},"author":1,"featured_media":43864,"comment_status":"closed","ping_status":"open","sticky":false,"template":"","format":"standard","meta":{"footnotes":""},"categories":[110,2],"tags":[],"class_list":["post-43863","post","type-post","status-publish","format-standard","has-post-thumbnail","hentry","category-noticiasdestaque","category-policial"],"_links":{"self":[{"href":"https:\/\/jorgezanoni.com.br\/2019\/wp-json\/wp\/v2\/posts\/43863","targetHints":{"allow":["GET"]}}],"collection":[{"href":"https:\/\/jorgezanoni.com.br\/2019\/wp-json\/wp\/v2\/posts"}],"about":[{"href":"https:\/\/jorgezanoni.com.br\/2019\/wp-json\/wp\/v2\/types\/post"}],"author":[{"embeddable":true,"href":"https:\/\/jorgezanoni.com.br\/2019\/wp-json\/wp\/v2\/users\/1"}],"replies":[{"embeddable":true,"href":"https:\/\/jorgezanoni.com.br\/2019\/wp-json\/wp\/v2\/comments?post=43863"}],"version-history":[{"count":0,"href":"https:\/\/jorgezanoni.com.br\/2019\/wp-json\/wp\/v2\/posts\/43863\/revisions"}],"wp:featuredmedia":[{"embeddable":true,"href":"https:\/\/jorgezanoni.com.br\/2019\/wp-json\/wp\/v2\/media\/43864"}],"wp:attachment":[{"href":"https:\/\/jorgezanoni.com.br\/2019\/wp-json\/wp\/v2\/media?parent=43863"}],"wp:term":[{"taxonomy":"category","embeddable":true,"href":"https:\/\/jorgezanoni.com.br\/2019\/wp-json\/wp\/v2\/categories?post=43863"},{"taxonomy":"post_tag","embeddable":true,"href":"https:\/\/jorgezanoni.com.br\/2019\/wp-json\/wp\/v2\/tags?post=43863"}],"curies":[{"name":"wp","href":"https:\/\/api.w.org\/{rel}","templated":true}]}}