{"id":43860,"date":"2021-03-01T13:36:18","date_gmt":"2021-03-01T13:36:18","guid":{"rendered":"https:\/\/jorgezanoni.com.br\/2019\/?p=43860"},"modified":"2021-03-01T13:36:18","modified_gmt":"2021-03-01T13:36:18","slug":"dracena-recebe-hoje-grade-com-1-350-doses-da-coronavac","status":"publish","type":"post","link":"https:\/\/jorgezanoni.com.br\/2019\/dracena-recebe-hoje-grade-com-1-350-doses-da-coronavac\/","title":{"rendered":"Dracena recebe hoje grade com 1.350 Doses da Coronavac"},"content":{"rendered":"<p><strong>\u00a0 \u00a0 \u00a0 \u00a0 \u00a0 \u00a0\u00a0<\/strong><\/p>\n<p style=\"text-align: justify;\"><strong>O imunizante ser\u00e1 para atender a segunda dose para os idosos maiores de 90 anos e parte do p\u00fablico de 77 a 79 anos que come\u00e7aram a ser vacinados.<\/strong><\/p>\n<p style=\"text-align: justify;\">Hoje, 1\u00b0, o munic\u00edpio de Dracena receber\u00e1 uma grade com 1.350 doses de vacinas do Laborat\u00f3rio Butantan (CoronaVac), referente \u00e0 segunda dose da fase 1 da campanha de vacina\u00e7\u00e3o covid 19. A informa\u00e7\u00e3o \u00e9 da enfermeira Karina Akiyama, da Vigil\u00e2ncia Epidemiol\u00f3gica.<\/p>\n<p style=\"text-align: justify;\">Ela explicou que essa grade atender\u00e1 a segunda dose para os idosos maiores de 90 anos e ainda para 37% do p\u00fablico de 77 a 79 anos que receber\u00e3o a vacina a partir de quarta-feira, dia 3.<\/p>\n<p style=\"text-align: justify;\">Fonte: Diretoria de Comunica\u00e7\u00e3o Prefeitura<\/p>\n<p style=\"text-align: justify;\">\n<p>&nbsp;<\/p>\n","protected":false},"excerpt":{"rendered":"<p>\u00a0 \u00a0 \u00a0 \u00a0 \u00a0 \u00a0\u00a0 O imunizante ser\u00e1 para atender a segunda dose para os idosos maiores de 90 anos e parte do p\u00fablico de 77 a 79 anos que come\u00e7aram a ser vacinados. Hoje, 1\u00b0, o munic\u00edpio de Dracena receber\u00e1 uma grade com 1.350 doses de vacinas do Laborat\u00f3rio Butantan (CoronaVac), referente \u00e0 [&hellip;]<\/p>\n","protected":false},"author":1,"featured_media":43861,"comment_status":"closed","ping_status":"open","sticky":false,"template":"","format":"standard","meta":{"footnotes":""},"categories":[179,184,110,122],"tags":[],"class_list":["post-43860","post","type-post","status-publish","format-standard","has-post-thumbnail","hentry","category-cidadeseregiao","category-dracena","category-noticiasdestaque","category-saudeeducacaoeconcurso"],"_links":{"self":[{"href":"https:\/\/jorgezanoni.com.br\/2019\/wp-json\/wp\/v2\/posts\/43860","targetHints":{"allow":["GET"]}}],"collection":[{"href":"https:\/\/jorgezanoni.com.br\/2019\/wp-json\/wp\/v2\/posts"}],"about":[{"href":"https:\/\/jorgezanoni.com.br\/2019\/wp-json\/wp\/v2\/types\/post"}],"author":[{"embeddable":true,"href":"https:\/\/jorgezanoni.com.br\/2019\/wp-json\/wp\/v2\/users\/1"}],"replies":[{"embeddable":true,"href":"https:\/\/jorgezanoni.com.br\/2019\/wp-json\/wp\/v2\/comments?post=43860"}],"version-history":[{"count":0,"href":"https:\/\/jorgezanoni.com.br\/2019\/wp-json\/wp\/v2\/posts\/43860\/revisions"}],"wp:featuredmedia":[{"embeddable":true,"href":"https:\/\/jorgezanoni.com.br\/2019\/wp-json\/wp\/v2\/media\/43861"}],"wp:attachment":[{"href":"https:\/\/jorgezanoni.com.br\/2019\/wp-json\/wp\/v2\/media?parent=43860"}],"wp:term":[{"taxonomy":"category","embeddable":true,"href":"https:\/\/jorgezanoni.com.br\/2019\/wp-json\/wp\/v2\/categories?post=43860"},{"taxonomy":"post_tag","embeddable":true,"href":"https:\/\/jorgezanoni.com.br\/2019\/wp-json\/wp\/v2\/tags?post=43860"}],"curies":[{"name":"wp","href":"https:\/\/api.w.org\/{rel}","templated":true}]}}