{"id":4385,"date":"2019-08-23T01:46:17","date_gmt":"2019-08-23T01:46:17","guid":{"rendered":"https:\/\/jorgezanoni.com.br\/2019\/?p=4385"},"modified":"2019-08-23T01:46:17","modified_gmt":"2019-08-23T01:46:17","slug":"forum-de-dracena-promove-ato-contra-pl-sobre-abuso-de-autoridade-por-agentes-publicos","status":"publish","type":"post","link":"https:\/\/jorgezanoni.com.br\/2019\/forum-de-dracena-promove-ato-contra-pl-sobre-abuso-de-autoridade-por-agentes-publicos\/","title":{"rendered":"F\u00f3rum de Dracena promove ato contra PL sobre abuso de autoridade por agentes p\u00fablicos"},"content":{"rendered":"<p><strong>MANIFESTA\u00c7\u00c3O CONTRA A LEI DE ABUSO DE AUTORIDADE.<\/strong><\/p>\n<p style=\"text-align: justify;\">Aconteceu nesta manh\u00e3 (22\/08) no Forum de Dracena, uma manifesta\u00e7\u00e3o do Poder Judici\u00e1rio, Pol\u00edcia Civil, Promotoria e funcion\u00e1rios desses \u00f3rg\u00e3os contra a lei de Abuso de Autoridade.<\/p>\n<p><img loading=\"lazy\" decoding=\"async\" class=\"alignnone size-full wp-image-4388\" src=\"https:\/\/jorgezanoni.com.br\/2019\/wp-content\/uploads\/2019\/08\/forum.jpg\" alt=\"\" width=\"960\" height=\"654\" srcset=\"https:\/\/jorgezanoni.com.br\/2019\/wp-content\/uploads\/2019\/08\/forum.jpg 960w, https:\/\/jorgezanoni.com.br\/2019\/wp-content\/uploads\/2019\/08\/forum-300x204.jpg 300w, https:\/\/jorgezanoni.com.br\/2019\/wp-content\/uploads\/2019\/08\/forum-768x523.jpg 768w, https:\/\/jorgezanoni.com.br\/2019\/wp-content\/uploads\/2019\/08\/forum-218x150.jpg 218w, https:\/\/jorgezanoni.com.br\/2019\/wp-content\/uploads\/2019\/08\/forum-696x474.jpg 696w, https:\/\/jorgezanoni.com.br\/2019\/wp-content\/uploads\/2019\/08\/forum-617x420.jpg 617w\" sizes=\"auto, (max-width: 960px) 100vw, 960px\" \/><\/p>\n<p style=\"text-align: justify;\">Membros do Poder Judici\u00e1rio, Minist\u00e9rio Publico e da Pol\u00edcia Civil falam sobre a lei de Abuso de Autoridade<\/p>\n<p style=\"text-align: justify;\">Segundo o juiz Dr. Marcus Fras\u00e3o, &#8220;N\u00e3o se quer afastar do poder judici\u00e1rio e das demais carreiras, as puni\u00e7\u00f5es quando efetivamente ocorrerem abusos. Apenas o que se questiona s\u00e3o alguns dispositivos dessa lei que s\u00e3o por demais abstratos, demais abertos, e por serem dessa forma, e por darem diversos tipos de interpreta\u00e7\u00f5es, eles podem criminalizar a atividade daqueles q<span class=\"text_exposed_show\">ue efetivamente investigam, promovem as a\u00e7\u00f5es penais e julgam as a\u00e7\u00f5es penais (desde policiais militares, pollicial civil, minist\u00e9rio p\u00fablico e at\u00e9 chegarem aos juizes). Esse tipos abertos podem gerar uma persegui\u00e7\u00e3o daqueles que efetivamente est\u00e3o fazendo um trabalho correto. O que se quer \u00e9 que esses tipos abertos sejam vetados pelo presidente ou declarados inconstitucionais, numa eventual a\u00e7\u00e3o ajuizada no Supremo Tribunal Federal. Existem abusos, e devem ser coibidos, n\u00e3o \u00e9 todo o projeto que est\u00e3o com os dispositivos problem\u00e1ticos, mas existem alguns que podem dificultar, melindrar as a\u00e7\u00f5es daqueles que efetivamente querem realizar a justi\u00e7a penal que \u00e9 t\u00e3o necess\u00e1ria num pais como o Brasil, que \u00e9 um pais que tem muita impunidade&#8221;<\/span><\/p>\n<p>Fotos: Jorge Zanoni e Jornal Interativo<\/p>\n<p style=\"text-align: justify;\">\n<p>&nbsp;<\/p>\n","protected":false},"excerpt":{"rendered":"<p>MANIFESTA\u00c7\u00c3O CONTRA A LEI DE ABUSO DE AUTORIDADE. Aconteceu nesta manh\u00e3 (22\/08) no Forum de Dracena, uma manifesta\u00e7\u00e3o do Poder Judici\u00e1rio, Pol\u00edcia Civil, Promotoria e funcion\u00e1rios desses \u00f3rg\u00e3os contra a lei de Abuso de Autoridade. Membros do Poder Judici\u00e1rio, Minist\u00e9rio Publico e da Pol\u00edcia Civil falam sobre a lei de Abuso de Autoridade Segundo o [&hellip;]<\/p>\n","protected":false},"author":1,"featured_media":4389,"comment_status":"closed","ping_status":"open","sticky":false,"template":"","format":"standard","meta":{"footnotes":""},"categories":[120,110],"tags":[],"class_list":["post-4385","post","type-post","status-publish","format-standard","has-post-thumbnail","hentry","category-justicahabitacaotecnologia","category-noticiasdestaque"],"_links":{"self":[{"href":"https:\/\/jorgezanoni.com.br\/2019\/wp-json\/wp\/v2\/posts\/4385","targetHints":{"allow":["GET"]}}],"collection":[{"href":"https:\/\/jorgezanoni.com.br\/2019\/wp-json\/wp\/v2\/posts"}],"about":[{"href":"https:\/\/jorgezanoni.com.br\/2019\/wp-json\/wp\/v2\/types\/post"}],"author":[{"embeddable":true,"href":"https:\/\/jorgezanoni.com.br\/2019\/wp-json\/wp\/v2\/users\/1"}],"replies":[{"embeddable":true,"href":"https:\/\/jorgezanoni.com.br\/2019\/wp-json\/wp\/v2\/comments?post=4385"}],"version-history":[{"count":0,"href":"https:\/\/jorgezanoni.com.br\/2019\/wp-json\/wp\/v2\/posts\/4385\/revisions"}],"wp:featuredmedia":[{"embeddable":true,"href":"https:\/\/jorgezanoni.com.br\/2019\/wp-json\/wp\/v2\/media\/4389"}],"wp:attachment":[{"href":"https:\/\/jorgezanoni.com.br\/2019\/wp-json\/wp\/v2\/media?parent=4385"}],"wp:term":[{"taxonomy":"category","embeddable":true,"href":"https:\/\/jorgezanoni.com.br\/2019\/wp-json\/wp\/v2\/categories?post=4385"},{"taxonomy":"post_tag","embeddable":true,"href":"https:\/\/jorgezanoni.com.br\/2019\/wp-json\/wp\/v2\/tags?post=4385"}],"curies":[{"name":"wp","href":"https:\/\/api.w.org\/{rel}","templated":true}]}}