{"id":4381,"date":"2019-08-23T01:14:52","date_gmt":"2019-08-23T01:14:52","guid":{"rendered":"https:\/\/jorgezanoni.com.br\/2019\/?p=4381"},"modified":"2019-08-23T01:14:52","modified_gmt":"2019-08-23T01:14:52","slug":"alunos-de-medicina-da-unifadra-fundec-de-dracena-serao-avaliados-pelo-renomado-hospital-sirio-libanes","status":"publish","type":"post","link":"https:\/\/jorgezanoni.com.br\/2019\/alunos-de-medicina-da-unifadra-fundec-de-dracena-serao-avaliados-pelo-renomado-hospital-sirio-libanes\/","title":{"rendered":"Alunos de Medicina da Unifadra\/Fundec de Dracena ser\u00e3o avaliados pelo renomado Hospital S\u00edrio-Lib\u00e2nes"},"content":{"rendered":"<p><strong>A coordenadora do curso de Medicina da Unifadra professora doutora Marilda Morgado de Abreu informou que o objetivo principal \u00e9 saber no que a Faculdade est\u00e1 falhando visando ter melhores m\u00e9dicos.<\/strong><\/p>\n<p><img loading=\"lazy\" decoding=\"async\" class=\"alignnone size-full wp-image-4382\" src=\"https:\/\/jorgezanoni.com.br\/2019\/wp-content\/uploads\/2019\/08\/sirio.jpg\" alt=\"\" width=\"1068\" height=\"712\" srcset=\"https:\/\/jorgezanoni.com.br\/2019\/wp-content\/uploads\/2019\/08\/sirio.jpg 1068w, https:\/\/jorgezanoni.com.br\/2019\/wp-content\/uploads\/2019\/08\/sirio-300x200.jpg 300w, https:\/\/jorgezanoni.com.br\/2019\/wp-content\/uploads\/2019\/08\/sirio-768x512.jpg 768w, https:\/\/jorgezanoni.com.br\/2019\/wp-content\/uploads\/2019\/08\/sirio-1024x683.jpg 1024w, https:\/\/jorgezanoni.com.br\/2019\/wp-content\/uploads\/2019\/08\/sirio-696x464.jpg 696w, https:\/\/jorgezanoni.com.br\/2019\/wp-content\/uploads\/2019\/08\/sirio-630x420.jpg 630w\" sizes=\"auto, (max-width: 1068px) 100vw, 1068px\" \/><\/p>\n<p style=\"text-align: justify;\">A implanta\u00e7\u00e3o da avalia\u00e7\u00e3o do renomado Hospital S\u00edrio-Lib\u00e2nes aos alunos de Medicina Faculdade Unifadra\/Fundec de Dracena foi apresentada na tarde de ontem, 21, pelo diretor de Ensino e Pesquisa do Hospital S\u00edrio-Liban\u00eas, Luiz Fernando Lima Reis. A palestra aconteceu no audit\u00f3rio da Fundec com a presen\u00e7a da imprensa.<\/p>\n<p style=\"text-align: justify;\">Os alunos de Medicina participar\u00e3o da avalia\u00e7\u00e3o denominada Question\u00e1rio M\u00e9dico On-line do Hospital S\u00edrio Liban\u00eas, Conselho Regional de Medicina do Estado de S\u00e3o Paulo (CREMESP) e da empresa National Board of Medical Examiners (NBME), nos dias 11 e 12 de setembro. Este question\u00e1rio pretende contribuir para o desenvolvimento de uma \u201cCultura da Avalia\u00e7\u00e3o\u201d, utilizando para tal a experi\u00eancia centen\u00e1ria do NBME. O teste n\u00e3o se trata de criar um ranking das melhores escolas ou alunos, nem t\u00e3o pouco discutir crit\u00e9rios ou notas m\u00ednimas para que o jovem m\u00e9dico possa exercer sua profiss\u00e3o. Trata-se de uma ferramenta que pretende ajudar escolas e alunos a identificar \u00e1reas do ensino que est\u00e3o adequadas e, acima de tudo, \u00e1reas que precisam ser aprimoradas.<\/p>\n<p style=\"text-align: justify;\">A avalia\u00e7\u00e3o \u00e9 feita em duas etapas: uma aplicada para alunos do terceiro ano de Medicina (chamada de QM1) e outra para alunos cursantes do quinto ano (QM2).<\/p>\n<p style=\"text-align: justify;\">Os alunos da Unifadra\/Fundec participar\u00e3o do QM1, uma vez que o curso possui turmas at\u00e9 o terceiro ano. A avalia\u00e7\u00e3o do QM1 aborda as ci\u00eancias b\u00e1sicas.<\/p>\n<p style=\"text-align: justify;\">As provas ser\u00e3o realizadas on-line, com gera\u00e7\u00e3o a partir de uma p\u00e1gina do NBME e os alunos far\u00e3o nas depend\u00eancias da Fundec\/Unifadra sem nenhum custo.<\/p>\n<p style=\"text-align: justify;\"><strong>MEDICINA DRACENA<\/strong><\/p>\n<p style=\"text-align: justify;\">A coordenadora do curso de Medicina da Unifadra professora doutora Marilda Morgado de Abreu informou que o objetivo principal \u00e9 saber no que a Faculdade est\u00e1 falhando. \u201cO que estamos acertando tamb\u00e9m saberemos, mas naquilo que estivermos falhando ser\u00e1 uma forma de buscarmos solu\u00e7\u00f5es para esses problemas. A import\u00e2ncia da parceira com o S\u00edrio-Liban\u00eas \u00e9 fant\u00e1stica quando voc\u00ea fala que est\u00e1 junto com o S\u00edrio isso dispensa coment\u00e1rios, uma institui\u00e7\u00e3o de renome nacional e internacional, que tem uma medicina de primeiro mundo. Temos que estar juntos deles e aprender com eles\u201d, comentou enaltecendo a iniciativa do hospital para colaborar com as escolas m\u00e9dicas.<\/p>\n<p style=\"text-align: justify;\">O diretor de Ensino e Pesquisa do Hospital S\u00edrio-Liban\u00eas, Luiz Fernando Lima Reis informou que o hospital tem em toda sua atua\u00e7\u00e3o um trip\u00e9 muito importante na assist\u00eancia, no ensino, na pesquisa e na responsabilidade social. \u201cA gente entende que as nossas a\u00e7\u00f5es de ensino e pesquisas s\u00e3o fundamentais para manter o conhecimento vivo dentro do hospital, mas tamb\u00e9m para contribuir com a melhoria do ensino na assist\u00eancia \u00e0 Sa\u00fade no Pa\u00eds como um todo, com padr\u00f5es de qualidade que oferecemos. O projeto \u00e9 fundamental para termos mais e melhores m\u00e9dicos\u201d, comentou.<\/p>\n<p>Fonte: Portal Regional<\/p>\n<p>Foto Portal Regional e Jorge Zanoni<\/p>\n","protected":false},"excerpt":{"rendered":"<p>A coordenadora do curso de Medicina da Unifadra professora doutora Marilda Morgado de Abreu informou que o objetivo principal \u00e9 saber no que a Faculdade est\u00e1 falhando visando ter melhores m\u00e9dicos. A implanta\u00e7\u00e3o da avalia\u00e7\u00e3o do renomado Hospital S\u00edrio-Lib\u00e2nes aos alunos de Medicina Faculdade Unifadra\/Fundec de Dracena foi apresentada na tarde de ontem, 21, pelo [&hellip;]<\/p>\n","protected":false},"author":1,"featured_media":4383,"comment_status":"closed","ping_status":"open","sticky":false,"template":"","format":"standard","meta":{"footnotes":""},"categories":[110,122],"tags":[],"class_list":["post-4381","post","type-post","status-publish","format-standard","has-post-thumbnail","hentry","category-noticiasdestaque","category-saudeeducacaoeconcurso"],"_links":{"self":[{"href":"https:\/\/jorgezanoni.com.br\/2019\/wp-json\/wp\/v2\/posts\/4381","targetHints":{"allow":["GET"]}}],"collection":[{"href":"https:\/\/jorgezanoni.com.br\/2019\/wp-json\/wp\/v2\/posts"}],"about":[{"href":"https:\/\/jorgezanoni.com.br\/2019\/wp-json\/wp\/v2\/types\/post"}],"author":[{"embeddable":true,"href":"https:\/\/jorgezanoni.com.br\/2019\/wp-json\/wp\/v2\/users\/1"}],"replies":[{"embeddable":true,"href":"https:\/\/jorgezanoni.com.br\/2019\/wp-json\/wp\/v2\/comments?post=4381"}],"version-history":[{"count":0,"href":"https:\/\/jorgezanoni.com.br\/2019\/wp-json\/wp\/v2\/posts\/4381\/revisions"}],"wp:featuredmedia":[{"embeddable":true,"href":"https:\/\/jorgezanoni.com.br\/2019\/wp-json\/wp\/v2\/media\/4383"}],"wp:attachment":[{"href":"https:\/\/jorgezanoni.com.br\/2019\/wp-json\/wp\/v2\/media?parent=4381"}],"wp:term":[{"taxonomy":"category","embeddable":true,"href":"https:\/\/jorgezanoni.com.br\/2019\/wp-json\/wp\/v2\/categories?post=4381"},{"taxonomy":"post_tag","embeddable":true,"href":"https:\/\/jorgezanoni.com.br\/2019\/wp-json\/wp\/v2\/tags?post=4381"}],"curies":[{"name":"wp","href":"https:\/\/api.w.org\/{rel}","templated":true}]}}