{"id":43766,"date":"2021-02-27T15:33:48","date_gmt":"2021-02-27T15:33:48","guid":{"rendered":"https:\/\/jorgezanoni.com.br\/2019\/?p=43766"},"modified":"2021-02-27T15:33:48","modified_gmt":"2021-02-27T15:33:48","slug":"buzios-rj-aposta-em-diagnostico-precoce-de-covid-e-zera-internacoes","status":"publish","type":"post","link":"https:\/\/jorgezanoni.com.br\/2019\/buzios-rj-aposta-em-diagnostico-precoce-de-covid-e-zera-internacoes\/","title":{"rendered":"B\u00fazios (RJ) aposta em diagn\u00f3stico precoce de covid e zera interna\u00e7\u00f5es"},"content":{"rendered":"<h2 class=\"subtitle\" style=\"text-align: justify;\"><strong>Segundo prefeito, pronto-atendimento e tratamento no in\u00edcio dos sintomas ajudou a reduzir n\u00famero de casos graves na cidade.<\/strong><\/h2>\n<p style=\"text-align: justify;\">A cidade de Arma\u00e7\u00e3o de B\u00fazios (RJ), na regi\u00e3o dos lagos, anunciou na semana passada que\u00a0<a title=\"zerou o n\u00famero de interna\u00e7\u00f5es por covid-19 na cidade\" href=\"https:\/\/noticias.r7.com\/rio-de-janeiro\/rj-buzios-diz-que-nao-tem-pacientes-internados-com-covid-19-18022021\" target=\"_self\" rel=\"noopener noreferrer\"><strong>zerou o n\u00famero de interna\u00e7\u00f5es por covid-19 na cidade<\/strong><\/a>. Em entrevista ao\u00a0<strong>R7,\u00a0<\/strong>o prefeito Alexandre Martins (Republicanos) revelou que o segredo para reduzir drasticamente os casos moderados e graves da doen\u00e7a \u00e9 fruto de um conjunto de a\u00e7\u00f5es, que incluem testagem e tratamento precoce.<\/p>\n<p style=\"text-align: justify;\">\u201cO segredo \u00e9 fazer o teste r\u00e1pido e tratar, al\u00e9m da fiscaliza\u00e7\u00e3o. Temos tr\u00eas tendas em que fazemos os atendimentos de pessoas com sintomas de gripe e j\u00e1 testamos e iniciamos o tratamento, conforme orienta\u00e7\u00e3o do conselho de medicina, que n\u00e3o tem rela\u00e7\u00e3o com cloroquina, evitando que evolua para um caso grave\u201d, detalha o prefeito.<\/p>\n<p style=\"text-align: justify;\">No boletim da \u00faltima quarta-feira (24), apenas oito casos haviam sido confirmados na cidade fluminense e n\u00e3o havia nenhum paciente internado com a doen\u00e7a.<\/p>\n<p style=\"text-align: justify;\">De acordo com o secret\u00e1rio de Sa\u00fade, Dr. Marcelo Amaral, as tendas ajudam a reduzir o fluxo dos pacientes suspeitos pelas unidades de sa\u00fade e hospitais em busca de atendimento, evitando a contamina\u00e7\u00e3o cruzada.<\/p>\n<p style=\"text-align: justify;\">\u201cQuando voc\u00ea tem um paciente com s\u00edndrome gripal, a gente cria um fluxo separado. Ent\u00e3o ele n\u00e3o precisa ir para o hospital, onde tem pessoas com outras doen\u00e7as, e podem acabar infectadas\u201d, afirma.<\/p>\n<p style=\"text-align: justify;\">Com 40 mil habitantes, a cidade chega a multiplicar sua popula\u00e7\u00e3o durante os feriados e per\u00edodos de f\u00e9rias. No Carnaval, segundo Amaral, a popula\u00e7\u00e3o ultrapassou os 100 mil habitantes. Mas as a\u00e7\u00f5es conjuntas com as autoridades de seguran\u00e7a p\u00fablica ajudaram a evitar a propaga\u00e7\u00e3o da doen\u00e7a e diminuir o n\u00famero de casos.<\/p>\n<p style=\"text-align: justify;\">\u201cHouve fechamento de estabelecimentos que n\u00e3o respeitaram os limites impostos pela prefeitura. A cidade tamb\u00e9m tem uma barreira que controla quem entra e quem sai, al\u00e9m de medir a temperatura. Ela acaba tendo um efeito quantitativo e moral importantes\u201d, afirmou o secret\u00e1rio.<\/p>\n<div class=\"intertitle\" style=\"text-align: justify;\">\n<h3>Medidas preventivas<\/h3>\n<\/div>\n<p style=\"text-align: justify;\">A redu\u00e7\u00e3o repentina dos casos de covid-19 na cidade n\u00e3o impede que a prefeitura continue o investimento nas a\u00e7\u00f5es preventivas.<\/p>\n<p style=\"text-align: justify;\">O prefeito afirma que uma das tendas, do bairro da Rasa, pr\u00f3xima ao hospital Rodolpho Periss\u00e9, ganhou leitos e foi ampliada para funcionar como um hospital de campanha. Segundo o secret\u00e1rio, o atendimento nas tendas \u00e9 feito em cinco etapas, dependendo do diagn\u00f3stico e do n\u00edvel dos sintomas dos pacientes.<\/p>\n<p style=\"text-align: justify;\">O chefe do executivo municipal diz acreditar que, apesar de a cidade ser pequena e receber um grande fluxo de turistas, esse modelo de atendimento pode ser adaptado a outras cidades do pa\u00eds, inclusive as mais populosas.<\/p>\n<p style=\"text-align: justify;\">\u201cEssas medidas nos mostraram que precisa segurar para n\u00e3o aumentar os casos. Estamos seguindo todas as orienta\u00e7\u00f5es, uso de m\u00e1scara e a fiscaliza\u00e7\u00e3o\u201d, explica o prefeito. &#8220;A grande jogada \u00e9 chegar no paciente no in\u00edcio dos sintomas\u201d, conclui o secret\u00e1rio de Sa\u00fade.<\/p>\n<div style=\"width: 352px;\" class=\"wp-video\"><video class=\"wp-video-shortcode\" id=\"video-43766-1\" width=\"352\" height=\"640\" preload=\"metadata\" controls=\"controls\"><source type=\"video\/mp4\" src=\"https:\/\/jorgezanoni.com.br\/2019\/wp-content\/uploads\/2021\/02\/WhatsApp-Video-2021-02-27-at-12.21.04.mp4?_=1\" \/><a href=\"https:\/\/jorgezanoni.com.br\/2019\/wp-content\/uploads\/2021\/02\/WhatsApp-Video-2021-02-27-at-12.21.04.mp4\">https:\/\/jorgezanoni.com.br\/2019\/wp-content\/uploads\/2021\/02\/WhatsApp-Video-2021-02-27-at-12.21.04.mp4<\/a><\/video><\/div>\n<p style=\"text-align: justify;\">Fonte: https:\/\/noticias.r7.com\/rio-de-janeiro\/buzios-rj-aposta-em-diagnostico-precoce-de-covid-e-zera-internacoes-25022021?amp<\/p>\n","protected":false},"excerpt":{"rendered":"<p>Segundo prefeito, pronto-atendimento e tratamento no in\u00edcio dos sintomas ajudou a reduzir n\u00famero de casos graves na cidade. A cidade de Arma\u00e7\u00e3o de B\u00fazios (RJ), na regi\u00e3o dos lagos, anunciou na semana passada que\u00a0zerou o n\u00famero de interna\u00e7\u00f5es por covid-19 na cidade. Em entrevista ao\u00a0R7,\u00a0o prefeito Alexandre Martins (Republicanos) revelou que o segredo para reduzir [&hellip;]<\/p>\n","protected":false},"author":1,"featured_media":43768,"comment_status":"closed","ping_status":"open","sticky":false,"template":"","format":"standard","meta":{"footnotes":""},"categories":[110,122],"tags":[],"class_list":["post-43766","post","type-post","status-publish","format-standard","has-post-thumbnail","hentry","category-noticiasdestaque","category-saudeeducacaoeconcurso"],"_links":{"self":[{"href":"https:\/\/jorgezanoni.com.br\/2019\/wp-json\/wp\/v2\/posts\/43766","targetHints":{"allow":["GET"]}}],"collection":[{"href":"https:\/\/jorgezanoni.com.br\/2019\/wp-json\/wp\/v2\/posts"}],"about":[{"href":"https:\/\/jorgezanoni.com.br\/2019\/wp-json\/wp\/v2\/types\/post"}],"author":[{"embeddable":true,"href":"https:\/\/jorgezanoni.com.br\/2019\/wp-json\/wp\/v2\/users\/1"}],"replies":[{"embeddable":true,"href":"https:\/\/jorgezanoni.com.br\/2019\/wp-json\/wp\/v2\/comments?post=43766"}],"version-history":[{"count":0,"href":"https:\/\/jorgezanoni.com.br\/2019\/wp-json\/wp\/v2\/posts\/43766\/revisions"}],"wp:featuredmedia":[{"embeddable":true,"href":"https:\/\/jorgezanoni.com.br\/2019\/wp-json\/wp\/v2\/media\/43768"}],"wp:attachment":[{"href":"https:\/\/jorgezanoni.com.br\/2019\/wp-json\/wp\/v2\/media?parent=43766"}],"wp:term":[{"taxonomy":"category","embeddable":true,"href":"https:\/\/jorgezanoni.com.br\/2019\/wp-json\/wp\/v2\/categories?post=43766"},{"taxonomy":"post_tag","embeddable":true,"href":"https:\/\/jorgezanoni.com.br\/2019\/wp-json\/wp\/v2\/tags?post=43766"}],"curies":[{"name":"wp","href":"https:\/\/api.w.org\/{rel}","templated":true}]}}