{"id":43762,"date":"2021-02-27T14:47:54","date_gmt":"2021-02-27T14:47:54","guid":{"rendered":"https:\/\/jorgezanoni.com.br\/2019\/?p=43762"},"modified":"2021-02-27T14:47:54","modified_gmt":"2021-02-27T14:47:54","slug":"policia-civil-prende-homem-suspeito-por-trafico-de-drogas-em-dracena","status":"publish","type":"post","link":"https:\/\/jorgezanoni.com.br\/2019\/policia-civil-prende-homem-suspeito-por-trafico-de-drogas-em-dracena\/","title":{"rendered":"Pol\u00edcia Civil prende homem suspeito por Tr\u00e1fico de Drogas em Dracena"},"content":{"rendered":"<p style=\"text-align: justify;\"><strong>POL\u00cdCIA CIVIL PRENDE HOMEM SUSPEITO POR TR\u00c1FICO DE DROGAS EM DRACENA.<\/strong><\/p>\n<p style=\"text-align: justify;\">A a\u00e7\u00e3o policial aconteceu numa resid\u00eancia do bairro Jardim Jussara. Um tablete de maconha, balan\u00e7a, celular e quantia aproximadamente de um mil reais em esp\u00e9cies foram apreendidos no local.<\/p>\n<p style=\"text-align: justify;\">A Pol\u00edcia Civil, por interm\u00e9dio das Unidades Especializadas (Delegacia de Investiga\u00e7\u00f5es Gerais &#8211; DIG; Delegacia de Investiga\u00e7\u00f5es Sobre Entorpecentes &#8211; DISE), nesta sexta-feira (26), prendeu em flagrante por tr\u00e1fico de drogas um homem, de 37 anos, durante o cumprimento de um mandado de busca e apreens\u00e3o. A a\u00e7\u00e3o policial aconteceu na resid\u00eancia do suspeito localizada bairro Jardim Jussara, em Dracena.<\/p>\n<p style=\"text-align: justify;\">Durante a a\u00e7\u00e3o de busca e apreens\u00e3o, os policiais civis encontraram escondido dentro da geladeira uma por\u00e7\u00e3o de maconha, em formato de tijolo, aparentando que havia sido fracionado, ainda no mesmo c\u00f4modo, sobre uma mesa foi localizado uma balan\u00e7a de precis\u00e3o contendo resqu\u00edcios do que parecia ser fragmentos de maconha. Um celular e a quantia de cerca de um mil reais tamb\u00e9m foram apreendidos.<\/p>\n<p style=\"text-align: justify;\">O homem era alvo de investiga\u00e7\u00f5es por suposto envolvimento em venda de drogas, que motivou a representa\u00e7\u00e3o pelo pedido de mandado de busca e apreens\u00e3o, que foi deferido e expedido pelo Justi\u00e7a da Comarca de Dracena.<\/p>\n<p style=\"text-align: justify;\">Na casa tamb\u00e9m foi detido um outro homem, de 20 anos, que alegou estava naquele local para consumir droga. Um cigarro de maconha, parcialmente consumido foi apreendido com ele.<\/p>\n<p style=\"text-align: justify;\">Todo material e os dois suspeitos foram conduzidos \u00e0 sede das Unidades Especializadas. Na Delegacia o homem, de 37 anos, teve a voz de pris\u00e3o em flagrante ratificada e ele foi autuado por tr\u00e1fico de drogas, ficando \u00e0 disposi\u00e7\u00e3o da Justi\u00e7a. Outro indiv\u00edduo que havia sido detido, foi ouvido e liberado ap\u00f3s assinar um termo de compromisso, no qual responder\u00e1 por posse de drogas.<\/p>\n<p>Den\u00fancias: As den\u00fancias sobre tr\u00e1fico de drogas podem ser feitas pelo n\u00famero 181, o Disque-Den\u00fancia da Secretaria da Seguran\u00e7a P\u00fablica ou pelo telefone (18) 3821 3753, da Delegacia Investiga\u00e7\u00e3o Sobre Entorpecentes &#8211; DISE. O sigilo e o anonimato s\u00e3o garantidos.<\/p>\n<p><img loading=\"lazy\" decoding=\"async\" class=\"alignnone size-full wp-image-43763\" src=\"https:\/\/jorgezanoni.com.br\/2019\/wp-content\/uploads\/2021\/02\/trafico-1.jpg\" alt=\"\" width=\"1152\" height=\"838\" srcset=\"https:\/\/jorgezanoni.com.br\/2019\/wp-content\/uploads\/2021\/02\/trafico-1.jpg 1152w, https:\/\/jorgezanoni.com.br\/2019\/wp-content\/uploads\/2021\/02\/trafico-1-300x218.jpg 300w, https:\/\/jorgezanoni.com.br\/2019\/wp-content\/uploads\/2021\/02\/trafico-1-1024x745.jpg 1024w, https:\/\/jorgezanoni.com.br\/2019\/wp-content\/uploads\/2021\/02\/trafico-1-768x559.jpg 768w, https:\/\/jorgezanoni.com.br\/2019\/wp-content\/uploads\/2021\/02\/trafico-1-324x235.jpg 324w, https:\/\/jorgezanoni.com.br\/2019\/wp-content\/uploads\/2021\/02\/trafico-1-696x506.jpg 696w, https:\/\/jorgezanoni.com.br\/2019\/wp-content\/uploads\/2021\/02\/trafico-1-1068x777.jpg 1068w, https:\/\/jorgezanoni.com.br\/2019\/wp-content\/uploads\/2021\/02\/trafico-1-577x420.jpg 577w\" sizes=\"auto, (max-width: 1152px) 100vw, 1152px\" \/><\/p>\n<p style=\"text-align: justify;\">Fonte: Com. Social Pol\u00edcia Civil<\/p>\n","protected":false},"excerpt":{"rendered":"<p>POL\u00cdCIA CIVIL PRENDE HOMEM SUSPEITO POR TR\u00c1FICO DE DROGAS EM DRACENA. A a\u00e7\u00e3o policial aconteceu numa resid\u00eancia do bairro Jardim Jussara. Um tablete de maconha, balan\u00e7a, celular e quantia aproximadamente de um mil reais em esp\u00e9cies foram apreendidos no local. A Pol\u00edcia Civil, por interm\u00e9dio das Unidades Especializadas (Delegacia de Investiga\u00e7\u00f5es Gerais &#8211; DIG; Delegacia [&hellip;]<\/p>\n","protected":false},"author":1,"featured_media":43764,"comment_status":"closed","ping_status":"open","sticky":false,"template":"","format":"standard","meta":{"footnotes":""},"categories":[110,2],"tags":[],"class_list":["post-43762","post","type-post","status-publish","format-standard","has-post-thumbnail","hentry","category-noticiasdestaque","category-policial"],"_links":{"self":[{"href":"https:\/\/jorgezanoni.com.br\/2019\/wp-json\/wp\/v2\/posts\/43762","targetHints":{"allow":["GET"]}}],"collection":[{"href":"https:\/\/jorgezanoni.com.br\/2019\/wp-json\/wp\/v2\/posts"}],"about":[{"href":"https:\/\/jorgezanoni.com.br\/2019\/wp-json\/wp\/v2\/types\/post"}],"author":[{"embeddable":true,"href":"https:\/\/jorgezanoni.com.br\/2019\/wp-json\/wp\/v2\/users\/1"}],"replies":[{"embeddable":true,"href":"https:\/\/jorgezanoni.com.br\/2019\/wp-json\/wp\/v2\/comments?post=43762"}],"version-history":[{"count":0,"href":"https:\/\/jorgezanoni.com.br\/2019\/wp-json\/wp\/v2\/posts\/43762\/revisions"}],"wp:featuredmedia":[{"embeddable":true,"href":"https:\/\/jorgezanoni.com.br\/2019\/wp-json\/wp\/v2\/media\/43764"}],"wp:attachment":[{"href":"https:\/\/jorgezanoni.com.br\/2019\/wp-json\/wp\/v2\/media?parent=43762"}],"wp:term":[{"taxonomy":"category","embeddable":true,"href":"https:\/\/jorgezanoni.com.br\/2019\/wp-json\/wp\/v2\/categories?post=43762"},{"taxonomy":"post_tag","embeddable":true,"href":"https:\/\/jorgezanoni.com.br\/2019\/wp-json\/wp\/v2\/tags?post=43762"}],"curies":[{"name":"wp","href":"https:\/\/api.w.org\/{rel}","templated":true}]}}