{"id":43755,"date":"2021-02-27T01:53:11","date_gmt":"2021-02-27T01:53:11","guid":{"rendered":"https:\/\/jorgezanoni.com.br\/2019\/?p=43755"},"modified":"2021-02-27T01:55:29","modified_gmt":"2021-02-27T01:55:29","slug":"andre-lemos-prefeito-de-dracena-testa-positivo-para-covid-19","status":"publish","type":"post","link":"https:\/\/jorgezanoni.com.br\/2019\/andre-lemos-prefeito-de-dracena-testa-positivo-para-covid-19\/","title":{"rendered":"Andr\u00e9 Lemos, prefeito de Dracena testa positivo para COVID-19"},"content":{"rendered":"<p style=\"text-align: justify;\">O Prefeito de Dracena Andr\u00e9 Lemos, testou positivo para a COVID-19. Ele mesmo anunciou em pronunciamento em uma Live feita hoje (26) no per\u00edodo da tarde.<\/p>\n<p style=\"text-align: justify;\">Andr\u00e9 disse que come\u00e7ou com uma pequena tosse, fez exame na \u00faltima segunda-feira e deu negativo e at\u00e9 ontem estava sem sintomas. Hoje na hora do almo\u00e7o quando despachava na Prefeitura come\u00e7ou a ter estado febril e passou novamente por exame que testou positivo.<\/p>\n<p style=\"text-align: justify;\">Informou ainda que vai trabalhar Home Office em sua resid\u00eancia, pediu a ora\u00e7\u00e3o de todos os Dracenenses e espera estar recuperado em breve.<\/p>\n<p style=\"text-align: justify;\">Caso haja necessidade de um internamento, o vice-prefeito Guido Baggio assume as fun\u00e7\u00f5es.<\/p>\n<p style=\"text-align: justify;\">O Site JZ deseja que o prefeito se recupere logo e volte \u00e0s suas atividades normais.<\/p>\n<p style=\"text-align: justify;\">Jorge Zanoni<\/p>\n<p>&nbsp;<\/p>\n","protected":false},"excerpt":{"rendered":"<p>O Prefeito de Dracena Andr\u00e9 Lemos, testou positivo para a COVID-19. Ele mesmo anunciou em pronunciamento em uma Live feita hoje (26) no per\u00edodo da tarde. Andr\u00e9 disse que come\u00e7ou com uma pequena tosse, fez exame na \u00faltima segunda-feira e deu negativo e at\u00e9 ontem estava sem sintomas. Hoje na hora do almo\u00e7o quando despachava [&hellip;]<\/p>\n","protected":false},"author":1,"featured_media":43756,"comment_status":"closed","ping_status":"open","sticky":false,"template":"","format":"standard","meta":{"footnotes":""},"categories":[179,184,110,116],"tags":[],"class_list":["post-43755","post","type-post","status-publish","format-standard","has-post-thumbnail","hentry","category-cidadeseregiao","category-dracena","category-noticiasdestaque","category-politicaeeconomia"],"_links":{"self":[{"href":"https:\/\/jorgezanoni.com.br\/2019\/wp-json\/wp\/v2\/posts\/43755","targetHints":{"allow":["GET"]}}],"collection":[{"href":"https:\/\/jorgezanoni.com.br\/2019\/wp-json\/wp\/v2\/posts"}],"about":[{"href":"https:\/\/jorgezanoni.com.br\/2019\/wp-json\/wp\/v2\/types\/post"}],"author":[{"embeddable":true,"href":"https:\/\/jorgezanoni.com.br\/2019\/wp-json\/wp\/v2\/users\/1"}],"replies":[{"embeddable":true,"href":"https:\/\/jorgezanoni.com.br\/2019\/wp-json\/wp\/v2\/comments?post=43755"}],"version-history":[{"count":0,"href":"https:\/\/jorgezanoni.com.br\/2019\/wp-json\/wp\/v2\/posts\/43755\/revisions"}],"wp:featuredmedia":[{"embeddable":true,"href":"https:\/\/jorgezanoni.com.br\/2019\/wp-json\/wp\/v2\/media\/43756"}],"wp:attachment":[{"href":"https:\/\/jorgezanoni.com.br\/2019\/wp-json\/wp\/v2\/media?parent=43755"}],"wp:term":[{"taxonomy":"category","embeddable":true,"href":"https:\/\/jorgezanoni.com.br\/2019\/wp-json\/wp\/v2\/categories?post=43755"},{"taxonomy":"post_tag","embeddable":true,"href":"https:\/\/jorgezanoni.com.br\/2019\/wp-json\/wp\/v2\/tags?post=43755"}],"curies":[{"name":"wp","href":"https:\/\/api.w.org\/{rel}","templated":true}]}}