{"id":43744,"date":"2021-02-26T16:52:43","date_gmt":"2021-02-26T16:52:43","guid":{"rendered":"https:\/\/jorgezanoni.com.br\/2019\/?p=43744"},"modified":"2021-02-26T16:52:43","modified_gmt":"2021-02-26T16:52:43","slug":"municipios-do-drs-de-marilia-regridem-e-todo-o-oeste-paulista-e-rebaixado-para-a-fase-vermelha-do-plano-sao-paulo","status":"publish","type":"post","link":"https:\/\/jorgezanoni.com.br\/2019\/municipios-do-drs-de-marilia-regridem-e-todo-o-oeste-paulista-e-rebaixado-para-a-fase-vermelha-do-plano-sao-paulo\/","title":{"rendered":"Munic\u00edpios do DRS de Mar\u00edlia regridem e todo o Oeste Paulista \u00e9 rebaixado para a fase vermelha do Plano S\u00e3o Paulo"},"content":{"rendered":"<div class=\"mc-column content-text active-extra-styles \" data-block-type=\"unstyled\" data-block-weight=\"27\" data-block-id=\"2\">\n<p class=\"content-text__container \" style=\"text-align: justify;\" data-track-category=\"Link no Texto\" data-track-links=\"\">O governo do Estado de S\u00e3o Paulo anunciou, nesta sexta-feira (26), mais uma atualiza\u00e7\u00e3o do programa de flexibiliza\u00e7\u00e3o da quarentena decorrente da pandemia do novo coronav\u00edrus.<\/p>\n<\/div>\n<div class=\"wall protected-content\">\n<div class=\"mc-column content-text active-extra-styles \" style=\"text-align: justify;\" data-block-type=\"unstyled\" data-block-weight=\"45\" data-block-id=\"3\">\n<p class=\"content-text__container \" data-track-category=\"Link no Texto\" data-track-links=\"\">Os 44 munic\u00edpios do Oeste Paulista vinculados ao Departamento Regional de Sa\u00fade (DRS) de Presidente Prudente continuam na fase vermelha, enquanto os 12 munic\u00edpios da Nova Alta Paulista vinculados ao DRS de Mar\u00edlia regrediram da etapa laranja para a vermelha do Plano S\u00e3o Paulo.<\/p>\n<\/div>\n<div class=\"mc-column content-text active-extra-styles \" style=\"text-align: justify;\" data-block-type=\"unstyled\" data-block-weight=\"37\" data-block-id=\"4\">\n<p class=\"content-text__container \" data-track-category=\"Link no Texto\" data-track-links=\"\">Sendo assim, todas as 56 cidades do Oeste Paulista ficam na fase vermelha, a mais restritiva do Plano S\u00e3o Paulo, na qual somente os servi\u00e7os considerados essenciais t\u00eam permiss\u00e3o para funcionar e o com\u00e9rcio n\u00e3o pode abrir.<\/p>\n<\/div>\n<div class=\"mc-column content-text active-extra-styles\" style=\"text-align: justify;\" data-block-type=\"raw\" data-block-weight=\"121\" data-block-id=\"5\">\n<blockquote class=\"content-blockquote theme-border-color-primary-before\"><p>\u201cEu n\u00e3o preciso discorrer sobre a gravidade do momento porque todos sabem disso. Os ve\u00edculos de comunica\u00e7\u00e3o e as pessoas s\u00e9rias deste pa\u00eds sabem que, infelizmente, estamos vivendo um per\u00edodo de agravamento nessa segunda onda da pandemia. Dados essa circunst\u00e2ncia e o aumento da ocupa\u00e7\u00e3o de leitos prim\u00e1rios e, especialmente, de UTI no Estado de S\u00e3o Paulo, seis regi\u00f5es regrediram de fase: Grande S\u00e3o Paulo, Campinas, Sorocaba e Registro, foram da fase amarela para a fase laranja; Mar\u00edlia e Ribeir\u00e3o Preto foram da fase laranja para a fase vermelha. Somente a regi\u00e3o de Piracicaba apresentou melhora, progredindo para a fase amarela. O restante do Estado permaneceu est\u00e1vel\u201d, anunciou o governador Jo\u00e3o Doria Junior (PSDB) em entrevista coletiva no Pal\u00e1cio dos Bandeirantes.<\/p><\/blockquote>\n<\/div>\n<div class=\"mc-column content-text active-extra-styles \" style=\"text-align: justify;\" data-block-type=\"unstyled\" data-block-weight=\"30\" data-block-id=\"7\">\n<p class=\"content-text__container \" data-track-category=\"Link no Texto\" data-track-links=\"\">Na fase vermelha, t\u00eam permiss\u00e3o para funcionar apenas as atividades consideradas essenciais. Os servi\u00e7os classificados como n\u00e3o essenciais, entre os quais est\u00e1 inclu\u00eddo o com\u00e9rcio, n\u00e3o podem abrir as portas.<\/p>\n<\/div>\n<div class=\"mc-column content-text active-extra-styles \" style=\"text-align: justify;\" data-block-type=\"unstyled\" data-block-weight=\"25\" data-block-id=\"8\">\n<p class=\"content-text__container \" data-track-category=\"Link no Texto\" data-track-links=\"\">A secret\u00e1ria de Desenvolvimento Econ\u00f4mico do Estado de S\u00e3o Paulo, Patr\u00edcia Ellen da Silva, lembrou que a pandemia do novo coronav\u00edrus est\u00e1 completando um ano.<\/p>\n<\/div>\n<div class=\"mc-column content-text active-extra-styles\" style=\"text-align: justify;\" data-block-type=\"raw\" data-block-weight=\"60\" data-block-id=\"9\">\n<blockquote class=\"content-blockquote theme-border-color-primary-before\"><p>&#8220;Eu sei que n\u00e3o tem sido f\u00e1cil, mas n\u00f3s precisamos pedir a colabora\u00e7\u00e3o da popula\u00e7\u00e3o, mais resili\u00eancia, porque \u00e9 um m\u00eas que vai ser muito dif\u00edcil para todos n\u00f3s. N\u00f3s j\u00e1 estamos exaustos, com muitos desafios na economia, a vacina chegando, a esperan\u00e7a chegando, mas ainda com uma pandemia crescendo e numa velocidade que n\u00f3s ainda n\u00e3o t\u00ednhamos visto&#8221;, afirmou.<\/p><\/blockquote>\n<\/div>\n<div class=\"mc-column content-text active-extra-styles \" style=\"text-align: justify;\" data-block-type=\"unstyled\" data-block-weight=\"71\" data-block-id=\"10\">\n<p class=\"content-text__container \" data-track-category=\"Link no Texto\" data-track-links=\"\">&#8220;Os indicadores comprovam o agravamento da pandemia no Estado de S\u00e3o Paulo. N\u00f3s alcan\u00e7amos uma ocupa\u00e7\u00e3o m\u00e9dia de leitos acima de 70% e uma piora grande em algumas regi\u00f5es espec\u00edficas. Vemos a regi\u00e3o de Mar\u00edlia, regi\u00e3o de Ribeir\u00e3o Preto, chegando a uma taxa de ocupa\u00e7\u00e3o de leitos de cerca de 80% em ambos os casos, e ambas as regi\u00f5es est\u00e3o passando para a fase vermelha do Plano S\u00e3o Paulo&#8221;, explicou Patr\u00edcia.<\/p>\n<\/div>\n<div class=\"mc-column content-text active-extra-styles\" style=\"text-align: justify;\" data-block-type=\"raw\" data-block-weight=\"39\" data-block-id=\"11\">\n<blockquote class=\"content-blockquote theme-border-color-primary-before\"><p>&#8220;A gente teve, ao longo desses \u00faltimos dias, uma expans\u00e3o no interior, tendo mais regi\u00f5es impactadas e tamb\u00e9m o avan\u00e7o da pandemia na Grande S\u00e3o Paulo&#8221;, disse o secret\u00e1rio de Desenvolvimento Regional do Estado de S\u00e3o Paulo, Marco Vinholi.<\/p><\/blockquote>\n<\/div>\n<div class=\"mc-column content-text active-extra-styles \" style=\"text-align: justify;\" data-block-type=\"unstyled\" data-block-weight=\"36\" data-block-id=\"12\">\n<p class=\"content-text__container \" data-track-category=\"Link no Texto\" data-track-links=\"\">O governo de S\u00e3o Paulo determinou a restri\u00e7\u00e3o de circula\u00e7\u00e3o das 23h \u00e0s 5h em todo o Estado.\u00a0<a href=\"https:\/\/g1.globo.com\/sp\/sao-paulo\/noticia\/2021\/02\/24\/governo-de-sp-determina-restricao-de-circulacao-das-23h-as-5h-em-todo-o-estado-a-partir-de-sexta-feira.ghtml\">A regra entra em vigor a partir desta sexta-feira (26) e valer\u00e1 at\u00e9 o dia 14 de mar\u00e7o<\/a>.<\/p>\n<\/div>\n<div class=\"mc-column content-text active-extra-styles \" style=\"text-align: justify;\" data-block-type=\"unstyled\" data-block-weight=\"39\" data-block-id=\"13\">\n<p class=\"content-text__container \" data-track-category=\"Link no Texto\" data-track-links=\"\">Anunciada na \u00faltima quarta (24),\u00a0<a href=\"https:\/\/g1.globo.com\/sp\/sao-paulo\/noticia\/2021\/02\/22\/sp-tem-aumento-de-pacientes-internados-em-uti-com-covid-19-e-governo-diz-que-vai-endurecer-quarentena-na-quarta.ghtml\">a medida \u00e9 complementar ao plano de flexibiliza\u00e7\u00e3o econ\u00f4mica e ocorre ap\u00f3s o Estado registrar o maior n\u00famero de pacientes com Covid-19 internados em Unidades de Terapia Intensiva (UTI) desde o in\u00edcio da pandemia<\/a>.<\/p>\n<\/div>\n<div class=\"mc-column content-text active-extra-styles\" style=\"text-align: justify;\" data-block-type=\"raw\" data-block-weight=\"19\" data-block-id=\"15\">\n<ul class=\"content-unordered-list\">\n<li><a href=\"https:\/\/g1.globo.com\/sp\/sao-paulo\/noticia\/2021\/02\/24\/governo-de-sp-determina-restricao-de-circulacao-das-23h-as-5h-em-todo-o-estado-a-partir-de-sexta-feira.ghtml\">Governo de SP determina restri\u00e7\u00e3o de circula\u00e7\u00e3o das 23h \u00e0s 5h em todo o Estado a partir de sexta-feira<\/a><\/li>\n<\/ul>\n<\/div>\n<div class=\"mc-column content-text active-extra-styles\" style=\"text-align: justify;\" data-block-type=\"raw\" data-block-weight=\"1\" data-block-id=\"16\">\n<div class=\"content-intertitle\">\n<h2>Abrang\u00eancia<\/h2>\n<\/div>\n<\/div>\n<div class=\"mc-column content-text active-extra-styles \" style=\"text-align: justify;\" data-block-type=\"unstyled\" data-block-weight=\"12\" data-block-id=\"17\">\n<p class=\"content-text__container \" data-track-category=\"Link no Texto\" data-track-links=\"\">Ao Departamento Regional de Sa\u00fade de Presidente Prudente pertencem as seguintes cidades:<\/p>\n<\/div>\n<div class=\"mc-column content-text active-extra-styles\" style=\"text-align: justify;\" data-block-type=\"raw\" data-block-weight=\"75\" data-block-id=\"18\">\n<ul class=\"content-unordered-list\">\n<li>Alfredo Marcondes<\/li>\n<li>\u00c1lvares Machado<\/li>\n<li>Anhumas<\/li>\n<li>Caiabu<\/li>\n<li>Caiu\u00e1<\/li>\n<li>Dracena<\/li>\n<li>Emilian\u00f3polis<\/li>\n<li>Estrela do Norte<\/li>\n<li>Euclides da Cunha Paulista<\/li>\n<li>Flora Rica<\/li>\n<li>Iep\u00ea<\/li>\n<li>Indiana<\/li>\n<li>Irapuru<\/li>\n<li>Jo\u00e3o Ramalho<\/li>\n<li>Junqueir\u00f3polis<\/li>\n<li>Marab\u00e1 Paulista<\/li>\n<li>Martin\u00f3polis<\/li>\n<li>Mirante do Paranapanema<\/li>\n<li>Monte Castelo<\/li>\n<li>Nantes<\/li>\n<li>Narandiba<\/li>\n<li>Nova Guataporanga<\/li>\n<li>Ouro Verde<\/li>\n<li>Panorama<\/li>\n<li>Paulic\u00e9ia<\/li>\n<li>Piquerobi<\/li>\n<li>Pirapozinho<\/li>\n<li>Presidente Bernardes<\/li>\n<li>Presidente Epit\u00e1cio<\/li>\n<li>Presidente Prudente<\/li>\n<li>Presidente Venceslau<\/li>\n<li>Rancharia<\/li>\n<li>Regente Feij\u00f3<\/li>\n<li>Ribeir\u00e3o dos \u00cdndios<\/li>\n<li>Rosana<\/li>\n<li>Sandovalina<\/li>\n<li>Santa Mercedes<\/li>\n<li>Santo Anast\u00e1cio<\/li>\n<li>Santo Expedito<\/li>\n<li>S\u00e3o Jo\u00e3o do Pau D&#8217;alho<\/li>\n<li>Taciba<\/li>\n<li>Tarabai<\/li>\n<li>Teodoro Sampaio<\/li>\n<li>Tupi Paulista<\/li>\n<\/ul>\n<\/div>\n<div class=\"mc-column content-text active-extra-styles \" style=\"text-align: justify;\" data-block-type=\"unstyled\" data-block-weight=\"13\" data-block-id=\"19\">\n<p class=\"content-text__container \" data-track-category=\"Link no Texto\" data-track-links=\"\">J\u00e1 as cidades do Oeste Paulista que pertencem ao DRS de Mar\u00edlia s\u00e3o:<\/p>\n<\/div>\n<div class=\"mc-column content-text active-extra-styles\" style=\"text-align: justify;\" data-block-type=\"raw\" data-block-weight=\"15\" data-block-id=\"20\">\n<ul class=\"content-unordered-list\">\n<li>Adamantina<\/li>\n<li>Fl\u00f3rida Paulista<\/li>\n<li>In\u00fabia Paulista<\/li>\n<li>Luc\u00e9lia<\/li>\n<li>Mari\u00e1polis<\/li>\n<li>Osvaldo Cruz<\/li>\n<li>Pacaembu<\/li>\n<li>Parapu\u00e3<\/li>\n<li>Pracinha<\/li>\n<li>Rin\u00f3polis<\/li>\n<li>Sagres<\/li>\n<li>Salmour\u00e3o<\/li>\n<\/ul>\n<\/div>\n<div class=\"mc-column content-text active-extra-styles \" style=\"text-align: justify;\" data-block-type=\"unstyled\" data-block-weight=\"192\" data-block-id=\"21\">\n<p class=\"content-text__container \" data-track-category=\"Link no Texto\" data-track-links=\"\">Quando come\u00e7aram as atualiza\u00e7\u00f5es do Plano S\u00e3o Paulo, em 27 de maio de 2020, os 44 munic\u00edpios do Oeste Paulista vinculados ao DRS de Presidente Prudente estavam classificados na fase amarela. Depois, em 10 de junho, regrediram para a fase vermelha, na qual permaneceram at\u00e9 10 de julho, quando subiram para a etapa laranja. Esta regi\u00e3o continuou estagnada, sem evolu\u00e7\u00e3o ou decr\u00e9scimo, na fase laranja, at\u00e9 conseguir passar para a etapa amarela no dia 4 de setembro. Em 22 de dezembro, o DRS de Presidente Prudente recuou para a fase vermelha, a mais restritiva do Plano S\u00e3o Paulo. No dia 8 de janeiro de 2021, na primeira atualiza\u00e7\u00e3o do Plano S\u00e3o Paulo neste ano, o DRS de Presidente Prudente evoluiu para a fase laranja, etapa em que foi mantido em 15 de janeiro. No entanto, no dia 22 de janeiro, houve o regresso para a fase vermelha. A mesma regi\u00e3o teve evolu\u00e7\u00f5es em duas semanas consecutivas: em 29 de janeiro, foi para a fase laranja, enquanto em 5 de fevereiro subiu para a etapa amarela. Na \u00faltima sexta-feira (19), houve o regresso para a etapa vermelha, que foi mantida nesta sexta-feira (26).<\/p>\n<\/div>\n<div class=\"mc-column content-text active-extra-styles \" data-block-type=\"unstyled\" data-block-weight=\"175\" data-block-id=\"23\">\n<p class=\"content-text__container \" style=\"text-align: justify;\" data-track-category=\"Link no Texto\" data-track-links=\"\">J\u00e1 os 12 munic\u00edpios do Oeste Paulista atrelados ao DRS de Mar\u00edlia come\u00e7aram, em 27 de maio do ano passado, na fase laranja. Em 19 de junho, deca\u00edram para a fase vermelha. Em 10 de julho, subiram para a fase laranja, na qual ficaram at\u00e9 a atualiza\u00e7\u00e3o feita em 7 de agosto, quando evolu\u00edram pela primeira vez para a etapa amarela. No dia 21 de agosto, voltaram a regredir para a fase laranja, na qual permaneceram at\u00e9 o dia 4 de setembro, quando retornaram para a etapa amarela. Na atualiza\u00e7\u00e3o do Plano S\u00e3o Paulo feita em 22 de dezembro, o governo do Estado manteve o DRS de Mar\u00edlia na fase amarela. No dia 8 de janeiro, houve o recuo para a etapa laranja e, uma semana depois, mais um regresso, para a fase vermelha, que foi mantida no dia 22 de janeiro e uma semana depois. No dia 5 de fevereiro, houve o avan\u00e7o para a fase laranja, que foi mantida na \u00faltima sexta-feira (19). Nesta sexta-feira (26), a regi\u00e3o caiu para a fase vermelha.<\/p>\n<p style=\"text-align: justify;\" data-track-category=\"Link no Texto\" data-track-links=\"\">Fonte: https:\/\/g1.globo.com\/sp\/presidente-prudente-regiao\/noticia\/2021\/02\/26\/municipios-do-drs-de-marilia-regridem-e-todo-o-oeste-paulista-e-rebaixado-para-a-fase-vermelha-do-plano-sao-paulo.ghtml<\/p>\n<\/div>\n<\/div>\n","protected":false},"excerpt":{"rendered":"<p>O governo do Estado de S\u00e3o Paulo anunciou, nesta sexta-feira (26), mais uma atualiza\u00e7\u00e3o do programa de flexibiliza\u00e7\u00e3o da quarentena decorrente da pandemia do novo coronav\u00edrus. Os 44 munic\u00edpios do Oeste Paulista vinculados ao Departamento Regional de Sa\u00fade (DRS) de Presidente Prudente continuam na fase vermelha, enquanto os 12 munic\u00edpios da Nova Alta Paulista vinculados [&hellip;]<\/p>\n","protected":false},"author":1,"featured_media":43745,"comment_status":"closed","ping_status":"open","sticky":false,"template":"","format":"standard","meta":{"footnotes":""},"categories":[110,116],"tags":[],"class_list":["post-43744","post","type-post","status-publish","format-standard","has-post-thumbnail","hentry","category-noticiasdestaque","category-politicaeeconomia"],"_links":{"self":[{"href":"https:\/\/jorgezanoni.com.br\/2019\/wp-json\/wp\/v2\/posts\/43744","targetHints":{"allow":["GET"]}}],"collection":[{"href":"https:\/\/jorgezanoni.com.br\/2019\/wp-json\/wp\/v2\/posts"}],"about":[{"href":"https:\/\/jorgezanoni.com.br\/2019\/wp-json\/wp\/v2\/types\/post"}],"author":[{"embeddable":true,"href":"https:\/\/jorgezanoni.com.br\/2019\/wp-json\/wp\/v2\/users\/1"}],"replies":[{"embeddable":true,"href":"https:\/\/jorgezanoni.com.br\/2019\/wp-json\/wp\/v2\/comments?post=43744"}],"version-history":[{"count":0,"href":"https:\/\/jorgezanoni.com.br\/2019\/wp-json\/wp\/v2\/posts\/43744\/revisions"}],"wp:featuredmedia":[{"embeddable":true,"href":"https:\/\/jorgezanoni.com.br\/2019\/wp-json\/wp\/v2\/media\/43745"}],"wp:attachment":[{"href":"https:\/\/jorgezanoni.com.br\/2019\/wp-json\/wp\/v2\/media?parent=43744"}],"wp:term":[{"taxonomy":"category","embeddable":true,"href":"https:\/\/jorgezanoni.com.br\/2019\/wp-json\/wp\/v2\/categories?post=43744"},{"taxonomy":"post_tag","embeddable":true,"href":"https:\/\/jorgezanoni.com.br\/2019\/wp-json\/wp\/v2\/tags?post=43744"}],"curies":[{"name":"wp","href":"https:\/\/api.w.org\/{rel}","templated":true}]}}