{"id":43692,"date":"2021-02-25T23:42:04","date_gmt":"2021-02-25T23:42:04","guid":{"rendered":"https:\/\/jorgezanoni.com.br\/2019\/?p=43692"},"modified":"2021-02-25T23:42:04","modified_gmt":"2021-02-25T23:42:04","slug":"o-desafio-da-pandemia-e-uma-chance-de-ascensao-por-cidinha-pascoaloto","status":"publish","type":"post","link":"https:\/\/jorgezanoni.com.br\/2019\/o-desafio-da-pandemia-e-uma-chance-de-ascensao-por-cidinha-pascoaloto\/","title":{"rendered":"O desafio da pandemia \u00e9 uma chance de ascens\u00e3o (por Cidinha Pascoaloto)"},"content":{"rendered":"<p><strong>Uma nova forma de olhar o universo.<\/strong><\/p>\n<p style=\"text-align: justify;\">De repente, a constata\u00e7\u00e3o da fragilidade f\u00edsica, em que a vida de todos se v\u00ea amea\u00e7ada por um v\u00edrus que prenuncia com a interrup\u00e7\u00e3o da jornada, nos faz pensar: O que tenho feito da minha vida? Que possibilidade tenho de recuperar o tempo mal utilizado? Como tenho distribu\u00eddo meu carinho e aten\u00e7\u00e3o aos que me cercam? Quais os valores que tenho e podem ser mais bem utilizados?\u00a0\u00a0 temos a certeza de que somos pe\u00e7as importantes na vida e sentimos vibrar em n\u00f3s a vontade de recuperar esse tempo. Gravitar para a unidade divina \u00e9 o grande objetivo da humanidade. E para alcan\u00e7\u00e1-lo, precisamos vivenciar a justi\u00e7a, o amor e a ci\u00eancia. E diante dos cataclismas f\u00edsicos ou morais somos abalados pelo convite \u00e0 vida, pela vontade de nos elevarmos, pela aten\u00e7\u00e3o e solidariedade de nossos semelhantes. Assim, nos tornamos mais suaves, mais ternos, tolerantes e amigos. Estaremos ent\u00e3o nos primeiros degraus da ascens\u00e3o espiritual.\u201d<\/p>\n<p style=\"text-align: justify;\"><strong>\u00a0<\/strong>A Terra est\u00e1 sofrendo uma crise e crescimento para se tornar um mundo maduro e, portanto, melhor<strong>.<\/strong>\u00a0As desordens atuais que tanto nos assustam, s\u00e3o os pren\u00fancios de uma nova ordem que far\u00e1 a Terra elevar-se<strong>\u00a0<\/strong><\/p>\n<p style=\"text-align: justify;\"><strong>\u00a0<\/strong>A f\u00e9 e a espiritualidade est\u00e3o na base das respostas, modos de ver, sentir, pensar e agir de cada um diante dos desafios, ang\u00fastias, medos e ansiedades que o mundo passa. A espiritualidade \u00e9 o combust\u00edvel que nos faz mover dentro desta crise de sa\u00fade.<\/p>\n<p style=\"text-align: justify;\">Aqueles que t\u00eam uma espiritualidade e uma f\u00e9, sejam de que religi\u00e3o forem centradas em uma cren\u00e7a devem conseguir experimentar uma vida espiritual mais fundamentada no consolo, na esperan\u00e7a e na paz.<\/p>\n<p style=\"text-align: justify;\">\u00c9 a medita\u00e7\u00e3o que nos ensina olhar para dentro, esvaziar a mente e nos emergir sabendo que tudo \u00e9 impermanente, tudo muda.<\/p>\n<p style=\"text-align: justify;\">A gigantesca tarefa que cabe a cada um neste momento\u00a0\u00e9 se reconduzir a Deus, cultivando a f\u00e9 superior.<\/p>\n<p><img loading=\"lazy\" decoding=\"async\" class=\"alignnone size-full wp-image-43693\" src=\"https:\/\/jorgezanoni.com.br\/2019\/wp-content\/uploads\/2021\/02\/Cidinha-1-2-3.jpg\" alt=\"\" width=\"612\" height=\"1136\" srcset=\"https:\/\/jorgezanoni.com.br\/2019\/wp-content\/uploads\/2021\/02\/Cidinha-1-2-3.jpg 612w, https:\/\/jorgezanoni.com.br\/2019\/wp-content\/uploads\/2021\/02\/Cidinha-1-2-3-162x300.jpg 162w, https:\/\/jorgezanoni.com.br\/2019\/wp-content\/uploads\/2021\/02\/Cidinha-1-2-3-552x1024.jpg 552w, https:\/\/jorgezanoni.com.br\/2019\/wp-content\/uploads\/2021\/02\/Cidinha-1-2-3-226x420.jpg 226w\" sizes=\"auto, (max-width: 612px) 100vw, 612px\" \/><\/p>\n<p>Cidinha Pascoaloto<\/p>\n<p style=\"text-align: justify;\">\n","protected":false},"excerpt":{"rendered":"<p>Uma nova forma de olhar o universo. De repente, a constata\u00e7\u00e3o da fragilidade f\u00edsica, em que a vida de todos se v\u00ea amea\u00e7ada por um v\u00edrus que prenuncia com a interrup\u00e7\u00e3o da jornada, nos faz pensar: O que tenho feito da minha vida? Que possibilidade tenho de recuperar o tempo mal utilizado? Como tenho distribu\u00eddo [&hellip;]<\/p>\n","protected":false},"author":1,"featured_media":43694,"comment_status":"closed","ping_status":"open","sticky":false,"template":"","format":"standard","meta":{"footnotes":""},"categories":[175],"tags":[],"class_list":["post-43692","post","type-post","status-publish","format-standard","has-post-thumbnail","hentry","category-artigos"],"_links":{"self":[{"href":"https:\/\/jorgezanoni.com.br\/2019\/wp-json\/wp\/v2\/posts\/43692","targetHints":{"allow":["GET"]}}],"collection":[{"href":"https:\/\/jorgezanoni.com.br\/2019\/wp-json\/wp\/v2\/posts"}],"about":[{"href":"https:\/\/jorgezanoni.com.br\/2019\/wp-json\/wp\/v2\/types\/post"}],"author":[{"embeddable":true,"href":"https:\/\/jorgezanoni.com.br\/2019\/wp-json\/wp\/v2\/users\/1"}],"replies":[{"embeddable":true,"href":"https:\/\/jorgezanoni.com.br\/2019\/wp-json\/wp\/v2\/comments?post=43692"}],"version-history":[{"count":0,"href":"https:\/\/jorgezanoni.com.br\/2019\/wp-json\/wp\/v2\/posts\/43692\/revisions"}],"wp:featuredmedia":[{"embeddable":true,"href":"https:\/\/jorgezanoni.com.br\/2019\/wp-json\/wp\/v2\/media\/43694"}],"wp:attachment":[{"href":"https:\/\/jorgezanoni.com.br\/2019\/wp-json\/wp\/v2\/media?parent=43692"}],"wp:term":[{"taxonomy":"category","embeddable":true,"href":"https:\/\/jorgezanoni.com.br\/2019\/wp-json\/wp\/v2\/categories?post=43692"},{"taxonomy":"post_tag","embeddable":true,"href":"https:\/\/jorgezanoni.com.br\/2019\/wp-json\/wp\/v2\/tags?post=43692"}],"curies":[{"name":"wp","href":"https:\/\/api.w.org\/{rel}","templated":true}]}}