{"id":43676,"date":"2021-02-25T21:56:13","date_gmt":"2021-02-25T21:56:13","guid":{"rendered":"https:\/\/jorgezanoni.com.br\/2019\/?p=43676"},"modified":"2021-02-25T21:56:13","modified_gmt":"2021-02-25T21:56:13","slug":"provedor-da-santa-casa-de-dracena-celso-santin-explica-sobre-situacao-e-necessidades","status":"publish","type":"post","link":"https:\/\/jorgezanoni.com.br\/2019\/provedor-da-santa-casa-de-dracena-celso-santin-explica-sobre-situacao-e-necessidades\/","title":{"rendered":"Provedor da Santa Casa de Dracena Celso Santin, explica sobre situa\u00e7\u00e3o e necessidades"},"content":{"rendered":"<p style=\"text-align: justify;\">Em v\u00eddeo gravado hoje (25), o Provedor da Santa Casa de Dracena Celso Xavier Santin,\u00a0 explicou sobre a situa\u00e7\u00e3o atual e as necessidades mais urgentes. Cada doa\u00e7\u00e3o conta, sua ajuda pode salvar vidas.<\/p>\n<div style=\"width: 696px;\" class=\"wp-video\"><video class=\"wp-video-shortcode\" id=\"video-43676-1\" width=\"696\" height=\"392\" preload=\"metadata\" controls=\"controls\"><source type=\"video\/mp4\" src=\"https:\/\/jorgezanoni.com.br\/2019\/wp-content\/uploads\/2021\/02\/WhatsApp-Video-2021-02-25-at-16.28.58.mp4?_=1\" \/><a href=\"https:\/\/jorgezanoni.com.br\/2019\/wp-content\/uploads\/2021\/02\/WhatsApp-Video-2021-02-25-at-16.28.58.mp4\">https:\/\/jorgezanoni.com.br\/2019\/wp-content\/uploads\/2021\/02\/WhatsApp-Video-2021-02-25-at-16.28.58.mp4<\/a><\/video><\/div>\n<p style=\"text-align: justify;\">Hoje foi feito mais uma compra de materiais, dessa vez foram destinados para o PAM e CEMAC.<\/p>\n<p style=\"text-align: justify;\">Quem puder, continue doando. &#8220;O Grupo Uni\u00e3o Por Dracena COVID-19&#8221;, agradece de cora\u00e7\u00e3o.<\/p>\n<p>Jorge Zanoni<\/p>\n","protected":false},"excerpt":{"rendered":"<p>Em v\u00eddeo gravado hoje (25), o Provedor da Santa Casa de Dracena Celso Xavier Santin,\u00a0 explicou sobre a situa\u00e7\u00e3o atual e as necessidades mais urgentes. Cada doa\u00e7\u00e3o conta, sua ajuda pode salvar vidas. Hoje foi feito mais uma compra de materiais, dessa vez foram destinados para o PAM e CEMAC. Quem puder, continue doando. &#8220;O [&hellip;]<\/p>\n","protected":false},"author":1,"featured_media":43678,"comment_status":"closed","ping_status":"open","sticky":false,"template":"","format":"video","meta":{"footnotes":""},"categories":[110,118,169],"tags":[],"class_list":["post-43676","post","type-post","status-publish","format-video","has-post-thumbnail","hentry","category-noticiasdestaque","category-religiaoesolidariedade","category-videos","post_format-post-format-video"],"_links":{"self":[{"href":"https:\/\/jorgezanoni.com.br\/2019\/wp-json\/wp\/v2\/posts\/43676","targetHints":{"allow":["GET"]}}],"collection":[{"href":"https:\/\/jorgezanoni.com.br\/2019\/wp-json\/wp\/v2\/posts"}],"about":[{"href":"https:\/\/jorgezanoni.com.br\/2019\/wp-json\/wp\/v2\/types\/post"}],"author":[{"embeddable":true,"href":"https:\/\/jorgezanoni.com.br\/2019\/wp-json\/wp\/v2\/users\/1"}],"replies":[{"embeddable":true,"href":"https:\/\/jorgezanoni.com.br\/2019\/wp-json\/wp\/v2\/comments?post=43676"}],"version-history":[{"count":0,"href":"https:\/\/jorgezanoni.com.br\/2019\/wp-json\/wp\/v2\/posts\/43676\/revisions"}],"wp:featuredmedia":[{"embeddable":true,"href":"https:\/\/jorgezanoni.com.br\/2019\/wp-json\/wp\/v2\/media\/43678"}],"wp:attachment":[{"href":"https:\/\/jorgezanoni.com.br\/2019\/wp-json\/wp\/v2\/media?parent=43676"}],"wp:term":[{"taxonomy":"category","embeddable":true,"href":"https:\/\/jorgezanoni.com.br\/2019\/wp-json\/wp\/v2\/categories?post=43676"},{"taxonomy":"post_tag","embeddable":true,"href":"https:\/\/jorgezanoni.com.br\/2019\/wp-json\/wp\/v2\/tags?post=43676"}],"curies":[{"name":"wp","href":"https:\/\/api.w.org\/{rel}","templated":true}]}}