{"id":43671,"date":"2021-02-25T15:37:31","date_gmt":"2021-02-25T15:37:31","guid":{"rendered":"https:\/\/jorgezanoni.com.br\/2019\/?p=43671"},"modified":"2021-02-25T15:37:31","modified_gmt":"2021-02-25T15:37:31","slug":"dracena-e-uma-cidade-solidaria-e-esta-mostrando-como-ajudar-as-vitimas-da-covid","status":"publish","type":"post","link":"https:\/\/jorgezanoni.com.br\/2019\/dracena-e-uma-cidade-solidaria-e-esta-mostrando-como-ajudar-as-vitimas-da-covid\/","title":{"rendered":"Dracena \u00e9 uma cidade solid\u00e1ria e est\u00e1 mostrando como ajudar as v\u00edtimas da COVID"},"content":{"rendered":"<div class=\"kvgmc6g5 cxmmr5t8 oygrvhab hcukyx3x c1et5uql ii04i59q\">\n<div dir=\"auto\" style=\"text-align: justify;\">Empresas, representantes da sociedade civil organizada e moradores locais t\u00eam surpreendido com gentilezas e doa\u00e7\u00f5es. A Coimma (Brizztech) instalou aparelhos climatizadores de ar onde est\u00e3o instaladas as tendas em frente ao CEMAC para aliviar o calor daqueles que necessitam aguardar.<\/div>\n<\/div>\n<div class=\"o9v6fnle cxmmr5t8 oygrvhab hcukyx3x c1et5uql ii04i59q\" style=\"text-align: justify;\">\n<div dir=\"auto\">O morador da cidade Kenner Robert cedeu 20 cadeiras que est\u00e3o sendo utilizadas para acomodar o p\u00fablico. As trig\u00eameas Garbelini, tamb\u00e9m doaram cadeiras.<\/div>\n<\/div>\n<div class=\"o9v6fnle cxmmr5t8 oygrvhab hcukyx3x c1et5uql ii04i59q\" style=\"text-align: justify;\">\n<div dir=\"auto\">Tamb\u00e9m ser\u00e1 instalado um gerador de energia el\u00e9trica no CEMAC, cujo aluguel ser\u00e1 custeado por integrantes do \u2018Grupo Uni\u00e3o Por Dracena\u2019 e o engenheiro Jean Lesur, da Usina Rio Vermelho.<\/div>\n<\/div>\n<div class=\"o9v6fnle cxmmr5t8 oygrvhab hcukyx3x c1et5uql ii04i59q\">\n<div dir=\"auto\" style=\"text-align: justify;\">A Prefeitura instalou tamb\u00e9m do lado de fora do CEMAC um bebedouro. A administra\u00e7\u00e3o municipal, por meio do prefeito Andr\u00e9 Lemos, agradece a todos.<\/div>\n<div dir=\"auto\">Deus aben\u00e7oe!!! Parab\u00e9ns!!!<\/div>\n<div dir=\"auto\"><\/div>\n<\/div>\n<div dir=\"auto\"><img loading=\"lazy\" decoding=\"async\" class=\"alignnone size-full wp-image-43672\" src=\"https:\/\/jorgezanoni.com.br\/2019\/wp-content\/uploads\/2021\/02\/Trigemeas-2.jpg\" alt=\"\" width=\"302\" height=\"540\" srcset=\"https:\/\/jorgezanoni.com.br\/2019\/wp-content\/uploads\/2021\/02\/Trigemeas-2.jpg 302w, https:\/\/jorgezanoni.com.br\/2019\/wp-content\/uploads\/2021\/02\/Trigemeas-2-168x300.jpg 168w, https:\/\/jorgezanoni.com.br\/2019\/wp-content\/uploads\/2021\/02\/Trigemeas-2-235x420.jpg 235w\" sizes=\"auto, (max-width: 302px) 100vw, 302px\" \/><img loading=\"lazy\" decoding=\"async\" class=\"alignnone size-full wp-image-43674\" src=\"https:\/\/jorgezanoni.com.br\/2019\/wp-content\/uploads\/2021\/02\/cemac1.jpg\" alt=\"\" width=\"1280\" height=\"720\" srcset=\"https:\/\/jorgezanoni.com.br\/2019\/wp-content\/uploads\/2021\/02\/cemac1.jpg 1280w, https:\/\/jorgezanoni.com.br\/2019\/wp-content\/uploads\/2021\/02\/cemac1-300x169.jpg 300w, https:\/\/jorgezanoni.com.br\/2019\/wp-content\/uploads\/2021\/02\/cemac1-1024x576.jpg 1024w, https:\/\/jorgezanoni.com.br\/2019\/wp-content\/uploads\/2021\/02\/cemac1-768x432.jpg 768w, https:\/\/jorgezanoni.com.br\/2019\/wp-content\/uploads\/2021\/02\/cemac1-696x392.jpg 696w, https:\/\/jorgezanoni.com.br\/2019\/wp-content\/uploads\/2021\/02\/cemac1-1068x601.jpg 1068w, https:\/\/jorgezanoni.com.br\/2019\/wp-content\/uploads\/2021\/02\/cemac1-747x420.jpg 747w\" sizes=\"auto, (max-width: 1280px) 100vw, 1280px\" \/><\/div>\n","protected":false},"excerpt":{"rendered":"<p>Empresas, representantes da sociedade civil organizada e moradores locais t\u00eam surpreendido com gentilezas e doa\u00e7\u00f5es. A Coimma (Brizztech) instalou aparelhos climatizadores de ar onde est\u00e3o instaladas as tendas em frente ao CEMAC para aliviar o calor daqueles que necessitam aguardar. O morador da cidade Kenner Robert cedeu 20 cadeiras que est\u00e3o sendo utilizadas para acomodar [&hellip;]<\/p>\n","protected":false},"author":1,"featured_media":43673,"comment_status":"closed","ping_status":"open","sticky":false,"template":"","format":"standard","meta":{"footnotes":""},"categories":[110,118],"tags":[],"class_list":["post-43671","post","type-post","status-publish","format-standard","has-post-thumbnail","hentry","category-noticiasdestaque","category-religiaoesolidariedade"],"_links":{"self":[{"href":"https:\/\/jorgezanoni.com.br\/2019\/wp-json\/wp\/v2\/posts\/43671","targetHints":{"allow":["GET"]}}],"collection":[{"href":"https:\/\/jorgezanoni.com.br\/2019\/wp-json\/wp\/v2\/posts"}],"about":[{"href":"https:\/\/jorgezanoni.com.br\/2019\/wp-json\/wp\/v2\/types\/post"}],"author":[{"embeddable":true,"href":"https:\/\/jorgezanoni.com.br\/2019\/wp-json\/wp\/v2\/users\/1"}],"replies":[{"embeddable":true,"href":"https:\/\/jorgezanoni.com.br\/2019\/wp-json\/wp\/v2\/comments?post=43671"}],"version-history":[{"count":0,"href":"https:\/\/jorgezanoni.com.br\/2019\/wp-json\/wp\/v2\/posts\/43671\/revisions"}],"wp:featuredmedia":[{"embeddable":true,"href":"https:\/\/jorgezanoni.com.br\/2019\/wp-json\/wp\/v2\/media\/43673"}],"wp:attachment":[{"href":"https:\/\/jorgezanoni.com.br\/2019\/wp-json\/wp\/v2\/media?parent=43671"}],"wp:term":[{"taxonomy":"category","embeddable":true,"href":"https:\/\/jorgezanoni.com.br\/2019\/wp-json\/wp\/v2\/categories?post=43671"},{"taxonomy":"post_tag","embeddable":true,"href":"https:\/\/jorgezanoni.com.br\/2019\/wp-json\/wp\/v2\/tags?post=43671"}],"curies":[{"name":"wp","href":"https:\/\/api.w.org\/{rel}","templated":true}]}}