{"id":4365,"date":"2019-08-22T23:09:09","date_gmt":"2019-08-22T23:09:09","guid":{"rendered":"https:\/\/jorgezanoni.com.br\/2019\/?p=4365"},"modified":"2019-08-22T23:09:09","modified_gmt":"2019-08-22T23:09:09","slug":"homem-e-preso-pela-policia-militar-em-ouro-verde-por-trafico-de-drogas","status":"publish","type":"post","link":"https:\/\/jorgezanoni.com.br\/2019\/homem-e-preso-pela-policia-militar-em-ouro-verde-por-trafico-de-drogas\/","title":{"rendered":"Homem \u00e9 preso pela Pol\u00edcia Militar em Ouro Verde, por Tr\u00e1fico de Drogas"},"content":{"rendered":"<p style=\"text-align: justify;\">Na noite desta quarta-feira (22), por volta das 22h45min, durante patrulhamento de For\u00e7a T\u00e1tica pela cidade de Ouro Verde, os Policiais Militares avistaram dois indiv\u00edduos (J.C.R.G. e J.V.S.J.) j\u00e1 conhecidos nos meios criminais pela pr\u00e1tica de venda de entorpecentes, com a aproxima\u00e7\u00e3o da viatura policial e ao dar ordem d<span class=\"text_exposed_show\">e parada para realizar abordagem, ambos empreenderam fuga para dentro do im\u00f3vel, por\u00e9m foram alcan\u00e7ados e ao ser realizada a busca pessoal, nada de il\u00edcito foi encontrado com os mesmos. Durante buscas realizadas no interior da resid\u00eancia, onde o autor J.C.R.G. de 29 anos \u00e9 morador, foram localizados 10 tabletes e 11 por\u00e7\u00f5es de maconha e R$ 75,00 reais em notas diversas. Diante dos fatos, foi dada voz de pris\u00e3o em flagrante delito ao autor J.C.R.G., que foi conduzido e apresentado na delegacia onde permaneceu preso \u00e0 disposi\u00e7\u00e3o da justi\u00e7a. O J.V.S.J., foi qualificado como testemunha e ap\u00f3s ser ouvido foi liberado.<\/p>\n<p><a class=\"_58cn\" href=\"https:\/\/www.facebook.com\/hashtag\/25bpmi?epa=HASHTAG\" data-ft=\"{&quot;type&quot;:104,&quot;tn&quot;:&quot;*N&quot;}\">#25BPMI<\/a><br \/>\n<a class=\"_58cn\" href=\"https:\/\/www.facebook.com\/hashtag\/policiamilitarsp?epa=HASHTAG\" data-ft=\"{&quot;type&quot;:104,&quot;tn&quot;:&quot;*N&quot;}\">#POLICIAMILITARSP<\/a><br \/>\n<a class=\"_58cn\" href=\"https:\/\/www.facebook.com\/hashtag\/afor%C3%A7ap%C3%BAblicades%C3%A3opaulo?epa=HASHTAG\" data-ft=\"{&quot;type&quot;:104,&quot;tn&quot;:&quot;*N&quot;}\">#AFOR\u00c7AP\u00daBLICADES\u00c3OPAULO<\/a><br \/>\nFonte: COMUNICA\u00c7\u00c3O SOCIAL DO 25\u00ba BPMI<\/span><\/p>\n","protected":false},"excerpt":{"rendered":"<p>Na noite desta quarta-feira (22), por volta das 22h45min, durante patrulhamento de For\u00e7a T\u00e1tica pela cidade de Ouro Verde, os Policiais Militares avistaram dois indiv\u00edduos (J.C.R.G. e J.V.S.J.) j\u00e1 conhecidos nos meios criminais pela pr\u00e1tica de venda de entorpecentes, com a aproxima\u00e7\u00e3o da viatura policial e ao dar ordem de parada para realizar abordagem, ambos [&hellip;]<\/p>\n","protected":false},"author":1,"featured_media":4366,"comment_status":"closed","ping_status":"open","sticky":false,"template":"","format":"standard","meta":{"footnotes":""},"categories":[110,2],"tags":[],"class_list":["post-4365","post","type-post","status-publish","format-standard","has-post-thumbnail","hentry","category-noticiasdestaque","category-policial"],"_links":{"self":[{"href":"https:\/\/jorgezanoni.com.br\/2019\/wp-json\/wp\/v2\/posts\/4365","targetHints":{"allow":["GET"]}}],"collection":[{"href":"https:\/\/jorgezanoni.com.br\/2019\/wp-json\/wp\/v2\/posts"}],"about":[{"href":"https:\/\/jorgezanoni.com.br\/2019\/wp-json\/wp\/v2\/types\/post"}],"author":[{"embeddable":true,"href":"https:\/\/jorgezanoni.com.br\/2019\/wp-json\/wp\/v2\/users\/1"}],"replies":[{"embeddable":true,"href":"https:\/\/jorgezanoni.com.br\/2019\/wp-json\/wp\/v2\/comments?post=4365"}],"version-history":[{"count":0,"href":"https:\/\/jorgezanoni.com.br\/2019\/wp-json\/wp\/v2\/posts\/4365\/revisions"}],"wp:featuredmedia":[{"embeddable":true,"href":"https:\/\/jorgezanoni.com.br\/2019\/wp-json\/wp\/v2\/media\/4366"}],"wp:attachment":[{"href":"https:\/\/jorgezanoni.com.br\/2019\/wp-json\/wp\/v2\/media?parent=4365"}],"wp:term":[{"taxonomy":"category","embeddable":true,"href":"https:\/\/jorgezanoni.com.br\/2019\/wp-json\/wp\/v2\/categories?post=4365"},{"taxonomy":"post_tag","embeddable":true,"href":"https:\/\/jorgezanoni.com.br\/2019\/wp-json\/wp\/v2\/tags?post=4365"}],"curies":[{"name":"wp","href":"https:\/\/api.w.org\/{rel}","templated":true}]}}