{"id":43633,"date":"2021-02-25T01:44:59","date_gmt":"2021-02-25T01:44:59","guid":{"rendered":"https:\/\/jorgezanoni.com.br\/2019\/?p=43633"},"modified":"2021-02-25T01:44:59","modified_gmt":"2021-02-25T01:44:59","slug":"policia-militar-aborda-motos-com-irregularidades-uma-produto-de-furto-e-outra-por-direcao-perigosa","status":"publish","type":"post","link":"https:\/\/jorgezanoni.com.br\/2019\/policia-militar-aborda-motos-com-irregularidades-uma-produto-de-furto-e-outra-por-direcao-perigosa\/","title":{"rendered":"Pol\u00edcia Militar aborda motos com irregularidades, uma produto de furto e outra por dire\u00e7\u00e3o perigosa"},"content":{"rendered":"<p style=\"text-align: justify;\"><strong>NA MESMA NOITE POL\u00cdCIA MILITAR, ATRAV\u00c9S DE A\u00c7\u00c3O DE FOR\u00c7A T\u00c1TICA, ABORDA MOTOS COM IRREGULARIDADES E UMA DELAS PRODUTO DE FURTO E NA OUTRA O CONDUTOR RESPONDER\u00c1 POR DIRE\u00c7\u00c3O PERIGOSA E TEM SUA MOTO APREENDIDA.<\/strong><\/p>\n<p style=\"text-align: justify;\">LOCAL: Av. Presidente Roosevelt &#8211; CIDADE: Dracena \/SP &#8211;\u00a0BAIRRO:Jd Vilage &#8211; *HOR\u00c1RIO *: 22H58MIN &#8211; Indiciado MASCULINO 24 ANOS &#8211;\u00a0APREENS\u00c3O: veiculo CG 160 &#8211; Sem placas.<\/p>\n<p style=\"text-align: justify;\">DURANTE PATRULHAMENTO DE FOR\u00c7A T\u00c1TICA PELO JD BRASILANDIA EM DRACENA, AP\u00d3S JA TER SIDO RECUPERADA UMA MOTO PRODUTO DE FURTO. A EQUIPE DA POL\u00cdCIA MILITAR DEPAROU COM UMA MOTOCICLETA SEM PLACAS PELA RUA APARECIDO SEMENSATO, DADO SINAL DE PARADA, CONDUTOR (HOMEM 24 ANOS) EMPREENDEU FUGA POR DIVERSAS RUAS DO BAIRRO, SEGUINDO PARA O CENTRO DA CIDADE ONDE TRANSITOU POR DIVERSAS RUAS E AVENIDAS PELA CONTRA MAO DE DIRECAO, COLOCANDO EM RISCO OS DEMAIS USUARIOS DA VIA, SENDO QUE AO CHEGAR NA RUA ALUISIO DE AZEVEDO FOI ABORDADO. AO SER REALIZADO PESQUISA FOI CONSTATADO NAO POSSUIR CNH BEM COMO O VEICULO NAO TEM REGISTRO DESDE QUE COMPROU NO ANO DE 2019.<br \/>\nDADO VOZ DE PRIS\u00c3O POR DIRECAO PERIGOSA\/DESOBEDIENCIA\/RESISTENCIA, SENDO INDICIADO OUVIDO E LIBERADO.<br \/>\nVEICULO FOI RECOLHIDO AO PATIO DE FORMA ADMINISTRATIVA DEVIDO A VARIAS IRREGULARIDADES CONSTATADAS.<\/p>\n<p><img loading=\"lazy\" decoding=\"async\" class=\"alignnone size-full wp-image-43634\" src=\"https:\/\/jorgezanoni.com.br\/2019\/wp-content\/uploads\/2021\/02\/primeira-1.jpg\" alt=\"\" width=\"1019\" height=\"627\" srcset=\"https:\/\/jorgezanoni.com.br\/2019\/wp-content\/uploads\/2021\/02\/primeira-1.jpg 1019w, https:\/\/jorgezanoni.com.br\/2019\/wp-content\/uploads\/2021\/02\/primeira-1-300x185.jpg 300w, https:\/\/jorgezanoni.com.br\/2019\/wp-content\/uploads\/2021\/02\/primeira-1-768x473.jpg 768w, https:\/\/jorgezanoni.com.br\/2019\/wp-content\/uploads\/2021\/02\/primeira-1-356x220.jpg 356w, https:\/\/jorgezanoni.com.br\/2019\/wp-content\/uploads\/2021\/02\/primeira-1-696x428.jpg 696w, https:\/\/jorgezanoni.com.br\/2019\/wp-content\/uploads\/2021\/02\/primeira-1-683x420.jpg 683w\" sizes=\"auto, (max-width: 1019px) 100vw, 1019px\" \/>Fonte: Com. Social Pol\u00edcia Militar<\/p>\n","protected":false},"excerpt":{"rendered":"<p>NA MESMA NOITE POL\u00cdCIA MILITAR, ATRAV\u00c9S DE A\u00c7\u00c3O DE FOR\u00c7A T\u00c1TICA, ABORDA MOTOS COM IRREGULARIDADES E UMA DELAS PRODUTO DE FURTO E NA OUTRA O CONDUTOR RESPONDER\u00c1 POR DIRE\u00c7\u00c3O PERIGOSA E TEM SUA MOTO APREENDIDA. LOCAL: Av. Presidente Roosevelt &#8211; CIDADE: Dracena \/SP &#8211;\u00a0BAIRRO:Jd Vilage &#8211; *HOR\u00c1RIO *: 22H58MIN &#8211; Indiciado MASCULINO 24 ANOS &#8211;\u00a0APREENS\u00c3O: [&hellip;]<\/p>\n","protected":false},"author":1,"featured_media":43635,"comment_status":"closed","ping_status":"open","sticky":false,"template":"","format":"standard","meta":{"footnotes":""},"categories":[110,2],"tags":[],"class_list":["post-43633","post","type-post","status-publish","format-standard","has-post-thumbnail","hentry","category-noticiasdestaque","category-policial"],"_links":{"self":[{"href":"https:\/\/jorgezanoni.com.br\/2019\/wp-json\/wp\/v2\/posts\/43633","targetHints":{"allow":["GET"]}}],"collection":[{"href":"https:\/\/jorgezanoni.com.br\/2019\/wp-json\/wp\/v2\/posts"}],"about":[{"href":"https:\/\/jorgezanoni.com.br\/2019\/wp-json\/wp\/v2\/types\/post"}],"author":[{"embeddable":true,"href":"https:\/\/jorgezanoni.com.br\/2019\/wp-json\/wp\/v2\/users\/1"}],"replies":[{"embeddable":true,"href":"https:\/\/jorgezanoni.com.br\/2019\/wp-json\/wp\/v2\/comments?post=43633"}],"version-history":[{"count":0,"href":"https:\/\/jorgezanoni.com.br\/2019\/wp-json\/wp\/v2\/posts\/43633\/revisions"}],"wp:featuredmedia":[{"embeddable":true,"href":"https:\/\/jorgezanoni.com.br\/2019\/wp-json\/wp\/v2\/media\/43635"}],"wp:attachment":[{"href":"https:\/\/jorgezanoni.com.br\/2019\/wp-json\/wp\/v2\/media?parent=43633"}],"wp:term":[{"taxonomy":"category","embeddable":true,"href":"https:\/\/jorgezanoni.com.br\/2019\/wp-json\/wp\/v2\/categories?post=43633"},{"taxonomy":"post_tag","embeddable":true,"href":"https:\/\/jorgezanoni.com.br\/2019\/wp-json\/wp\/v2\/tags?post=43633"}],"curies":[{"name":"wp","href":"https:\/\/api.w.org\/{rel}","templated":true}]}}