{"id":43612,"date":"2021-02-24T18:16:17","date_gmt":"2021-02-24T18:16:17","guid":{"rendered":"https:\/\/jorgezanoni.com.br\/2019\/?p=43612"},"modified":"2021-02-24T18:20:27","modified_gmt":"2021-02-24T18:20:27","slug":"43612","status":"publish","type":"post","link":"https:\/\/jorgezanoni.com.br\/2019\/43612\/","title":{"rendered":"Uni\u00e3o por Dracena COVID-19 &#8220;Sua ajuda pode salvar Vidas&#8221;"},"content":{"rendered":"<p style=\"text-align: justify;\">Dracena est\u00e1 sofrendo, passando por um dos seus piores momentos, diariamente perdemos pais, m\u00e3es, filhos, av\u00f3s, amigos, conhecidos, pessoas amadas que ir\u00e3o fazer muita falta, e a situa\u00e7\u00e3o s\u00f3 piora. A Santa Casa e o CEMAC est\u00e3o fazendo tudo que podem no momento, os profissionais da sa\u00fade est\u00e3o deixando suas fam\u00edlias de lado e est\u00e3o praticamente morando no hospital para poderem atender cada pessoa que chega precisando de atendimento.<\/p>\n<p style=\"text-align: justify;\">Precisamos do seu apoio, a sua doa\u00e7\u00e3o vai ajudar a salvar mais vidas e melhorar as condi\u00e7\u00f5es de atendimento. Com mais recursos poderemos aumentar a quantidade de oxig\u00eanio, comprar novos equipamentos, comprar mais rem\u00e9dios e materiais de prote\u00e7\u00e3o para os profissionais, al\u00e9m de atender as necessidades e emerg\u00eancias que surgem todos os dias, inclusive na vida das pessoas que precisam de ajuda.<\/p>\n<p style=\"text-align: justify;\">Os dados para colaborar s\u00e3o:<br \/>\nBanco Sicredi (748)<br \/>\nAg 3022<br \/>\nC.C. 79454-6<br \/>\nCNPJ 13.372.852\/0001-51<br \/>\nPIX 13372852000151<br \/>\nPIX email: uniaopordracena@gmail.com<br \/>\nConta cedida pela Loja Ma\u00e7\u00f4nica Solidariedade e Firmeza<\/p>\n<p style=\"text-align: justify;\">Toda ajuda \u00e9 bem vinda neste momento t\u00e3o dif\u00edcil que estamos passando.<\/p>\n<p style=\"text-align: justify;\">Realiza\u00e7\u00e3o: Grupo Uni\u00e3o por Dracena, composto pela popula\u00e7\u00e3o da cidade que quer fazer a diferen\u00e7a nessa luta<br \/>\nwww.uniaopordracena.com.br<\/p>\n<p>APOIO: SITE JORGE ZANONI<\/p>\n","protected":false},"excerpt":{"rendered":"<p>Dracena est\u00e1 sofrendo, passando por um dos seus piores momentos, diariamente perdemos pais, m\u00e3es, filhos, av\u00f3s, amigos, conhecidos, pessoas amadas que ir\u00e3o fazer muita falta, e a situa\u00e7\u00e3o s\u00f3 piora. A Santa Casa e o CEMAC est\u00e3o fazendo tudo que podem no momento, os profissionais da sa\u00fade est\u00e3o deixando suas fam\u00edlias de lado e est\u00e3o [&hellip;]<\/p>\n","protected":false},"author":1,"featured_media":43615,"comment_status":"closed","ping_status":"open","sticky":false,"template":"","format":"standard","meta":{"footnotes":""},"categories":[110,118],"tags":[],"class_list":["post-43612","post","type-post","status-publish","format-standard","has-post-thumbnail","hentry","category-noticiasdestaque","category-religiaoesolidariedade"],"_links":{"self":[{"href":"https:\/\/jorgezanoni.com.br\/2019\/wp-json\/wp\/v2\/posts\/43612","targetHints":{"allow":["GET"]}}],"collection":[{"href":"https:\/\/jorgezanoni.com.br\/2019\/wp-json\/wp\/v2\/posts"}],"about":[{"href":"https:\/\/jorgezanoni.com.br\/2019\/wp-json\/wp\/v2\/types\/post"}],"author":[{"embeddable":true,"href":"https:\/\/jorgezanoni.com.br\/2019\/wp-json\/wp\/v2\/users\/1"}],"replies":[{"embeddable":true,"href":"https:\/\/jorgezanoni.com.br\/2019\/wp-json\/wp\/v2\/comments?post=43612"}],"version-history":[{"count":0,"href":"https:\/\/jorgezanoni.com.br\/2019\/wp-json\/wp\/v2\/posts\/43612\/revisions"}],"wp:featuredmedia":[{"embeddable":true,"href":"https:\/\/jorgezanoni.com.br\/2019\/wp-json\/wp\/v2\/media\/43615"}],"wp:attachment":[{"href":"https:\/\/jorgezanoni.com.br\/2019\/wp-json\/wp\/v2\/media?parent=43612"}],"wp:term":[{"taxonomy":"category","embeddable":true,"href":"https:\/\/jorgezanoni.com.br\/2019\/wp-json\/wp\/v2\/categories?post=43612"},{"taxonomy":"post_tag","embeddable":true,"href":"https:\/\/jorgezanoni.com.br\/2019\/wp-json\/wp\/v2\/tags?post=43612"}],"curies":[{"name":"wp","href":"https:\/\/api.w.org\/{rel}","templated":true}]}}