{"id":43609,"date":"2021-02-24T17:35:58","date_gmt":"2021-02-24T17:35:58","guid":{"rendered":"https:\/\/jorgezanoni.com.br\/2019\/?p=43609"},"modified":"2021-02-24T17:38:03","modified_gmt":"2021-02-24T17:38:03","slug":"prefeito-de-dracena-autoriza-coleta-de-amostras-para-identificar-se-nova-cepa-do-coronavirus-circula-no-municipio","status":"publish","type":"post","link":"https:\/\/jorgezanoni.com.br\/2019\/prefeito-de-dracena-autoriza-coleta-de-amostras-para-identificar-se-nova-cepa-do-coronavirus-circula-no-municipio\/","title":{"rendered":"Prefeito de Dracena autoriza coleta de amostras para identificar se nova cepa do coronav\u00edrus circula no munic\u00edpio"},"content":{"rendered":"<h2 class=\"content-head__subtitle\" style=\"text-align: justify;\"><strong>An\u00fancio foi feito nesta ter\u00e7a-feira (23) e o chefe do Poder Executivo afirmou que todos os ind\u00edcios apontam que a variante P1 j\u00e1 esteja na cidade.<\/strong><\/h2>\n<div class=\"mc-column content-text active-extra-styles \" data-block-type=\"unstyled\" data-block-weight=\"62\" data-block-id=\"2\">\n<p class=\"content-text__container \" style=\"text-align: justify;\" data-track-category=\"Link no Texto\" data-track-links=\"\">O prefeito de\u00a0<a href=\"https:\/\/g1.globo.com\/sp\/presidente-prudente-regiao\/cidade\/dracena\/\">Dracena (SP)<\/a>, Andr\u00e9 Kozan Lemos (PATRIOTA), afirmou nesta ter\u00e7a-feira (23) que autorizou a coleta de amostras para identificar se a variante brasileira do novo coronav\u00edrus, conhecida como P1, ou &#8220;variante de Manaus&#8221;, j\u00e1 infectou algum morador do munic\u00edpio. O\u00a0<strong>G1<\/strong>\u00a0questionou o Poder Executivo nesta quarta-feira (24) se os materiais foram coletados, contudo, n\u00e3o houve resposta at\u00e9 o momento.<\/p>\n<\/div>\n<div class=\"wall protected-content\">\n<div class=\"mc-column content-text active-extra-styles \" style=\"text-align: justify;\" data-block-type=\"unstyled\" data-block-weight=\"110\" data-block-id=\"3\">\n<p class=\"content-text__container \" data-track-category=\"Link no Texto\" data-track-links=\"\">No pronunciamento em\u00a0<em>live<\/em>\u00a0em uma rede social, o prefeito respondeu a um morador, que questionou se a nova variante j\u00e1 estava circulando em Dracena. \u201cA gente n\u00e3o tem comprova\u00e7\u00e3o cient\u00edfica disso ainda. Eu autorizei ontem [segunda-feira, dia 22] a coleta de amostras para mandar para exame. Eu n\u00e3o sei se foi poss\u00edvel fazer ontem porque ontem foi o caos. Voc\u00eas n\u00e3o imaginam o que a gente passou aqui e os profissionais passaram no Cemac [Centro Municipal de Atendimento \u00e0 Covid-19]. N\u00e3o sei se foi poss\u00edvel a coleta. Mas, se n\u00e3o foi, hoje [ter\u00e7a-feira, 23] ou amanh\u00e3 [quarta-feira, 24] no m\u00e1ximo, est\u00e1 sendo feita a coleta para isso\u201d, explicou Kozan.<\/p>\n<\/div>\n<div class=\"mc-column content-text active-extra-styles \" style=\"text-align: justify;\" data-block-type=\"unstyled\" data-block-weight=\"135\" data-block-id=\"4\">\n<p class=\"content-text__container \" data-track-category=\"Link no Texto\" data-track-links=\"\">Apesar de \u201cn\u00e3o ter comprova\u00e7\u00e3o cient\u00edfica\u201d, ele disse que os ind\u00edcios mostram essa possibilidade. \u201cTodos os ind\u00edcios levam que a gente esteja j\u00e1 com essa cepa nova. Isso exige que a gente tenha redobrado os cuidados, principalmente os jovens, que andaram abusando, participando de festas clandestinas, n\u00f3s tivemos o \u00f3bito de uma mo\u00e7a de 25 anos ontem, outra de 30 [anos] na semana passada, outra de 27. Todos os ind\u00edcios levam que a gente esteja convivendo com a nova cepa. Al\u00e9m de tirar a vida de jovens, \u00e9 um v\u00edrus que \u00e9 mais r\u00e1pido, evolui muito depressa. Quando a pessoa come\u00e7a a ter falta de ar, ela j\u00e1 tem comprometimento pulmonar muito severo, e a gente n\u00e3o sabe qual vai ser o \u00edndice de sucesso do tratamento dessas pessoas\u201d, frisou o chefe do Poder Executivo.<\/p>\n<\/div>\n<div class=\"content-ads content-ads--reveal\" style=\"text-align: justify;\" data-block-type=\"ads\" data-block-id=\"5\">\n<div id=\"banner_materia2\" class=\"tag-manager-publicidade-container mc-has-reveal mc-has-ad-lazyload tag-manager-publicidade-banner_materia2 tag-manager-publicidade-container--carregado tag-manager-publicidade-container--visivel\" data-id=\"banner_materia2\" data-req=\"true\" data-google-query-id=\"CIjutcaGg-8CFfIFuQYddu4Lfg\" data-cid=\"null\" data-lid=\"null\">\n<div id=\"google_ads_iframe_\/95377733\/tvg_G1\/Sua_Regiao&gt;Sudeste&gt;Sao_Paulo_(Pres_Prudente)_3__container__\" style=\"box-sizing: inherit; margin: auto; padding: 0px; border: 0pt none; font: inherit; vertical-align: initial; max-width: 100%; width: 970px; height: 250px; text-align: justify;\">Na ocasi\u00e3o, ele ainda refor\u00e7ou o apelo para que a popula\u00e7\u00e3o colabore para evitar a dissemina\u00e7\u00e3o da Covid-19 na cidade. \u201cEu pe\u00e7o para que os jovens se cuidem, n\u00e3o participem de festas, que tomem todos os cuidados, usem m\u00e1scara, uso de \u00e1lcool em gel para evitar a contamina\u00e7\u00e3o. A gente fez o <em>lockdown\u00a0<\/em>e o toque de recolher e n\u00e3o \u00e9 porque o v\u00edrus tem hora para agir. \u00c9 para diminuir e minimizar as oportunidades de contamina\u00e7\u00e3o. \u00c9 necess\u00e1rio n\u00f3s diminuirmos todas as oportunidades. Ent\u00e3o, o\u00a0<em>lockdown<\/em>\u00a0no s\u00e1bado e no domingo \u00e9 para que voc\u00ea n\u00e3o v\u00e1 visitar a v\u00f3, a sogra, a m\u00e3e. Eu estou repetindo isso exaustivamente. Eu preciso que haja entendimento disso\u201d, salientou.<\/div>\n<\/div>\n<\/div>\n<div class=\"mc-column content-text active-extra-styles \" style=\"text-align: justify;\" data-block-type=\"unstyled\" data-block-weight=\"29\" data-block-id=\"7\">\n<p class=\"content-text__container \" data-track-category=\"Link no Texto\" data-track-links=\"\">O Minist\u00e9rio da Sa\u00fade emitiu no dia 2 de fevereiro uma Nota T\u00e9cnica para os estados e o Distrito Federal sobre a nova variante do SARS-CoV-2 identificada no Brasil.<\/p>\n<\/div>\n<div class=\"mc-column content-text active-extra-styles \" style=\"text-align: justify;\" data-block-type=\"unstyled\" data-block-weight=\"41\" data-block-id=\"8\">\n<p class=\"content-text__container \" data-track-category=\"Link no Texto\" data-track-links=\"\">O documento traz informa\u00e7\u00f5es sobre as caracter\u00edsticas da nova variante do Amazonas (VOC P.1), orienta\u00e7\u00f5es e recomenda\u00e7\u00f5es de medidas que devem ser adotadas e intensificadas pelas secretarias de sa\u00fade estaduais, a fim de monitorar e evitar a propaga\u00e7\u00e3o da nova variante.<\/p>\n<\/div>\n<div class=\"mc-column content-text active-extra-styles\" style=\"text-align: justify;\" data-block-type=\"raw\" data-block-weight=\"22\" data-block-id=\"9\">\n<ul class=\"content-unordered-list\">\n<li><a href=\"https:\/\/g1.globo.com\/sp\/presidente-prudente-regiao\/noticia\/2021\/02\/17\/dracena-entra-em-colapso-na-saude-e-prefeitura-decide-endurecer-restricoes-para-tentar-controlar-o-avanco-da-pandemia-da-covid-19-na-cidade.ghtml\">Dracena entra em colapso na sa\u00fade e Prefeitura decide endurecer restri\u00e7\u00f5es para tentar controlar o avan\u00e7o da pandemia da Covid-19 na cidade<\/a><\/li>\n<\/ul>\n<\/div>\n<div class=\"mc-column content-text active-extra-styles \" style=\"text-align: justify;\" data-block-type=\"unstyled\" data-block-weight=\"49\" data-block-id=\"10\">\n<p class=\"content-text__container \" data-track-category=\"Link no Texto\" data-track-links=\"\">A vacina\u00e7\u00e3o para idosos entre 80 e 84 anos teve in\u00edcio nesta quarta-feira (24) em Dracena. Foram disponibilizadas 500 doses e a reportagem da\u00a0<strong>TV Fronteira\u00a0<\/strong>flagrou uma fila em frente ao Centro de Educa\u00e7\u00e3o Profissional (CEP-UME) que &#8220;dobrava&#8221; o quarteir\u00e3o. A espera era de cerca de 40 minutos.<\/p>\n<\/div>\n<div class=\"mc-column content-text active-extra-styles\" data-block-type=\"raw\" data-block-weight=\"17\" data-block-id=\"11\">\n<ul class=\"content-unordered-list\">\n<li style=\"text-align: justify;\"><a href=\"https:\/\/g1.globo.com\/sp\/presidente-prudente-regiao\/noticia\/2021\/02\/24\/fila-dobra-quarteirao-no-primeiro-dia-da-vacinacao-para-pessoas-de-80-a-84-anos-em-dracena.ghtml\">Fila \u2018dobra\u2019 quarteir\u00e3o no primeiro dia da vacina\u00e7\u00e3o para pessoas de 80 a 84 anos em Dracena<\/a><\/li>\n<\/ul>\n<\/div>\n<div class=\"row medium-uncollapsed content-media content-photo\" data-block-type=\"backstage-photo\" data-block-id=\"12\">\n<div class=\"mc-column content-media__container\">\n<figure><img decoding=\"async\" class=\"i-amphtml-fill-content i-amphtml-replaced-content\" src=\"https:\/\/s2.glbimg.com\/5XgSCiqJ1kP7tionQwDqcBWYVe8=\/0x0:1280x960\/984x0\/smart\/filters:strip_icc()\/i.s3.glbimg.com\/v1\/AUTH_59edd422c0c84a879bd37670ae4f538a\/internal_photos\/bs\/2021\/R\/g\/ODm9XbQs6yvZsiORlIEw\/whatsapp-image-2021-02-24-at-09.36.44.jpeg\" sizes=\"(max-width: 1366px) 648px, 100vw\" srcset=\"https:\/\/s2.glbimg.com\/fv6tRVqaBquFIsYxgGyK_O4CLTM=\/0x0:1280x960\/1000x0\/smart\/filters:strip_icc()\/i.s3.glbimg.com\/v1\/AUTH_59edd422c0c84a879bd37670ae4f538a\/internal_photos\/bs\/2021\/R\/g\/ODm9XbQs6yvZsiORlIEw\/whatsapp-image-2021-02-24-at-09.36.44.jpeg 1000w, https:\/\/s2.glbimg.com\/5XgSCiqJ1kP7tionQwDqcBWYVe8=\/0x0:1280x960\/984x0\/smart\/filters:strip_icc()\/i.s3.glbimg.com\/v1\/AUTH_59edd422c0c84a879bd37670ae4f538a\/internal_photos\/bs\/2021\/R\/g\/ODm9XbQs6yvZsiORlIEw\/whatsapp-image-2021-02-24-at-09.36.44.jpeg 984w, https:\/\/s2.glbimg.com\/ZQL_HHDmaIAQ6LOi2a8ePQno7uE=\/0x0:1280x960\/640x0\/smart\/filters:strip_icc()\/i.s3.glbimg.com\/v1\/AUTH_59edd422c0c84a879bd37670ae4f538a\/internal_photos\/bs\/2021\/R\/g\/ODm9XbQs6yvZsiORlIEw\/whatsapp-image-2021-02-24-at-09.36.44.jpeg 640w, https:\/\/s2.glbimg.com\/81-EBdxpsrPR9Gre3tWhA24TfXQ=\/0x0:1280x960\/600x0\/smart\/filters:strip_icc()\/i.s3.glbimg.com\/v1\/AUTH_59edd422c0c84a879bd37670ae4f538a\/internal_photos\/bs\/2021\/R\/g\/ODm9XbQs6yvZsiORlIEw\/whatsapp-image-2021-02-24-at-09.36.44.jpeg 600w\" alt=\"Vacina\u00e7\u00e3o contra a Covid- 19 para pessoas de 80 a 84 anos gerou fila de 'dobrar' quarteir\u00e3o \u2014 Foto: Carlos Volpi\/TV Fronteira\" \/><\/figure>\n<p class=\"content-media__description \" style=\"text-align: justify;\">Vacina\u00e7\u00e3o contra a Covid- 19 para pessoas de 80 a 84 anos gerou fila de &#8216;dobrar&#8217; quarteir\u00e3o \u2014 Foto: Carlos Volpi\/TV Fronteira<\/p>\n<\/div>\n<\/div>\n<div class=\"mc-column content-text active-extra-styles\" style=\"text-align: justify;\" data-block-type=\"raw\" data-block-weight=\"4\" data-block-id=\"14\">\n<div class=\"content-intertitle\">\n<h2>60 mortes pela Covid-19<\/h2>\n<\/div>\n<\/div>\n<div class=\"mc-column content-text active-extra-styles \" style=\"text-align: justify;\" data-block-type=\"unstyled\" data-block-weight=\"18\" data-block-id=\"15\">\n<p class=\"content-text__container \" data-track-category=\"Link no Texto\" data-track-links=\"\">At\u00e9 esta ter\u00e7a-feira (24), Dracena registrou\u00a0<a href=\"https:\/\/g1.globo.com\/sp\/presidente-prudente-regiao\/noticia\/2021\/02\/17\/dracena-entra-em-colapso-na-saude-e-prefeitura-decide-endurecer-restricoes-para-tentar-controlar-o-avanco-da-pandemia-da-covid-19-na-cidade.ghtml\">60 mortes causadas pelo novo coronav\u00edrus<\/a>\u00a0e 3.016 casos positivos da doen\u00e7a.<\/p>\n<\/div>\n<div class=\"mc-column content-text active-extra-styles \" style=\"text-align: justify;\" data-block-type=\"unstyled\" data-block-weight=\"16\" data-block-id=\"16\">\n<p class=\"content-text__container \" data-track-category=\"Link no Texto\" data-track-links=\"\">O boletim epidemiol\u00f3gico ainda apontou 659 pacientes em isolamento domiciliar e outros 29 em tratamento hospitalar.<\/p>\n<\/div>\n<div class=\"mc-column content-text active-extra-styles\" style=\"text-align: justify;\" data-block-type=\"raw\" data-block-weight=\"19\" data-block-id=\"17\">\n<ul class=\"content-unordered-list\">\n<li><a href=\"https:\/\/g1.globo.com\/sp\/presidente-prudente-regiao\/noticia\/2021\/02\/17\/dracena-entra-em-colapso-na-saude-e-prefeitura-decide-endurecer-restricoes-para-tentar-controlar-o-avanco-da-pandemia-da-covid-19-na-cidade.ghtml\">Em colapso na sa\u00fade, Dracena registra tr\u00eas mortes de pacientes de Covid-19 \u00e0 espera de vaga para interna\u00e7\u00e3o hospitalar<\/a><\/li>\n<\/ul>\n<\/div>\n<div class=\"row medium-uncollapsed content-media content-photo\" style=\"text-align: justify;\" data-block-type=\"backstage-photo\" data-block-id=\"18\">\n<div class=\"mc-column content-media__container\">\n<figure><img decoding=\"async\" class=\"i-amphtml-fill-content i-amphtml-replaced-content\" src=\"https:\/\/s2.glbimg.com\/Xb_PQ0_Am7-6uUR90CIE_Wgt1eQ=\/0x0:1280x720\/984x0\/smart\/filters:strip_icc()\/i.s3.glbimg.com\/v1\/AUTH_59edd422c0c84a879bd37670ae4f538a\/internal_photos\/bs\/2021\/T\/H\/CVRMGNTACwixUXmlsAoQ\/cemac-bill-4.jpg\" sizes=\"(max-width: 1366px) 648px, 100vw\" srcset=\"https:\/\/s2.glbimg.com\/kSs-XVB8k6JJqy5TvYiGFLWyBFM=\/0x0:1280x720\/1000x0\/smart\/filters:strip_icc()\/i.s3.glbimg.com\/v1\/AUTH_59edd422c0c84a879bd37670ae4f538a\/internal_photos\/bs\/2021\/T\/H\/CVRMGNTACwixUXmlsAoQ\/cemac-bill-4.jpg 1000w, https:\/\/s2.glbimg.com\/Xb_PQ0_Am7-6uUR90CIE_Wgt1eQ=\/0x0:1280x720\/984x0\/smart\/filters:strip_icc()\/i.s3.glbimg.com\/v1\/AUTH_59edd422c0c84a879bd37670ae4f538a\/internal_photos\/bs\/2021\/T\/H\/CVRMGNTACwixUXmlsAoQ\/cemac-bill-4.jpg 984w, https:\/\/s2.glbimg.com\/uaQppCQupt4G-TqNOg4Y7JhKIps=\/0x0:1280x720\/640x0\/smart\/filters:strip_icc()\/i.s3.glbimg.com\/v1\/AUTH_59edd422c0c84a879bd37670ae4f538a\/internal_photos\/bs\/2021\/T\/H\/CVRMGNTACwixUXmlsAoQ\/cemac-bill-4.jpg 640w, https:\/\/s2.glbimg.com\/pzOMzcURAqAdw2x1un3my5p8VI4=\/0x0:1280x720\/600x0\/smart\/filters:strip_icc()\/i.s3.glbimg.com\/v1\/AUTH_59edd422c0c84a879bd37670ae4f538a\/internal_photos\/bs\/2021\/T\/H\/CVRMGNTACwixUXmlsAoQ\/cemac-bill-4.jpg 600w\" alt=\"Centro Municipal de Atendimento \u00e0 Covid-19 (Cemac), em Dracena \u2014 Foto: Bill Paschoalotto\/TV Fronteira\" \/><\/figure>\n<p class=\"content-media__description \">Centro Municipal de Atendimento \u00e0 Covid-19 (Cemac), em Dracena \u2014 Foto: Bill Paschoalotto\/TV Fronteira<\/p>\n<\/div>\n<\/div>\n<div class=\"mc-column content-text active-extra-styles\" style=\"text-align: justify;\" data-block-type=\"raw\" data-block-weight=\"1\" data-block-id=\"19\">\n<div class=\"content-intertitle\">\n<h2>Colapso<\/h2>\n<\/div>\n<\/div>\n<div class=\"mc-column content-text active-extra-styles \" style=\"text-align: justify;\" data-block-type=\"unstyled\" data-block-weight=\"22\" data-block-id=\"20\">\n<p class=\"content-text__container \" data-track-category=\"Link no Texto\" data-track-links=\"\">No dia 17 de fevereiro, o prefeito de Dracena, Andr\u00e9 Kozan Lemos (PATRIOTA), afirmou ao\u00a0<strong>G1<\/strong>\u00a0que a cidade entrou em colapso.<\/p>\n<\/div>\n<div class=\"mc-column content-text active-extra-styles\" style=\"text-align: justify;\" data-block-type=\"raw\" data-block-weight=\"54\" data-block-id=\"21\">\n<ul class=\"content-unordered-list\">\n<li><a href=\"https:\/\/g1.globo.com\/sp\/presidente-prudente-regiao\/noticia\/2021\/02\/22\/secretaria-municipal-de-saude-de-dracena-testa-positivo-para-a-covid-19-e-e-afastada-das-funcoes.ghtml\">Secret\u00e1ria municipal de Sa\u00fade de Dracena testa positivo para a Covid-19 e \u00e9 afastada das fun\u00e7\u00f5es<\/a><\/li>\n<li><a href=\"https:\/\/g1.globo.com\/sp\/presidente-prudente-regiao\/noticia\/2021\/02\/19\/agravamento-da-pandemia-faz-governo-do-estado-rebaixar-a-regiao-de-presidente-prudente-para-a-fase-vermelha-do-plano-sao-paulo.ghtml\">Agravamento da pandemia faz governo do Estado rebaixar a regi\u00e3o de Presidente Prudente para a fase vermelha do Plano S\u00e3o Paulo<\/a><\/li>\n<li><a href=\"https:\/\/g1.globo.com\/sp\/presidente-prudente-regiao\/noticia\/2021\/02\/18\/prefeitura-suspende-visitas-na-penitenciaria-de-dracena-para-tentar-conter-aumento-de-casos-de-covid-19-no-municipio.ghtml\">Prefeitura suspende visitas na Penitenci\u00e1ria de Dracena para tentar conter aumento de casos de Covid-19 no munic\u00edpio<\/a><\/li>\n<\/ul>\n<\/div>\n<div class=\"mc-column content-text active-extra-styles \" style=\"text-align: justify;\" data-block-type=\"unstyled\" data-block-weight=\"32\" data-block-id=\"22\">\n<p class=\"content-text__container \" data-track-category=\"Link no Texto\" data-track-links=\"\">Um decreto municipal foi elaborado com novas restri\u00e7\u00f5es impostas para tentar controlar a situa\u00e7\u00e3o da pandemia no munic\u00edpio, inclusive com a ado\u00e7\u00e3o de toque de recolher e\u00a0<em>lockdown<\/em>\u00a0aos fins de semana.<\/p>\n<\/div>\n<div class=\"mc-column content-text active-extra-styles \" data-block-type=\"unstyled\" data-block-weight=\"11\" data-block-id=\"23\">\n<p class=\"content-text__container \" style=\"text-align: justify;\" data-track-category=\"Link no Texto\" data-track-links=\"\">As visitas a detentos na penitenci\u00e1ria da cidade\u00a0<a href=\"https:\/\/g1.globo.com\/sp\/presidente-prudente-regiao\/noticia\/2021\/02\/18\/prefeitura-suspende-visitas-na-penitenciaria-de-dracena-para-tentar-conter-aumento-de-casos-de-covid-19-no-municipio.ghtml\">tamb\u00e9m foram suspensas<\/a>.<\/p>\n<div class=\"mc-column content-text active-extra-styles\" data-block-type=\"raw\" data-block-weight=\"1\" data-block-id=\"26\">\n<div class=\"content-intertitle\">\n<h2 style=\"text-align: justify;\">Estrutura<\/h2>\n<\/div>\n<\/div>\n<div class=\"mc-column content-text active-extra-styles \" style=\"text-align: justify;\" data-block-type=\"unstyled\" data-block-weight=\"62\" data-block-id=\"27\">\n<p class=\"content-text__container \" data-track-category=\"Link no Texto\" data-track-links=\"\">O prefeito Andr\u00e9 Kozan Lemos anunciou nesta ter\u00e7a-feira (23) a libera\u00e7\u00e3o, junto ao governo do Estado, de R$ 1.710.000,00 para o munic\u00edpio, dinheiro que ser\u00e1 revertido para o custeio da Enfermaria Covid 2, que iniciou as atividades na semana passada, e ainda para a instala\u00e7\u00e3o de outra unidade de UTI para o atendimento de Covid-19 na Santa Casa de Miseric\u00f3rdia de Dracena.<\/p>\n<\/div>\n<div class=\"mc-column content-text active-extra-styles \" style=\"text-align: justify;\" data-block-type=\"unstyled\" data-block-weight=\"21\" data-block-id=\"28\">\n<p class=\"content-text__container \" data-track-category=\"Link no Texto\" data-track-links=\"\">O momento da pandemia na cidade \u00e9 considerado como o mais cr\u00edtico, desde mar\u00e7o do ano passado, segundo o Poder Executivo.<\/p>\n<\/div>\n<div class=\"mc-column content-text active-extra-styles \" style=\"text-align: justify;\" data-block-type=\"unstyled\" data-block-weight=\"46\" data-block-id=\"29\">\n<p class=\"content-text__container \" data-track-category=\"Link no Texto\" data-track-links=\"\">Na semana passada, o prefeito determinou o in\u00edcio das atividades da Enfermaria Covid 2 na Santa Casa mesmo ainda sem a informa\u00e7\u00e3o do custeio pelo Estado, com recursos pr\u00f3prios da municipalidade, e nesta ter\u00e7a-feira (23) p\u00f4de concretizar de fato o pagamento por meio do governo paulista.<\/p>\n<\/div>\n<div class=\"mc-column content-text active-extra-styles \" style=\"text-align: justify;\" data-block-type=\"unstyled\" data-block-weight=\"43\" data-block-id=\"30\">\n<p class=\"content-text__container \" data-track-category=\"Link no Texto\" data-track-links=\"\">Para ser instalada outra unidade de UTI para Covid-19 na Santa Casa, a diretoria do hospital est\u00e1 em busca de condi\u00e7\u00f5es t\u00e9cnicas para oferecer o servi\u00e7o. Segundo a Prefeitura, h\u00e1 a expectativa para iniciar o atendimento da nova UTI na semana que vem.<\/p>\n<\/div>\n<div class=\"mc-column content-text active-extra-styles \" style=\"text-align: justify;\" data-block-type=\"unstyled\" data-block-weight=\"29\" data-block-id=\"31\">\n<p class=\"content-text__container \" data-track-category=\"Link no Texto\" data-track-links=\"\">O prefeito informou que os dez respiradores que foram anunciados na segunda-feira (22) ser\u00e3o utilizados na unidade. Por\u00e9m, Lemos pontuou que faltam 40 bombas de infus\u00f5es que ser\u00e3o providenciadas.<\/p>\n<\/div>\n<div class=\"mc-column content-text active-extra-styles \" style=\"text-align: justify;\" data-block-type=\"unstyled\" data-block-weight=\"21\" data-block-id=\"32\">\n<p class=\"content-text__container \" data-track-category=\"Link no Texto\" data-track-links=\"\">O custo da Enfermaria Covid 2 \u00e9 de R$ 270 mil; quanto \u00e0 UTI Covid, o valor \u00e9 de R$ 1.440.000,00.<\/p>\n<\/div>\n<div class=\"mc-column content-text active-extra-styles \" data-block-type=\"unstyled\" data-block-weight=\"32\" data-block-id=\"33\">\n<p class=\"content-text__container \" style=\"text-align: justify;\" data-track-category=\"Link no Texto\" data-track-links=\"\">O prefeito ainda refor\u00e7ou um recado \u00e0 popula\u00e7\u00e3o, para que n\u00e3o se descuide, porque o momento \u00e9 grave e s\u00f3 com a uni\u00e3o de todos \u00e9 que a situa\u00e7\u00e3o poder\u00e1 ser superada.<\/p>\n<p style=\"text-align: justify;\" data-track-category=\"Link no Texto\" data-track-links=\"\">Fonte: https:\/\/g1.globo.com\/sp\/presidente-prudente-regiao\/noticia\/2021\/02\/24\/prefeito-de-dracena-autoriza-coleta-de-amostras-para-identificar-se-nova-cepa-do-coronavirus-circula-no-municipio.ghtml<\/p>\n<\/div>\n<\/div>\n<\/div>\n","protected":false},"excerpt":{"rendered":"<p>An\u00fancio foi feito nesta ter\u00e7a-feira (23) e o chefe do Poder Executivo afirmou que todos os ind\u00edcios apontam que a variante P1 j\u00e1 esteja na cidade. O prefeito de\u00a0Dracena (SP), Andr\u00e9 Kozan Lemos (PATRIOTA), afirmou nesta ter\u00e7a-feira (23) que autorizou a coleta de amostras para identificar se a variante brasileira do novo coronav\u00edrus, conhecida como [&hellip;]<\/p>\n","protected":false},"author":1,"featured_media":43610,"comment_status":"closed","ping_status":"open","sticky":false,"template":"","format":"standard","meta":{"footnotes":""},"categories":[110,122],"tags":[],"class_list":["post-43609","post","type-post","status-publish","format-standard","has-post-thumbnail","hentry","category-noticiasdestaque","category-saudeeducacaoeconcurso"],"_links":{"self":[{"href":"https:\/\/jorgezanoni.com.br\/2019\/wp-json\/wp\/v2\/posts\/43609","targetHints":{"allow":["GET"]}}],"collection":[{"href":"https:\/\/jorgezanoni.com.br\/2019\/wp-json\/wp\/v2\/posts"}],"about":[{"href":"https:\/\/jorgezanoni.com.br\/2019\/wp-json\/wp\/v2\/types\/post"}],"author":[{"embeddable":true,"href":"https:\/\/jorgezanoni.com.br\/2019\/wp-json\/wp\/v2\/users\/1"}],"replies":[{"embeddable":true,"href":"https:\/\/jorgezanoni.com.br\/2019\/wp-json\/wp\/v2\/comments?post=43609"}],"version-history":[{"count":0,"href":"https:\/\/jorgezanoni.com.br\/2019\/wp-json\/wp\/v2\/posts\/43609\/revisions"}],"wp:featuredmedia":[{"embeddable":true,"href":"https:\/\/jorgezanoni.com.br\/2019\/wp-json\/wp\/v2\/media\/43610"}],"wp:attachment":[{"href":"https:\/\/jorgezanoni.com.br\/2019\/wp-json\/wp\/v2\/media?parent=43609"}],"wp:term":[{"taxonomy":"category","embeddable":true,"href":"https:\/\/jorgezanoni.com.br\/2019\/wp-json\/wp\/v2\/categories?post=43609"},{"taxonomy":"post_tag","embeddable":true,"href":"https:\/\/jorgezanoni.com.br\/2019\/wp-json\/wp\/v2\/tags?post=43609"}],"curies":[{"name":"wp","href":"https:\/\/api.w.org\/{rel}","templated":true}]}}