{"id":43606,"date":"2021-02-24T17:20:53","date_gmt":"2021-02-24T17:20:53","guid":{"rendered":"https:\/\/jorgezanoni.com.br\/2019\/?p=43606"},"modified":"2021-02-24T17:20:53","modified_gmt":"2021-02-24T17:20:53","slug":"governo-de-sp-determina-restricao-de-circulacao-das-23h-as-5h-em-todo-o-estado-a-partir-de-sexta-feira","status":"publish","type":"post","link":"https:\/\/jorgezanoni.com.br\/2019\/governo-de-sp-determina-restricao-de-circulacao-das-23h-as-5h-em-todo-o-estado-a-partir-de-sexta-feira\/","title":{"rendered":"Governo de SP determina restri\u00e7\u00e3o de circula\u00e7\u00e3o das 23h \u00e0s 5h em todo o estado a partir de sexta-feira"},"content":{"rendered":"<h2 class=\"content-head__subtitle\" style=\"text-align: justify;\">Segundo governador Jo\u00e3o Doria, medida ir\u00e1 at\u00e9 o dia 14 de mar\u00e7o e ocorre ap\u00f3s recorde de pacientes com Covid-19 internados em UTI. Gest\u00e3o afirma que far\u00e1 for\u00e7a-tarefa para fiscalizar estabelecimentos que descumprirem a determina\u00e7\u00e3o.<\/h2>\n<div class=\"mc-column content-text active-extra-styles \" data-block-type=\"unstyled\" data-block-weight=\"37\" data-block-id=\"2\">\n<p class=\"content-text__container \" style=\"text-align: justify;\" data-track-category=\"Link no Texto\" data-track-links=\"\">O governo de S\u00e3o Paulo determinou a restri\u00e7\u00e3o de circula\u00e7\u00e3o das 23h \u00e0s 5h em todo o estado. A regra entra em vigor a partir desta sexta-feira (26) e valer\u00e1 at\u00e9 o dia 14 de mar\u00e7o.<\/p>\n<\/div>\n<div class=\"wall protected-content\">\n<div class=\"mc-column content-text active-extra-styles \" style=\"text-align: justify;\" data-block-type=\"unstyled\" data-block-weight=\"33\" data-block-id=\"3\">\n<p class=\"content-text__container \" data-track-category=\"Link no Texto\" data-track-links=\"\">Anunciada nesta quarta (24), a medida \u00e9 complementar ao plano de flexibiliza\u00e7\u00e3o econ\u00f4mica e ocorre\u00a0<a href=\"https:\/\/g1.globo.com\/sp\/sao-paulo\/noticia\/2021\/02\/22\/sp-tem-aumento-de-pacientes-internados-em-uti-com-covid-19-e-governo-diz-que-vai-endurecer-quarentena-na-quarta.ghtml\">ap\u00f3s o estado registrar maior n\u00famero de pacientes com Covid-19 internados em UTI desde o in\u00edcio da pandemia<\/a>.<\/p>\n<\/div>\n<div class=\"mc-column content-text active-extra-styles \" style=\"text-align: justify;\" data-block-type=\"unstyled\" data-block-weight=\"58\" data-block-id=\"4\">\n<p class=\"content-text__container \" data-track-category=\"Link no Texto\" data-track-links=\"\">&#8220;Dado ao fato de que chegamos ao recorde de internados com Covid-19 no sistema hospitalar de S\u00e3o Paulo, o governo de S\u00e3o Paulo, atendendo expressa recomenda\u00e7\u00e3o do centro de conting\u00eancia, decreta restri\u00e7\u00e3o de circula\u00e7\u00e3o de pessoas das 23h \u00e0s 5h em todo o estado&#8221;, disse o governador Jo\u00e3o Doria (PSDB) em coletiva de imprensa nesta quarta (24).<\/p>\n<\/div>\n<div class=\"mc-column content-text active-extra-styles \" style=\"text-align: justify;\" data-block-type=\"unstyled\" data-block-weight=\"18\" data-block-id=\"5\">\n<p class=\"content-text__container \" data-track-category=\"Link no Texto\" data-track-links=\"\">Doria destacou que\u00a0<span class=\"highlight highlighted\">n\u00e3o se trata de um &#8216;lockdown&#8217;,<\/span>\u00a0quando as pessoas s\u00e3o efetivamente proibidas de circular.<\/p>\n<\/div>\n<div class=\"mc-column content-text active-extra-styles\" style=\"text-align: justify;\" data-block-type=\"raw\" data-block-weight=\"35\" data-block-id=\"6\">\n<blockquote class=\"content-blockquote theme-border-color-primary-before\"><p>&#8220;O transporte p\u00fablico n\u00e3o ser\u00e1 interrompido. Ele ser\u00e1 restringido, limitado, mas n\u00e3o ser\u00e1 interrompido. N\u00e3o vamos punir as pessoas que estejam retornando para casa. \u00c9 um toque de restri\u00e7\u00e3o, n\u00e3o \u00e9 lockdown&#8221;, disse o governador.<\/p><\/blockquote>\n<\/div>\n<div class=\"mc-column content-text active-extra-styles \" style=\"text-align: justify;\" data-block-type=\"unstyled\" data-block-weight=\"47\" data-block-id=\"7\">\n<p class=\"content-text__container \" data-track-category=\"Link no Texto\" data-track-links=\"\">Embora sustente que a nova medida seja eficaz para coibir aglomera\u00e7\u00f5es em bares, restaurantes e festas clandestinas, que costumam ocorrer no per\u00edodo noturno, ela tem pouco efeito pr\u00e1tico para as cidades que est\u00e3o em fases mais permissivas do plano de flexibiliza\u00e7\u00e3o econ\u00f4mica da quarentena, como a amarela.<\/p>\n<\/div>\n<div class=\"content-ads content-ads--reveal\" style=\"text-align: justify;\" data-block-type=\"ads\" data-block-id=\"8\"><\/div>\n<div class=\"mc-column content-text active-extra-styles \" style=\"text-align: justify;\" data-block-type=\"unstyled\" data-block-weight=\"31\" data-block-id=\"9\">\n<p class=\"content-text__container \" data-track-category=\"Link no Texto\" data-track-links=\"\">O governo afirma, por\u00e9m, que desta vez far\u00e1 uma for\u00e7a-tarefa para ampliar a fiscaliza\u00e7\u00e3o dos estabelecimentos, mas n\u00e3o esclareceu o que ser\u00e1 feito com o cidad\u00e3o que desrespeitar a medida.<\/p>\n<\/div>\n<div class=\"mc-column content-text active-extra-styles \" style=\"text-align: justify;\" data-block-type=\"unstyled\" data-block-weight=\"57\" data-block-id=\"10\">\n<p class=\"content-text__container \" data-track-category=\"Link no Texto\" data-track-links=\"\">\u201cH\u00e1 uma for\u00e7a tarefa de fiscaliza\u00e7\u00e3o, para que essas medidas sejam seguidas por todos. Isso vai ser feito em conjunto pelas vigil\u00e2ncias sanit\u00e1rias municipais e do estado, pela Pol\u00edcia Militar e pelos Procons. E aqui temos o 0800 para den\u00fancias da popula\u00e7\u00e3o [0800-771-3541]\u201d, afirmou o coordenador do centro de conting\u00eancia da Covid-19, o m\u00e9dico Paulo Menezes.<\/p>\n<\/div>\n<div class=\"mc-column content-text active-extra-styles \" style=\"text-align: justify;\" data-block-type=\"unstyled\" data-block-weight=\"49\" data-block-id=\"11\">\n<p class=\"content-text__container \" data-track-category=\"Link no Texto\" data-track-links=\"\">Segundo a secret\u00e1ria de Desenvolvimento Econ\u00f4mico, Patr\u00edcia Ellen, o direito de ir e vir n\u00e3o ser\u00e1 restringido, mas passa a haver multa para descumprimento de protocolos, para al\u00e9m da multa j\u00e1 estabelecida para quem n\u00e3o usa m\u00e1scara. A secret\u00e1ria, no entanto, n\u00e3o esclareceu que multas novas ser\u00e3o aplicadas.<\/p>\n<\/div>\n<div class=\"mc-column content-text active-extra-styles \" style=\"text-align: justify;\" data-block-type=\"unstyled\" data-block-weight=\"66\" data-block-id=\"12\">\n<p class=\"content-text__container \" data-track-category=\"Link no Texto\" data-track-links=\"\">&#8220;N\u00e3o vamos penalizar de forma alguma quem est\u00e1 trabalhando e cumprindo protocolos. Essa \u00e9 uma mensagem pedag\u00f3gica e simb\u00f3lica para a popula\u00e7\u00e3o porque, at\u00e9 hoje, as multas eram restritas a uso de m\u00e1scaras e n\u00e3o a descumprimento do Plano SP. Isso muda, e isso \u00e9 muito importante. N\u00f3s vamos ter uma fiscaliza\u00e7\u00e3o que vai estar muito mais concentrada em verificar aglomera\u00e7\u00f5es, n\u00e3o apenas estabelecimentos comerciais&#8221;, afirmou.<\/p>\n<\/div>\n<div class=\"mc-column content-text active-extra-styles \" style=\"text-align: justify;\" data-block-type=\"unstyled\" data-block-weight=\"26\" data-block-id=\"13\">\n<p class=\"content-text__container \" data-track-category=\"Link no Texto\" data-track-links=\"\">N\u00e3o \u00e9 a primeira vez que o governo tenta limitar a circula\u00e7\u00e3o de pessoas durante a noite como estrat\u00e9gia para conter a contamina\u00e7\u00e3o pelo coronav\u00edrus.<\/p>\n<\/div>\n<div class=\"mc-column content-text active-extra-styles \" style=\"text-align: justify;\" data-block-type=\"unstyled\" data-block-weight=\"32\" data-block-id=\"14\">\n<p class=\"content-text__container \" data-track-category=\"Link no Texto\" data-track-links=\"\">No final de janeiro, a gest\u00e3o de Jo\u00e3o Doria\u00a0<a href=\"https:\/\/g1.globo.com\/sp\/sao-paulo\/noticia\/2021\/01\/22\/governo-de-sp-coloca-estado-na-fase-vermelha-da-quarentena-aos-finais-de-semana-e-a-partir-das-20h-nos-dias-uteis.ghtml\">chegou colocar todo o estado na fase vermelha, a mais restritiva<\/a>, durante o final de semana dos dias 30 e 31 janeiro.<\/p>\n<\/div>\n<div class=\"mc-column content-text active-extra-styles \" style=\"text-align: justify;\" data-block-type=\"unstyled\" data-block-weight=\"23\" data-block-id=\"15\">\n<p class=\"content-text__container \" data-track-category=\"Link no Texto\" data-track-links=\"\">Inicialmente, a medida iria at\u00e9 o dia 7 de fevereiro, mas ap\u00f3s\u00a0<a href=\"https:\/\/g1.globo.com\/sp\/sao-paulo\/noticia\/2021\/02\/06\/apos-pressao-de-bares-e-restaurantes-governo-muda-regras-e-grande-sp-vive-3-fases-da-quarentena-em-uma-semana.ghtml\">press\u00e3o dos setores de com\u00e9rcio, bares e restaurantes, foi suspensa.<\/a><\/p>\n<\/div>\n<div class=\"mc-column content-text active-extra-styles\" style=\"text-align: justify;\" data-block-type=\"raw\" data-block-weight=\"3\" data-block-id=\"16\">\n<div class=\"content-intertitle\">\n<h2>Atua\u00e7\u00e3o da PM<\/h2>\n<\/div>\n<\/div>\n<div class=\"mc-column content-text active-extra-styles \" style=\"text-align: justify;\" data-block-type=\"unstyled\" data-block-weight=\"39\" data-block-id=\"17\">\n<p class=\"content-text__container \" data-track-category=\"Link no Texto\" data-track-links=\"\">Sobre a fiscaliza\u00e7\u00e3o da circula\u00e7\u00e3o das 23h \u00e0s 5h, o general Jo\u00e3o Camilo Pires de Campos, que comanda a pasta da Seguran\u00e7a P\u00fablica de SP, e \u00e9 respons\u00e1vel pelas pol\u00edcias do estado, disse que ser\u00e3o feitas blitze de &#8220;orienta\u00e7\u00e3o&#8221;.<\/p>\n<\/div>\n<div class=\"mc-column content-text active-extra-styles \" style=\"text-align: justify;\" data-block-type=\"unstyled\" data-block-weight=\"45\" data-block-id=\"19\">\n<p class=\"content-text__container \" data-track-category=\"Link no Texto\" data-track-links=\"\">&#8220;O foco est\u00e1 naquele grupo de pessoas que pode comprometer um grupo muito maior de pessoas que n\u00e3o tem nada a ver com aquela reuni\u00e3o. [&#8230;] Esperamos que d\u00ea resultado especialmente pela conscientiza\u00e7\u00e3o das pessoas, e pelas solu\u00e7\u00f5es administrativas, antes das penais&#8221;, disse Campos.<\/p>\n<\/div>\n<div class=\"mc-column content-text active-extra-styles \" style=\"text-align: justify;\" data-block-type=\"unstyled\" data-block-weight=\"22\" data-block-id=\"20\">\n<p class=\"content-text__container \" data-track-category=\"Link no Texto\" data-track-links=\"\">&#8220;Faremos blitze, sim. Com o objetivo de orientar. Quem sabe, mais a frente, [com o objetivo] de controlar. Mas faremos blitz&#8221;, completou.<\/p>\n<\/div>\n<div class=\"mc-column content-text active-extra-styles \" style=\"text-align: justify;\" data-block-type=\"unstyled\" data-block-weight=\"30\" data-block-id=\"21\">\n<p class=\"content-text__container \" data-track-category=\"Link no Texto\" data-track-links=\"\">Ele tamb\u00e9m afirmou que aumentar\u00e1 o efetivo da PM para dar apoio \u00e0s equipes de vigil\u00e2ncia sanit\u00e1ria, mas n\u00e3o detalhou quantos policiais a mais ser\u00e3o destinados para esta fun\u00e7\u00e3o.<\/p>\n<\/div>\n<div class=\"mc-column content-text active-extra-styles\" style=\"text-align: justify;\" data-block-type=\"raw\" data-block-weight=\"1\" data-block-id=\"22\">\n<div class=\"content-intertitle\">\n<h2>Contradi\u00e7\u00f5es<\/h2>\n<\/div>\n<\/div>\n<div class=\"mc-column content-text active-extra-styles \" style=\"text-align: justify;\" data-block-type=\"unstyled\" data-block-weight=\"30\" data-block-id=\"23\">\n<p class=\"content-text__container \" data-track-category=\"Link no Texto\" data-track-links=\"\">O an\u00fancio de medidas mais duras ocorre menos de uma semana ap\u00f3s o governo divulgar uma revis\u00e3o na regra de venda de bebidas alco\u00f3licas na fase amarela do plano.<\/p>\n<\/div>\n<div class=\"mc-column content-text active-extra-styles\" style=\"text-align: justify;\" data-block-type=\"raw\" data-block-weight=\"20\" data-block-id=\"24\">\n<ul class=\"content-unordered-list\">\n<li><a href=\"https:\/\/g1.globo.com\/sp\/sao-paulo\/noticia\/2021\/01\/23\/entenda-as-fases-do-plano-sao-paulo-que-regulamenta-o-que-pode-funcionar-na-quarentena-em-sp-veja-perguntas-e-respostas.ghtml\">PERGUNTAS E RESPOSTAS: Entenda as fases do Plano S\u00e3o Paulo, que regulamenta o que pode funcionar na quarentena em SP<\/a><\/li>\n<\/ul>\n<\/div>\n<div class=\"mc-column content-text active-extra-styles \" style=\"text-align: justify;\" data-block-type=\"unstyled\" data-block-weight=\"37\" data-block-id=\"25\">\n<p class=\"content-text__container \" data-track-category=\"Link no Texto\" data-track-links=\"\">Antes, mesmo com autoriza\u00e7\u00e3o para funcionar at\u00e9 22h, os restaurantes tinham que interromper a venda e consumo interno de bebidas at\u00e9 20h. Lojas de conveni\u00eancia tamb\u00e9m s\u00f3 estavam autorizadas a vender bebidas alco\u00f3licas at\u00e9 as 20h.<\/p>\n<\/div>\n<div class=\"mc-column content-text active-extra-styles \" style=\"text-align: justify;\" data-block-type=\"unstyled\" data-block-weight=\"23\" data-block-id=\"26\">\n<p class=\"content-text__container \" data-track-category=\"Link no Texto\" data-track-links=\"\"><span class=\"highlight highlighted\">Com a mudan\u00e7a, o hor\u00e1rio para os dois setores foi estendido at\u00e9 22h. Bares continuam s\u00f3 podendo funcionar at\u00e9 20h na fase amarela.<\/span><\/p>\n<\/div>\n<div class=\"mc-column content-text active-extra-styles \" style=\"text-align: justify;\" data-block-type=\"unstyled\" data-block-weight=\"29\" data-block-id=\"27\">\n<p class=\"content-text__container \" data-track-category=\"Link no Texto\" data-track-links=\"\">As regras para as fases laranja e vermelha continuaram as mesma, com obrigatoriedade de fechamento de todos os setores n\u00e3o essenciais at\u00e9 20h, incluindo a venda de bebidas.<\/p>\n<\/div>\n<div class=\"mc-column content-text active-extra-styles\" style=\"text-align: justify;\" data-block-type=\"raw\" data-block-weight=\"4\" data-block-id=\"28\">\n<div class=\"content-intertitle\">\n<h2>Altera\u00e7\u00f5es no Plano SP<\/h2>\n<\/div>\n<\/div>\n<div class=\"mc-column content-text active-extra-styles \" style=\"text-align: justify;\" data-block-type=\"unstyled\" data-block-weight=\"21\" data-block-id=\"29\">\n<p class=\"content-text__container \" data-track-category=\"Link no Texto\" data-track-links=\"\">No in\u00edcio do ano, o governo\u00a0<a href=\"https:\/\/g1.globo.com\/sp\/sao-paulo\/noticia\/2021\/01\/11\/quatro-regioes-de-sp-entram-na-fase-laranja-da-flexibilizacao-com-liberacao-de-atividades-que-antes-estavam-proibidas-neste-estagio.ghtml\">fez altera\u00e7\u00f5es nas regras de funcionamento da fase laranja<\/a>, e a tornou mais permissiva.<\/p>\n<\/div>\n<div class=\"mc-column content-text active-extra-styles \" style=\"text-align: justify;\" data-block-type=\"unstyled\" data-block-weight=\"21\" data-block-id=\"30\">\n<p class=\"content-text__container \" data-track-category=\"Link no Texto\" data-track-links=\"\">Dentre as flexibiliza\u00e7\u00f5es, foi liberado para que bares operem nos hor\u00e1rios dos restaurantes, caso sirvam comida para clientes que fiquem sentados.<\/p>\n<\/div>\n<div class=\"mc-column content-text active-extra-styles \" style=\"text-align: justify;\" data-block-type=\"unstyled\" data-block-weight=\"40\" data-block-id=\"31\">\n<p class=\"content-text__container \" data-track-category=\"Link no Texto\" data-track-links=\"\">O Plano S\u00e3o Paulo prev\u00ea o rebaixamento para fases com regras mais restritivas da quarentena em regi\u00f5es que apresentam grande aumento semanal de novas interna\u00e7\u00f5es, mortes, casos ou taxa de ocupa\u00e7\u00e3o de leitos de Unidade de Terapia Intensiva (UTI).<\/p>\n<\/div>\n<div class=\"content-ads content-ads--reveal\" style=\"text-align: justify;\" data-block-type=\"ads\" data-block-id=\"32\">\n<div id=\"banner_materia__cc0b54d1-f547-4b17-b6a9-7e0a162ea720\" class=\"tag-manager-publicidade-container mc-has-reveal mc-has-ad-lazyload tag-manager-publicidade-banner_materia__cc0b54d1-f547-4b17-b6a9-7e0a162ea720 tag-manager-publicidade-container--carregado tag-manager-publicidade-container--visivel\" data-id=\"banner_materia__cc0b54d1-f547-4b17-b6a9-7e0a162ea720\" data-req=\"true\" data-google-query-id=\"CL2i6eeCg-8CFRQvuQYd0XMA7g\" data-cid=\"null\" data-lid=\"null\">\n<div id=\"google_ads_iframe_\/95377733\/tvg_G1\/Sua_Regiao&gt;Sudeste&gt;Sao_Paulo_5__container__\" style=\"box-sizing: inherit; margin: auto; padding: 0px; border: 0pt none; font: inherit; vertical-align: initial; max-width: 100%; width: 970px; height: 250px; text-align: justify;\"><span style=\"text-align: justify;\">No \u00faltimo dia 15, o governo de S\u00e3o Paulo determinou o cancelamento das<\/span><a style=\"text-align: justify;\" href=\"https:\/\/g1.globo.com\/sp\/sao-paulo\/noticia\/2021\/01\/22\/governo-de-sp-diz-que-leitos-de-uti-podem-acabar-em-28-dias-e-anuncia-reabertura-de-hospital-de-campanha-de-heliopolis.ghtml\">\u00a0cirurgias eletivas em todos os hospitais p\u00fablicos e conveniados do estado<\/a><span style=\"text-align: justify;\">.<\/span><span style=\"text-align: justify;\">Na ocasi\u00e3o, tamb\u00e9m foi anunciada a reativa\u00e7\u00e3o do Hospital de Campanha de Heli\u00f3polis, na capital, previsto para ter leitos liberados nesta quinta (25).\u00a0<\/span>O governo tamb\u00e9m alterou o par\u00e2metro de taxa de ocupa\u00e7\u00e3o de leitos de Unidades de Terapia Intensiva (UTI) na fase vermelha, que passou de 80 para 75%.<\/div>\n<div style=\"box-sizing: inherit; margin: auto; padding: 0px; border: 0pt none; font: inherit; vertical-align: initial; max-width: 100%; width: 970px; height: 250px; text-align: justify;\"><strong style=\"color: #111111; font-family: Roboto, sans-serif; font-size: 27px;\">Classifica\u00e7\u00e3o &#8211; atualizada em 19 de fevereiro<\/strong><\/div>\n<div style=\"box-sizing: inherit; margin: auto; padding: 0px; border: 0pt none; font: inherit; vertical-align: initial; max-width: 100%; width: 970px; height: 250px; text-align: justify;\"><strong>Vermelha \u2013 s\u00f3 operam servi\u00e7os essenciais<\/strong><\/div>\n<div style=\"box-sizing: inherit; margin: auto; padding: 0px; border: 0pt none; font: inherit; vertical-align: initial; max-width: 100%; width: 970px; height: 250px; text-align: justify;\">Araraquara, Bauru, Barretos e Presidente Prudente.<\/div>\n<div style=\"box-sizing: inherit; margin: auto; padding: 0px; border: 0pt none; font: inherit; vertical-align: initial; max-width: 100%; width: 970px; height: 250px; text-align: justify;\"><strong>Laranja \u2013 bares n\u00e3o abrem, e demais servi\u00e7os funcionam com restri\u00e7\u00f5es de hor\u00e1rios e capacidade<\/strong><\/div>\n<\/div>\n<\/div>\n<div class=\"mc-column content-text active-extra-styles\" style=\"text-align: justify;\" data-block-type=\"raw\" data-block-weight=\"16\" data-block-id=\"40\">\n<ul class=\"content-unordered-list\">\n<li>Franca<\/li>\n<li>Mar\u00edlia<\/li>\n<li>Piracicaba<\/li>\n<li>Ribeir\u00e3o Preto<\/li>\n<li>S\u00e3o Jos\u00e9 do Rio Preto<\/li>\n<li>S\u00e3o Jo\u00e3o da Boa Vista<\/li>\n<li>Taubat\u00e9<\/li>\n<\/ul>\n<\/div>\n<div class=\"mc-column content-text active-extra-styles \" style=\"text-align: justify;\" data-block-type=\"unstyled\" data-block-weight=\"12\" data-block-id=\"41\">\n<p class=\"content-text__container \" data-track-category=\"Link no Texto\" data-track-links=\"\"><strong>Amarela &#8211; com\u00e9rcio e restaurantes podem funcionar at\u00e9 22h; bares at\u00e9 20h<\/strong><\/p>\n<\/div>\n<div class=\"mc-column content-text active-extra-styles\" style=\"text-align: justify;\" data-block-type=\"raw\" data-block-weight=\"11\" data-block-id=\"42\">\n<ul class=\"content-unordered-list\">\n<li>Ara\u00e7atuba<\/li>\n<li>Sorocaba<\/li>\n<li>Baixada Santista<\/li>\n<li>Campinas<\/li>\n<li>Grande SP &#8211; incluindo capital<\/li>\n<li>Registro<\/li>\n<\/ul>\n<\/div>\n<div class=\"mc-column content-text active-extra-styles\" data-block-type=\"raw\" data-block-weight=\"7\" data-block-id=\"43\">\n<div class=\"content-intertitle\">\n<h2 style=\"text-align: justify;\">O que pode funcionar em cada fase<\/h2>\n<div class=\"mc-column content-text active-extra-styles\" style=\"text-align: justify;\" data-block-type=\"raw\" data-block-weight=\"6\" data-block-id=\"45\">\n<div class=\"content-intertitle\">\n<h2><strong>O que funciona na Fase Laranja<\/strong><\/h2>\n<\/div>\n<\/div>\n<div class=\"mc-column content-text active-extra-styles \" style=\"text-align: justify;\" data-block-type=\"unstyled\" data-block-weight=\"15\" data-block-id=\"46\">\n<p class=\"content-text__container \" data-track-category=\"Link no Texto\" data-track-links=\"\"><strong><br \/>\n(Esta fase sofreu altera\u00e7\u00f5es no dia 5 de janeiro e passou a ser mais permissiva)<\/strong><\/p>\n<\/div>\n<div class=\"mc-column content-text active-extra-styles\" style=\"text-align: justify;\" data-block-type=\"raw\" data-block-weight=\"88\" data-block-id=\"47\">\n<ul class=\"content-unordered-list\">\n<li>Todos os setores de com\u00e9rcio e servi\u00e7os passam a ser permitidos. A exce\u00e7\u00e3o \u00e9 o atendimento presencial em bares, que continua proibido. No entanto, bares que servem comida (operam como restaurantes) podem funcionar.<\/li>\n<li>Capacidade de ocupa\u00e7\u00e3o: 40% em todos os setores.<\/li>\n<li>Funcionamento m\u00e1ximo: 8 horas por dia.<\/li>\n<li>Hor\u00e1rio de fechamento: atendimento presencial das 6h \u00e0s 20h.<\/li>\n<li>Lojas de conveni\u00eancia s\u00f3 podem vender bebida at\u00e9 20h<\/li>\n<li>Parques estaduais podem abrir<\/li>\n<li>Atividades culturais como cinema e teatro podem funcionar<\/li>\n<li>Eventos que geram aglomera\u00e7\u00e3o, como festas, baladas e shows continuam proibidos.<\/li>\n<\/ul>\n<\/div>\n<div class=\"content-ads content-ads--reveal\" style=\"text-align: justify;\" data-block-type=\"ads\" data-block-id=\"48\">\n<div id=\"banner_materia__a415eeab-8104-4f88-a107-d7940983a243\" class=\"tag-manager-publicidade-container mc-has-reveal mc-has-ad-lazyload tag-manager-publicidade-banner_materia__a415eeab-8104-4f88-a107-d7940983a243 tag-manager-publicidade-container--carregado tag-manager-publicidade-container--visivel\" data-id=\"banner_materia__a415eeab-8104-4f88-a107-d7940983a243\" data-req=\"true\" data-google-query-id=\"CKuOoIGDg-8CFYAJuQYdXyAO6g\" data-cid=\"null\" data-lid=\"null\">\n<div id=\"google_ads_iframe_\/95377733\/tvg_G1\/Sua_Regiao&gt;Sudeste&gt;Sao_Paulo_6__container__\" style=\"box-sizing: inherit; margin: auto; padding: 0px; border: 0pt none; font: inherit; vertical-align: initial; max-width: 100%; text-align: center; width: 970px; height: 250px;\"><iframe loading=\"lazy\" id=\"google_ads_iframe_\/95377733\/tvg_G1\/Sua_Regiao&gt;Sudeste&gt;Sao_Paulo_6\" style=\"box-sizing: inherit; margin: 0px; padding: 0px; border: 0px; font: inherit; vertical-align: bottom;\" title=\"3rd party ad content\" src=\"https:\/\/4256d5ddeb7f8331f6565eef26cb1623.safeframe.googlesyndication.com\/safeframe\/1-0-37\/html\/container.html\" name=\"\" width=\"970\" height=\"250\" frameborder=\"0\" marginwidth=\"0\" marginheight=\"0\" scrolling=\"no\" sandbox=\"allow-forms allow-popups allow-popups-to-escape-sandbox allow-same-origin allow-scripts allow-top-navigation-by-user-activation\" data-is-safeframe=\"true\" data-google-container-id=\"6\" data-load-complete=\"true\" data-mce-fragment=\"1\"><\/iframe><\/div>\n<\/div>\n<\/div>\n<div class=\"mc-column content-text active-extra-styles\" style=\"text-align: justify;\" data-block-type=\"raw\" data-block-weight=\"6\" data-block-id=\"49\">\n<div class=\"content-intertitle\">\n<h2>O que funciona na Fase Amarela<\/h2>\n<\/div>\n<\/div>\n<div class=\"mc-column content-text active-extra-styles\" style=\"text-align: justify;\" data-block-type=\"raw\" data-block-weight=\"94\" data-block-id=\"50\">\n<ul class=\"content-unordered-list\">\n<li>Capacidade de ocupa\u00e7\u00e3o: limitada a 40% para todos os setores.<\/li>\n<li>Hor\u00e1rio de fechamento: atendimento presencial ao p\u00fablico das 6h at\u00e9 as 22h, em todos os setores, exceto bares, que pode funcionar s\u00f3 at\u00e9 as 20h.<\/li>\n<li>Funcionamento m\u00e1ximo: 12 horas por dia para com\u00e9rcio e 10 horas pra restaurantes, bares, sal\u00f5es de beleza e academias.<\/li>\n<li><span class=\"highlight highlighted\">Venda e consumo de bebidas alco\u00f3licas agora \u00e9 permitido em restaurantes e lojas de conveni\u00eancia at\u00e9 22h.<\/span><\/li>\n<li>Parques estaduais podem abrir<\/li>\n<li>Atividades culturais como cinema e teatro podem funcionar<\/li>\n<li>Eventos que geram aglomera\u00e7\u00e3o, como festas, baladas e shows continuam proibidos.<\/li>\n<\/ul>\n<\/div>\n<div class=\"mc-column content-text active-extra-styles\" style=\"text-align: justify;\" data-block-type=\"raw\" data-block-weight=\"8\" data-block-id=\"51\">\n<div class=\"content-intertitle\">\n<h2>Servi\u00e7os essenciais que podem funcionar na Fase Vermelha<\/h2>\n<\/div>\n<\/div>\n<div class=\"mc-column content-text active-extra-styles\" data-block-type=\"raw\" data-block-weight=\"33\" data-block-id=\"52\">\n<ul class=\"content-unordered-list\" style=\"text-align: justify;\">\n<li>Farm\u00e1cias<\/li>\n<li>Mercados<\/li>\n<li>Padarias<\/li>\n<li>A\u00e7ougues<\/li>\n<li>Postos de combust\u00edveis<\/li>\n<li>Lavanderias<\/li>\n<li>Meios de transporte coletivo, como \u00f4nibus, trens e metr\u00f4<\/li>\n<li>Transportadoras, oficinas de ve\u00edculos<\/li>\n<li>Atividades religiosas<\/li>\n<li>Hot\u00e9is, pousadas e outros servi\u00e7os de hotelaria.<\/li>\n<li>Bancos<\/li>\n<li>Pet shops<\/li>\n<\/ul>\n<p style=\"text-align: justify;\">Fonte: https:\/\/g1.globo.com\/sp\/sao-paulo\/noticia\/2021\/02\/24\/governo-de-sp-determina-restricao-de-circulacao-das-23h-as-5h-em-todo-o-estado-a-partir-de-sexta-feira.ghtml<\/p>\n<\/div>\n<\/div>\n<\/div>\n<\/div>\n","protected":false},"excerpt":{"rendered":"<p>Segundo governador Jo\u00e3o Doria, medida ir\u00e1 at\u00e9 o dia 14 de mar\u00e7o e ocorre ap\u00f3s recorde de pacientes com Covid-19 internados em UTI. Gest\u00e3o afirma que far\u00e1 for\u00e7a-tarefa para fiscalizar estabelecimentos que descumprirem a determina\u00e7\u00e3o. O governo de S\u00e3o Paulo determinou a restri\u00e7\u00e3o de circula\u00e7\u00e3o das 23h \u00e0s 5h em todo o estado. A regra [&hellip;]<\/p>\n","protected":false},"author":1,"featured_media":43607,"comment_status":"closed","ping_status":"open","sticky":false,"template":"","format":"standard","meta":{"footnotes":""},"categories":[110,116],"tags":[],"class_list":["post-43606","post","type-post","status-publish","format-standard","has-post-thumbnail","hentry","category-noticiasdestaque","category-politicaeeconomia"],"_links":{"self":[{"href":"https:\/\/jorgezanoni.com.br\/2019\/wp-json\/wp\/v2\/posts\/43606","targetHints":{"allow":["GET"]}}],"collection":[{"href":"https:\/\/jorgezanoni.com.br\/2019\/wp-json\/wp\/v2\/posts"}],"about":[{"href":"https:\/\/jorgezanoni.com.br\/2019\/wp-json\/wp\/v2\/types\/post"}],"author":[{"embeddable":true,"href":"https:\/\/jorgezanoni.com.br\/2019\/wp-json\/wp\/v2\/users\/1"}],"replies":[{"embeddable":true,"href":"https:\/\/jorgezanoni.com.br\/2019\/wp-json\/wp\/v2\/comments?post=43606"}],"version-history":[{"count":0,"href":"https:\/\/jorgezanoni.com.br\/2019\/wp-json\/wp\/v2\/posts\/43606\/revisions"}],"wp:featuredmedia":[{"embeddable":true,"href":"https:\/\/jorgezanoni.com.br\/2019\/wp-json\/wp\/v2\/media\/43607"}],"wp:attachment":[{"href":"https:\/\/jorgezanoni.com.br\/2019\/wp-json\/wp\/v2\/media?parent=43606"}],"wp:term":[{"taxonomy":"category","embeddable":true,"href":"https:\/\/jorgezanoni.com.br\/2019\/wp-json\/wp\/v2\/categories?post=43606"},{"taxonomy":"post_tag","embeddable":true,"href":"https:\/\/jorgezanoni.com.br\/2019\/wp-json\/wp\/v2\/tags?post=43606"}],"curies":[{"name":"wp","href":"https:\/\/api.w.org\/{rel}","templated":true}]}}