{"id":43586,"date":"2021-02-24T12:30:43","date_gmt":"2021-02-24T12:30:43","guid":{"rendered":"https:\/\/jorgezanoni.com.br\/2019\/?p=43586"},"modified":"2021-02-24T21:57:45","modified_gmt":"2021-02-24T21:57:45","slug":"morre-a-senhora-latifi-muniz-viuva-do-sr-ademir-da-madeireira","status":"publish","type":"post","link":"https:\/\/jorgezanoni.com.br\/2019\/morre-a-senhora-latifi-muniz-viuva-do-sr-ademir-da-madeireira\/","title":{"rendered":"Morre a senhora Latifi Muniz, vi\u00fava do sr. Ademir da Madeireira"},"content":{"rendered":"<p style=\"text-align: justify;\">Comunicamos com pesar o falecimento da senhora Latifi Muniz de 73 anos. Ele esteve internada na Santa Casa de Dracena com complica\u00e7\u00f5es da Covid-19 e sofreu uma parada card\u00edaca, vindo a \u00f3bito.<\/p>\n<p style=\"text-align: justify;\">Era v\u00eduva do sr. Ademir Muniz que faleceu no \u00faltimo dia 14 de fevereiro. Deixa filhos, noras e netos.<\/p>\n<p style=\"text-align: justify;\">Latifi tinha um Ateli\u00ea de Artesanato e participou por muitos anos junto com o marido das a\u00e7\u00f5es da Loja Ma\u00e7\u00f4nica Uni\u00e3o Justi\u00e7a e Amor, e do Rotary Club de Dracena, inclusive sendo Presidente da Casa da Amizade.<\/p>\n<p style=\"text-align: justify;\">O Site JZ se solidariza com a fam\u00edlia neste triste momento.<\/p>\n<p><img loading=\"lazy\" decoding=\"async\" class=\"alignnone size-full wp-image-43590\" src=\"https:\/\/jorgezanoni.com.br\/2019\/wp-content\/uploads\/2021\/02\/Latifi1-1.jpg\" alt=\"\" width=\"960\" height=\"1280\" srcset=\"https:\/\/jorgezanoni.com.br\/2019\/wp-content\/uploads\/2021\/02\/Latifi1-1.jpg 960w, https:\/\/jorgezanoni.com.br\/2019\/wp-content\/uploads\/2021\/02\/Latifi1-1-225x300.jpg 225w, https:\/\/jorgezanoni.com.br\/2019\/wp-content\/uploads\/2021\/02\/Latifi1-1-768x1024.jpg 768w, https:\/\/jorgezanoni.com.br\/2019\/wp-content\/uploads\/2021\/02\/Latifi1-1-696x928.jpg 696w, https:\/\/jorgezanoni.com.br\/2019\/wp-content\/uploads\/2021\/02\/Latifi1-1-315x420.jpg 315w\" sizes=\"auto, (max-width: 960px) 100vw, 960px\" \/><\/p>\n<p>Jorge Zanoni<\/p>\n<p><img loading=\"lazy\" decoding=\"async\" class=\"alignnone size-full wp-image-43622\" src=\"https:\/\/jorgezanoni.com.br\/2019\/wp-content\/uploads\/2021\/02\/Latifi.jpg\" alt=\"\" width=\"1280\" height=\"1145\" srcset=\"https:\/\/jorgezanoni.com.br\/2019\/wp-content\/uploads\/2021\/02\/Latifi.jpg 1280w, https:\/\/jorgezanoni.com.br\/2019\/wp-content\/uploads\/2021\/02\/Latifi-300x268.jpg 300w, https:\/\/jorgezanoni.com.br\/2019\/wp-content\/uploads\/2021\/02\/Latifi-1024x916.jpg 1024w, https:\/\/jorgezanoni.com.br\/2019\/wp-content\/uploads\/2021\/02\/Latifi-768x687.jpg 768w, https:\/\/jorgezanoni.com.br\/2019\/wp-content\/uploads\/2021\/02\/Latifi-696x623.jpg 696w, https:\/\/jorgezanoni.com.br\/2019\/wp-content\/uploads\/2021\/02\/Latifi-1068x955.jpg 1068w, https:\/\/jorgezanoni.com.br\/2019\/wp-content\/uploads\/2021\/02\/Latifi-470x420.jpg 470w\" sizes=\"auto, (max-width: 1280px) 100vw, 1280px\" \/><\/p>\n","protected":false},"excerpt":{"rendered":"<p>Comunicamos com pesar o falecimento da senhora Latifi Muniz de 73 anos. Ele esteve internada na Santa Casa de Dracena com complica\u00e7\u00f5es da Covid-19 e sofreu uma parada card\u00edaca, vindo a \u00f3bito. Era v\u00eduva do sr. Ademir Muniz que faleceu no \u00faltimo dia 14 de fevereiro. Deixa filhos, noras e netos. Latifi tinha um Ateli\u00ea [&hellip;]<\/p>\n","protected":false},"author":1,"featured_media":43589,"comment_status":"closed","ping_status":"open","sticky":false,"template":"","format":"standard","meta":{"footnotes":""},"categories":[178,110],"tags":[],"class_list":["post-43586","post","type-post","status-publish","format-standard","has-post-thumbnail","hentry","category-notadefalecimento","category-noticiasdestaque"],"_links":{"self":[{"href":"https:\/\/jorgezanoni.com.br\/2019\/wp-json\/wp\/v2\/posts\/43586","targetHints":{"allow":["GET"]}}],"collection":[{"href":"https:\/\/jorgezanoni.com.br\/2019\/wp-json\/wp\/v2\/posts"}],"about":[{"href":"https:\/\/jorgezanoni.com.br\/2019\/wp-json\/wp\/v2\/types\/post"}],"author":[{"embeddable":true,"href":"https:\/\/jorgezanoni.com.br\/2019\/wp-json\/wp\/v2\/users\/1"}],"replies":[{"embeddable":true,"href":"https:\/\/jorgezanoni.com.br\/2019\/wp-json\/wp\/v2\/comments?post=43586"}],"version-history":[{"count":0,"href":"https:\/\/jorgezanoni.com.br\/2019\/wp-json\/wp\/v2\/posts\/43586\/revisions"}],"wp:featuredmedia":[{"embeddable":true,"href":"https:\/\/jorgezanoni.com.br\/2019\/wp-json\/wp\/v2\/media\/43589"}],"wp:attachment":[{"href":"https:\/\/jorgezanoni.com.br\/2019\/wp-json\/wp\/v2\/media?parent=43586"}],"wp:term":[{"taxonomy":"category","embeddable":true,"href":"https:\/\/jorgezanoni.com.br\/2019\/wp-json\/wp\/v2\/categories?post=43586"},{"taxonomy":"post_tag","embeddable":true,"href":"https:\/\/jorgezanoni.com.br\/2019\/wp-json\/wp\/v2\/tags?post=43586"}],"curies":[{"name":"wp","href":"https:\/\/api.w.org\/{rel}","templated":true}]}}