{"id":43576,"date":"2021-02-24T12:05:41","date_gmt":"2021-02-24T12:05:41","guid":{"rendered":"https:\/\/jorgezanoni.com.br\/2019\/?p=43576"},"modified":"2021-02-24T12:52:36","modified_gmt":"2021-02-24T12:52:36","slug":"aniversariantes-do-dia-24-02-21","status":"publish","type":"post","link":"https:\/\/jorgezanoni.com.br\/2019\/aniversariantes-do-dia-24-02-21\/","title":{"rendered":"Aniversariantes do Dia 24\/02\/21"},"content":{"rendered":"<p>PARABENIZAMOS OS ANIVERSARIANTES DE HOJE:<\/p>\n<p><img loading=\"lazy\" decoding=\"async\" class=\"alignnone size-full wp-image-43577\" src=\"https:\/\/jorgezanoni.com.br\/2019\/wp-content\/uploads\/2021\/02\/Antonio-Marcos-Silva.jpg\" alt=\"\" width=\"1932\" height=\"1934\" srcset=\"https:\/\/jorgezanoni.com.br\/2019\/wp-content\/uploads\/2021\/02\/Antonio-Marcos-Silva.jpg 1932w, https:\/\/jorgezanoni.com.br\/2019\/wp-content\/uploads\/2021\/02\/Antonio-Marcos-Silva-300x300.jpg 300w, https:\/\/jorgezanoni.com.br\/2019\/wp-content\/uploads\/2021\/02\/Antonio-Marcos-Silva-1024x1024.jpg 1024w, https:\/\/jorgezanoni.com.br\/2019\/wp-content\/uploads\/2021\/02\/Antonio-Marcos-Silva-150x150.jpg 150w, https:\/\/jorgezanoni.com.br\/2019\/wp-content\/uploads\/2021\/02\/Antonio-Marcos-Silva-768x769.jpg 768w, https:\/\/jorgezanoni.com.br\/2019\/wp-content\/uploads\/2021\/02\/Antonio-Marcos-Silva-1534x1536.jpg 1534w, https:\/\/jorgezanoni.com.br\/2019\/wp-content\/uploads\/2021\/02\/Antonio-Marcos-Silva-696x697.jpg 696w, https:\/\/jorgezanoni.com.br\/2019\/wp-content\/uploads\/2021\/02\/Antonio-Marcos-Silva-1068x1069.jpg 1068w, https:\/\/jorgezanoni.com.br\/2019\/wp-content\/uploads\/2021\/02\/Antonio-Marcos-Silva-420x420.jpg 420w\" sizes=\"auto, (max-width: 1932px) 100vw, 1932px\" \/>Antonio Marcos Silva<\/p>\n<p><img loading=\"lazy\" decoding=\"async\" class=\"alignnone size-full wp-image-43578\" src=\"https:\/\/jorgezanoni.com.br\/2019\/wp-content\/uploads\/2021\/02\/Edivaldo-Andre-Gomes.jpg\" alt=\"\" width=\"540\" height=\"540\" srcset=\"https:\/\/jorgezanoni.com.br\/2019\/wp-content\/uploads\/2021\/02\/Edivaldo-Andre-Gomes.jpg 540w, https:\/\/jorgezanoni.com.br\/2019\/wp-content\/uploads\/2021\/02\/Edivaldo-Andre-Gomes-300x300.jpg 300w, https:\/\/jorgezanoni.com.br\/2019\/wp-content\/uploads\/2021\/02\/Edivaldo-Andre-Gomes-150x150.jpg 150w, https:\/\/jorgezanoni.com.br\/2019\/wp-content\/uploads\/2021\/02\/Edivaldo-Andre-Gomes-420x420.jpg 420w\" sizes=\"auto, (max-width: 540px) 100vw, 540px\" \/>Edvaldo Andr\u00e9 Gomes<\/p>\n<p><img loading=\"lazy\" decoding=\"async\" class=\"alignnone size-full wp-image-43579\" src=\"https:\/\/jorgezanoni.com.br\/2019\/wp-content\/uploads\/2021\/02\/Edn\u00e9ia-Ferro-Canavesi-Cervelati.jpg\" alt=\"\" width=\"1071\" height=\"1073\" srcset=\"https:\/\/jorgezanoni.com.br\/2019\/wp-content\/uploads\/2021\/02\/Edn\u00e9ia-Ferro-Canavesi-Cervelati.jpg 1071w, https:\/\/jorgezanoni.com.br\/2019\/wp-content\/uploads\/2021\/02\/Edn\u00e9ia-Ferro-Canavesi-Cervelati-300x300.jpg 300w, https:\/\/jorgezanoni.com.br\/2019\/wp-content\/uploads\/2021\/02\/Edn\u00e9ia-Ferro-Canavesi-Cervelati-1022x1024.jpg 1022w, https:\/\/jorgezanoni.com.br\/2019\/wp-content\/uploads\/2021\/02\/Edn\u00e9ia-Ferro-Canavesi-Cervelati-150x150.jpg 150w, https:\/\/jorgezanoni.com.br\/2019\/wp-content\/uploads\/2021\/02\/Edn\u00e9ia-Ferro-Canavesi-Cervelati-768x769.jpg 768w, https:\/\/jorgezanoni.com.br\/2019\/wp-content\/uploads\/2021\/02\/Edn\u00e9ia-Ferro-Canavesi-Cervelati-696x697.jpg 696w, https:\/\/jorgezanoni.com.br\/2019\/wp-content\/uploads\/2021\/02\/Edn\u00e9ia-Ferro-Canavesi-Cervelati-1068x1070.jpg 1068w, https:\/\/jorgezanoni.com.br\/2019\/wp-content\/uploads\/2021\/02\/Edn\u00e9ia-Ferro-Canavesi-Cervelati-419x420.jpg 419w\" sizes=\"auto, (max-width: 1071px) 100vw, 1071px\" \/>Edn\u00e9ia Ferro Canavesi Cervelati<\/p>\n<p><img loading=\"lazy\" decoding=\"async\" class=\"alignnone size-full wp-image-43592\" src=\"https:\/\/jorgezanoni.com.br\/2019\/wp-content\/uploads\/2021\/02\/Inez-Scarparo.jpg\" alt=\"\" width=\"528\" height=\"960\" srcset=\"https:\/\/jorgezanoni.com.br\/2019\/wp-content\/uploads\/2021\/02\/Inez-Scarparo.jpg 528w, https:\/\/jorgezanoni.com.br\/2019\/wp-content\/uploads\/2021\/02\/Inez-Scarparo-165x300.jpg 165w, https:\/\/jorgezanoni.com.br\/2019\/wp-content\/uploads\/2021\/02\/Inez-Scarparo-231x420.jpg 231w\" sizes=\"auto, (max-width: 528px) 100vw, 528px\" \/>Inez Scarparo<\/p>\n<p><img loading=\"lazy\" decoding=\"async\" class=\"alignnone size-full wp-image-43581\" src=\"https:\/\/jorgezanoni.com.br\/2019\/wp-content\/uploads\/2021\/02\/Luciana-1.jpg\" alt=\"\" width=\"1309\" height=\"1309\" srcset=\"https:\/\/jorgezanoni.com.br\/2019\/wp-content\/uploads\/2021\/02\/Luciana-1.jpg 1309w, https:\/\/jorgezanoni.com.br\/2019\/wp-content\/uploads\/2021\/02\/Luciana-1-300x300.jpg 300w, https:\/\/jorgezanoni.com.br\/2019\/wp-content\/uploads\/2021\/02\/Luciana-1-1024x1024.jpg 1024w, https:\/\/jorgezanoni.com.br\/2019\/wp-content\/uploads\/2021\/02\/Luciana-1-150x150.jpg 150w, https:\/\/jorgezanoni.com.br\/2019\/wp-content\/uploads\/2021\/02\/Luciana-1-768x768.jpg 768w, https:\/\/jorgezanoni.com.br\/2019\/wp-content\/uploads\/2021\/02\/Luciana-1-696x696.jpg 696w, https:\/\/jorgezanoni.com.br\/2019\/wp-content\/uploads\/2021\/02\/Luciana-1-1068x1068.jpg 1068w, https:\/\/jorgezanoni.com.br\/2019\/wp-content\/uploads\/2021\/02\/Luciana-1-420x420.jpg 420w\" sizes=\"auto, (max-width: 1309px) 100vw, 1309px\" \/>Luciana Garcia<\/p>\n<p><img loading=\"lazy\" decoding=\"async\" class=\"alignnone size-full wp-image-43594\" src=\"https:\/\/jorgezanoni.com.br\/2019\/wp-content\/uploads\/2021\/02\/Luizi-Ara\u00fajo-Lima.jpg\" alt=\"\" width=\"750\" height=\"951\" srcset=\"https:\/\/jorgezanoni.com.br\/2019\/wp-content\/uploads\/2021\/02\/Luizi-Ara\u00fajo-Lima.jpg 750w, https:\/\/jorgezanoni.com.br\/2019\/wp-content\/uploads\/2021\/02\/Luizi-Ara\u00fajo-Lima-237x300.jpg 237w, https:\/\/jorgezanoni.com.br\/2019\/wp-content\/uploads\/2021\/02\/Luizi-Ara\u00fajo-Lima-696x883.jpg 696w, https:\/\/jorgezanoni.com.br\/2019\/wp-content\/uploads\/2021\/02\/Luizi-Ara\u00fajo-Lima-331x420.jpg 331w\" sizes=\"auto, (max-width: 750px) 100vw, 750px\" \/>Luizi Ara\u00fajo Lima<\/p>\n<p><img loading=\"lazy\" decoding=\"async\" class=\"alignnone size-full wp-image-43584\" src=\"https:\/\/jorgezanoni.com.br\/2019\/wp-content\/uploads\/2021\/02\/Suellen-de-Queiroz-Domenici.jpg\" alt=\"\" width=\"1069\" height=\"1068\" srcset=\"https:\/\/jorgezanoni.com.br\/2019\/wp-content\/uploads\/2021\/02\/Suellen-de-Queiroz-Domenici.jpg 1069w, https:\/\/jorgezanoni.com.br\/2019\/wp-content\/uploads\/2021\/02\/Suellen-de-Queiroz-Domenici-300x300.jpg 300w, https:\/\/jorgezanoni.com.br\/2019\/wp-content\/uploads\/2021\/02\/Suellen-de-Queiroz-Domenici-1024x1024.jpg 1024w, https:\/\/jorgezanoni.com.br\/2019\/wp-content\/uploads\/2021\/02\/Suellen-de-Queiroz-Domenici-150x150.jpg 150w, https:\/\/jorgezanoni.com.br\/2019\/wp-content\/uploads\/2021\/02\/Suellen-de-Queiroz-Domenici-768x767.jpg 768w, https:\/\/jorgezanoni.com.br\/2019\/wp-content\/uploads\/2021\/02\/Suellen-de-Queiroz-Domenici-696x695.jpg 696w, https:\/\/jorgezanoni.com.br\/2019\/wp-content\/uploads\/2021\/02\/Suellen-de-Queiroz-Domenici-420x420.jpg 420w\" sizes=\"auto, (max-width: 1069px) 100vw, 1069px\" \/>Suellen de Queiroz Domenici<\/p>\n","protected":false},"excerpt":{"rendered":"<p>PARABENIZAMOS OS ANIVERSARIANTES DE HOJE: Antonio Marcos Silva Edvaldo Andr\u00e9 Gomes Edn\u00e9ia Ferro Canavesi Cervelati Inez Scarparo Luciana Garcia Luizi Ara\u00fajo Lima Suellen de Queiroz Domenici<\/p>\n","protected":false},"author":1,"featured_media":43581,"comment_status":"closed","ping_status":"open","sticky":false,"template":"","format":"standard","meta":{"footnotes":""},"categories":[174],"tags":[],"class_list":["post-43576","post","type-post","status-publish","format-standard","has-post-thumbnail","hentry","category-aniversariantes"],"_links":{"self":[{"href":"https:\/\/jorgezanoni.com.br\/2019\/wp-json\/wp\/v2\/posts\/43576","targetHints":{"allow":["GET"]}}],"collection":[{"href":"https:\/\/jorgezanoni.com.br\/2019\/wp-json\/wp\/v2\/posts"}],"about":[{"href":"https:\/\/jorgezanoni.com.br\/2019\/wp-json\/wp\/v2\/types\/post"}],"author":[{"embeddable":true,"href":"https:\/\/jorgezanoni.com.br\/2019\/wp-json\/wp\/v2\/users\/1"}],"replies":[{"embeddable":true,"href":"https:\/\/jorgezanoni.com.br\/2019\/wp-json\/wp\/v2\/comments?post=43576"}],"version-history":[{"count":0,"href":"https:\/\/jorgezanoni.com.br\/2019\/wp-json\/wp\/v2\/posts\/43576\/revisions"}],"wp:featuredmedia":[{"embeddable":true,"href":"https:\/\/jorgezanoni.com.br\/2019\/wp-json\/wp\/v2\/media\/43581"}],"wp:attachment":[{"href":"https:\/\/jorgezanoni.com.br\/2019\/wp-json\/wp\/v2\/media?parent=43576"}],"wp:term":[{"taxonomy":"category","embeddable":true,"href":"https:\/\/jorgezanoni.com.br\/2019\/wp-json\/wp\/v2\/categories?post=43576"},{"taxonomy":"post_tag","embeddable":true,"href":"https:\/\/jorgezanoni.com.br\/2019\/wp-json\/wp\/v2\/tags?post=43576"}],"curies":[{"name":"wp","href":"https:\/\/api.w.org\/{rel}","templated":true}]}}