{"id":43573,"date":"2021-02-23T23:51:46","date_gmt":"2021-02-23T23:51:46","guid":{"rendered":"https:\/\/jorgezanoni.com.br\/2019\/?p=43573"},"modified":"2021-02-24T21:56:09","modified_gmt":"2021-02-24T21:56:09","slug":"morre-a-senhora-maria-de-jesus-nascimento-mae-do-radialista-everton-luis","status":"publish","type":"post","link":"https:\/\/jorgezanoni.com.br\/2019\/morre-a-senhora-maria-de-jesus-nascimento-mae-do-radialista-everton-luis\/","title":{"rendered":"Morre a senhora Maria de Jesus Nascimento, m\u00e3e do radialista Everton Lu\u00eds"},"content":{"rendered":"<p style=\"text-align: justify;\">Comunicamos com pesar o falecimento da senhora Maria de Jesus Nascimento de 75 anos. Ela estava internada na Santa Casa de Dracena com complica\u00e7\u00f5es de COVID e veio a \u00f3bito no inicio da noite desta ter\u00e7a-feira (22).<\/p>\n<p style=\"text-align: justify;\">\u00c9 m\u00e3e do radialista Everton Lu\u00eds da R\u00e1dio 95 FM.<\/p>\n<p style=\"text-align: justify;\">Ao amigo Everton e todos os familiares e amigos a nossa solidariedade neste dif\u00edcil momento. For\u00e7a e F\u00e9.!!!<\/p>\n<p style=\"text-align: justify;\">Jorge Zanoni<\/p>\n<p><img loading=\"lazy\" decoding=\"async\" class=\"alignnone size-full wp-image-43619\" src=\"https:\/\/jorgezanoni.com.br\/2019\/wp-content\/uploads\/2021\/02\/Maria-de-Jesus.jpg\" alt=\"\" width=\"1280\" height=\"1085\" srcset=\"https:\/\/jorgezanoni.com.br\/2019\/wp-content\/uploads\/2021\/02\/Maria-de-Jesus.jpg 1280w, https:\/\/jorgezanoni.com.br\/2019\/wp-content\/uploads\/2021\/02\/Maria-de-Jesus-300x254.jpg 300w, https:\/\/jorgezanoni.com.br\/2019\/wp-content\/uploads\/2021\/02\/Maria-de-Jesus-1024x868.jpg 1024w, https:\/\/jorgezanoni.com.br\/2019\/wp-content\/uploads\/2021\/02\/Maria-de-Jesus-768x651.jpg 768w, https:\/\/jorgezanoni.com.br\/2019\/wp-content\/uploads\/2021\/02\/Maria-de-Jesus-696x590.jpg 696w, https:\/\/jorgezanoni.com.br\/2019\/wp-content\/uploads\/2021\/02\/Maria-de-Jesus-1068x905.jpg 1068w, https:\/\/jorgezanoni.com.br\/2019\/wp-content\/uploads\/2021\/02\/Maria-de-Jesus-495x420.jpg 495w\" sizes=\"auto, (max-width: 1280px) 100vw, 1280px\" \/><\/p>\n","protected":false},"excerpt":{"rendered":"<p>Comunicamos com pesar o falecimento da senhora Maria de Jesus Nascimento de 75 anos. Ela estava internada na Santa Casa de Dracena com complica\u00e7\u00f5es de COVID e veio a \u00f3bito no inicio da noite desta ter\u00e7a-feira (22). \u00c9 m\u00e3e do radialista Everton Lu\u00eds da R\u00e1dio 95 FM. Ao amigo Everton e todos os familiares e [&hellip;]<\/p>\n","protected":false},"author":1,"featured_media":43574,"comment_status":"closed","ping_status":"open","sticky":false,"template":"","format":"standard","meta":{"footnotes":""},"categories":[178,110],"tags":[],"class_list":["post-43573","post","type-post","status-publish","format-standard","has-post-thumbnail","hentry","category-notadefalecimento","category-noticiasdestaque"],"_links":{"self":[{"href":"https:\/\/jorgezanoni.com.br\/2019\/wp-json\/wp\/v2\/posts\/43573","targetHints":{"allow":["GET"]}}],"collection":[{"href":"https:\/\/jorgezanoni.com.br\/2019\/wp-json\/wp\/v2\/posts"}],"about":[{"href":"https:\/\/jorgezanoni.com.br\/2019\/wp-json\/wp\/v2\/types\/post"}],"author":[{"embeddable":true,"href":"https:\/\/jorgezanoni.com.br\/2019\/wp-json\/wp\/v2\/users\/1"}],"replies":[{"embeddable":true,"href":"https:\/\/jorgezanoni.com.br\/2019\/wp-json\/wp\/v2\/comments?post=43573"}],"version-history":[{"count":0,"href":"https:\/\/jorgezanoni.com.br\/2019\/wp-json\/wp\/v2\/posts\/43573\/revisions"}],"wp:featuredmedia":[{"embeddable":true,"href":"https:\/\/jorgezanoni.com.br\/2019\/wp-json\/wp\/v2\/media\/43574"}],"wp:attachment":[{"href":"https:\/\/jorgezanoni.com.br\/2019\/wp-json\/wp\/v2\/media?parent=43573"}],"wp:term":[{"taxonomy":"category","embeddable":true,"href":"https:\/\/jorgezanoni.com.br\/2019\/wp-json\/wp\/v2\/categories?post=43573"},{"taxonomy":"post_tag","embeddable":true,"href":"https:\/\/jorgezanoni.com.br\/2019\/wp-json\/wp\/v2\/tags?post=43573"}],"curies":[{"name":"wp","href":"https:\/\/api.w.org\/{rel}","templated":true}]}}