{"id":43569,"date":"2021-02-23T21:26:05","date_gmt":"2021-02-23T21:26:05","guid":{"rendered":"https:\/\/jorgezanoni.com.br\/2019\/?p=43569"},"modified":"2021-02-23T21:26:05","modified_gmt":"2021-02-23T21:26:05","slug":"diretores-da-fundec-visitam-prefeita-e-administrador-da-santa-casa-de-presidente-epitacio","status":"publish","type":"post","link":"https:\/\/jorgezanoni.com.br\/2019\/diretores-da-fundec-visitam-prefeita-e-administrador-da-santa-casa-de-presidente-epitacio\/","title":{"rendered":"Diretores da Fundec visitam prefeita e administrador da Santa Casa de Presidente Epit\u00e1cio"},"content":{"rendered":"<p dir=\"ltr\" style=\"text-align: justify;\">Na sexta-feira, dia 19, o diretor executivo da Fundec Edson Hissatomi Kai e o diretor de comunica\u00e7\u00e3o da Fundec Fernando Nunes visitaram a cidade de Presidente Epit\u00e1cio. Na ocasi\u00e3o, os diretores se reuniram com a prefeita C\u00e1ssia Furlan e com o administrador da Santa Casa Miqu\u00e9ias Alves, para tratar de assuntos relacionados \u00e0 \u00e1rea da sa\u00fade. Na ocasi\u00e3o, foi reafirmada a parceria com a cidade, iniciada desde o desenvolvimento do projeto do curso de Medicina quando de sua autoriza\u00e7\u00e3o de funcionamento pelo Conselho Estadual de Educa\u00e7\u00e3o de S\u00e3o Paulo para atividades nos campos de est\u00e1gios da Santa Casa local e tamb\u00e9m do munic\u00edpio.<br \/>\nA prefeita C\u00e1ssia Furlan ressaltou que &#8220;sabemos da hist\u00f3ria da Fundec e o crescimento da Unifadra em toda a regi\u00e3o. O curso de Medicina, sem d\u00favida, \u00e9 algo que veio para beneficiar toda a regi\u00e3o com muita qualidade na forma\u00e7\u00e3o dos alunos nesta importante miss\u00e3o de salvar vidas. A cidade de Presidente Epit\u00e1cio est\u00e1 de portas abertas para que possamos fazer parcerias com a Unifadra num futuro bem pr\u00f3ximo&#8221;.<br \/>\nMiqu\u00e9ias Alves destacou que a Santa Casa de Presidente Epit\u00e1cio vive uma fase de crescimento e uma profunda reestrutura\u00e7\u00e3o que melhorou significativamente o atendimento dos usu\u00e1rios. &#8220;Ter a possibilidade de um internato em nossa unidade ser\u00e1 muito positivo, tanto para a experi\u00eancia dos alunos quanto para o hospital, que est\u00e1 preparado para integrar for\u00e7as com a Unifadra&#8221;, completou o administrador da Santa Casa.<\/p>\n<p dir=\"ltr\" style=\"text-align: justify;\">Enio Garbelini, diretor acad\u00eamico da Unifadra, comentou que o curso de Medicina conta com munic\u00edpios parceiros de toda a regi\u00e3o e que a cidade de Presidente Epit\u00e1cio apoiou a busca pelo curso desde o seu in\u00edcio e, certamente, essa uni\u00e3o entre a faculdade de Medicina, a Santa Casa e o munic\u00edpio trar\u00e3o ainda mais desenvolvimento na \u00e1rea da sa\u00fade.<\/p>\n<p dir=\"ltr\"><img loading=\"lazy\" decoding=\"async\" class=\"alignnone size-full wp-image-43570\" src=\"https:\/\/jorgezanoni.com.br\/2019\/wp-content\/uploads\/2021\/02\/fundec.jpg\" alt=\"\" width=\"938\" height=\"648\" srcset=\"https:\/\/jorgezanoni.com.br\/2019\/wp-content\/uploads\/2021\/02\/fundec.jpg 938w, https:\/\/jorgezanoni.com.br\/2019\/wp-content\/uploads\/2021\/02\/fundec-300x207.jpg 300w, https:\/\/jorgezanoni.com.br\/2019\/wp-content\/uploads\/2021\/02\/fundec-768x531.jpg 768w, https:\/\/jorgezanoni.com.br\/2019\/wp-content\/uploads\/2021\/02\/fundec-100x70.jpg 100w, https:\/\/jorgezanoni.com.br\/2019\/wp-content\/uploads\/2021\/02\/fundec-218x150.jpg 218w, https:\/\/jorgezanoni.com.br\/2019\/wp-content\/uploads\/2021\/02\/fundec-696x481.jpg 696w, https:\/\/jorgezanoni.com.br\/2019\/wp-content\/uploads\/2021\/02\/fundec-608x420.jpg 608w\" sizes=\"auto, (max-width: 938px) 100vw, 938px\" \/><\/p>\n<p style=\"text-align: justify;\">Carolina Colnago<\/p>\n<div class=\"gmail_signature\" dir=\"ltr\">\n<div dir=\"ltr\" style=\"text-align: justify;\">Assistente de Comunica\u00e7\u00e3o<br \/>\nFunda\u00e7\u00e3o Dracenense de Educa\u00e7\u00e3o e Cultura<\/div>\n<\/div>\n","protected":false},"excerpt":{"rendered":"<p>Na sexta-feira, dia 19, o diretor executivo da Fundec Edson Hissatomi Kai e o diretor de comunica\u00e7\u00e3o da Fundec Fernando Nunes visitaram a cidade de Presidente Epit\u00e1cio. Na ocasi\u00e3o, os diretores se reuniram com a prefeita C\u00e1ssia Furlan e com o administrador da Santa Casa Miqu\u00e9ias Alves, para tratar de assuntos relacionados \u00e0 \u00e1rea da [&hellip;]<\/p>\n","protected":false},"author":1,"featured_media":43571,"comment_status":"closed","ping_status":"open","sticky":false,"template":"","format":"standard","meta":{"footnotes":""},"categories":[122],"tags":[],"class_list":["post-43569","post","type-post","status-publish","format-standard","has-post-thumbnail","hentry","category-saudeeducacaoeconcurso"],"_links":{"self":[{"href":"https:\/\/jorgezanoni.com.br\/2019\/wp-json\/wp\/v2\/posts\/43569","targetHints":{"allow":["GET"]}}],"collection":[{"href":"https:\/\/jorgezanoni.com.br\/2019\/wp-json\/wp\/v2\/posts"}],"about":[{"href":"https:\/\/jorgezanoni.com.br\/2019\/wp-json\/wp\/v2\/types\/post"}],"author":[{"embeddable":true,"href":"https:\/\/jorgezanoni.com.br\/2019\/wp-json\/wp\/v2\/users\/1"}],"replies":[{"embeddable":true,"href":"https:\/\/jorgezanoni.com.br\/2019\/wp-json\/wp\/v2\/comments?post=43569"}],"version-history":[{"count":0,"href":"https:\/\/jorgezanoni.com.br\/2019\/wp-json\/wp\/v2\/posts\/43569\/revisions"}],"wp:featuredmedia":[{"embeddable":true,"href":"https:\/\/jorgezanoni.com.br\/2019\/wp-json\/wp\/v2\/media\/43571"}],"wp:attachment":[{"href":"https:\/\/jorgezanoni.com.br\/2019\/wp-json\/wp\/v2\/media?parent=43569"}],"wp:term":[{"taxonomy":"category","embeddable":true,"href":"https:\/\/jorgezanoni.com.br\/2019\/wp-json\/wp\/v2\/categories?post=43569"},{"taxonomy":"post_tag","embeddable":true,"href":"https:\/\/jorgezanoni.com.br\/2019\/wp-json\/wp\/v2\/tags?post=43569"}],"curies":[{"name":"wp","href":"https:\/\/api.w.org\/{rel}","templated":true}]}}