{"id":43559,"date":"2021-02-23T14:21:37","date_gmt":"2021-02-23T14:21:37","guid":{"rendered":"https:\/\/jorgezanoni.com.br\/2019\/?p=43559"},"modified":"2021-02-23T14:21:37","modified_gmt":"2021-02-23T14:21:37","slug":"25o-bpm-i-em-acao-policia-militar-recupera-motocicleta-furtada-e-devolve-ao-proprietario","status":"publish","type":"post","link":"https:\/\/jorgezanoni.com.br\/2019\/25o-bpm-i-em-acao-policia-militar-recupera-motocicleta-furtada-e-devolve-ao-proprietario\/","title":{"rendered":"25\u00ba BPM\/I em a\u00e7\u00e3o: Pol\u00edcia Militar recupera Motocicleta furtada e devolve ao propriet\u00e1rio"},"content":{"rendered":"<h1 style=\"text-align: justify;\"><a href=\"https:\/\/25bpmi.blogspot.com\/2021\/02\/25-bpmi-em-acao-policia-militar.html\" data-item-type=\"post\" data-id=\"2408262017014875808\">25\u00ba BPM\/I EM A\u00c7\u00c3O: POL\u00cdCIA MILITAR RECUPERA MOTOCICLETA FURTADA E DEVOLVE AO PROPRIET\u00c1RIO.<\/a><\/h1>\n<p style=\"text-align: justify;\">Na data de ontem por volta das 18h50min a Pol\u00edcia Militar durante patrulhamento de For\u00e7a T\u00e1tica pelo munic\u00edpio de Dracena, ap\u00f3s ocorr\u00eancia de acidente de tr\u00e2nsito na Rua Janu\u00e1rio Bonito, em que o indiv\u00edduo (adolescente 17 anos) da motocicleta CG 150 Fan, tentou se evadir fugindo pelas ruas da cidade, mas sendo detido. Ao ser realizada pesquisa sobre o ve\u00edculo foi constatado que a motocicleta era produto de furto por Dracena no m\u00eas de dezembro 2020. O adolescente foi apreendido, adotadas as provid\u00eancias de pol\u00edcia judici\u00e1ria e posteriormente ouvido e liberado ao respons\u00e1vel.<\/p>\n<p>Fonte: Com. Social Pol\u00edcia Militar<\/p>\n","protected":false},"excerpt":{"rendered":"<p>25\u00ba BPM\/I EM A\u00c7\u00c3O: POL\u00cdCIA MILITAR RECUPERA MOTOCICLETA FURTADA E DEVOLVE AO PROPRIET\u00c1RIO. Na data de ontem por volta das 18h50min a Pol\u00edcia Militar durante patrulhamento de For\u00e7a T\u00e1tica pelo munic\u00edpio de Dracena, ap\u00f3s ocorr\u00eancia de acidente de tr\u00e2nsito na Rua Janu\u00e1rio Bonito, em que o indiv\u00edduo (adolescente 17 anos) da motocicleta CG 150 Fan, [&hellip;]<\/p>\n","protected":false},"author":1,"featured_media":43560,"comment_status":"closed","ping_status":"open","sticky":false,"template":"","format":"standard","meta":{"footnotes":""},"categories":[110,2],"tags":[],"class_list":["post-43559","post","type-post","status-publish","format-standard","has-post-thumbnail","hentry","category-noticiasdestaque","category-policial"],"_links":{"self":[{"href":"https:\/\/jorgezanoni.com.br\/2019\/wp-json\/wp\/v2\/posts\/43559","targetHints":{"allow":["GET"]}}],"collection":[{"href":"https:\/\/jorgezanoni.com.br\/2019\/wp-json\/wp\/v2\/posts"}],"about":[{"href":"https:\/\/jorgezanoni.com.br\/2019\/wp-json\/wp\/v2\/types\/post"}],"author":[{"embeddable":true,"href":"https:\/\/jorgezanoni.com.br\/2019\/wp-json\/wp\/v2\/users\/1"}],"replies":[{"embeddable":true,"href":"https:\/\/jorgezanoni.com.br\/2019\/wp-json\/wp\/v2\/comments?post=43559"}],"version-history":[{"count":0,"href":"https:\/\/jorgezanoni.com.br\/2019\/wp-json\/wp\/v2\/posts\/43559\/revisions"}],"wp:featuredmedia":[{"embeddable":true,"href":"https:\/\/jorgezanoni.com.br\/2019\/wp-json\/wp\/v2\/media\/43560"}],"wp:attachment":[{"href":"https:\/\/jorgezanoni.com.br\/2019\/wp-json\/wp\/v2\/media?parent=43559"}],"wp:term":[{"taxonomy":"category","embeddable":true,"href":"https:\/\/jorgezanoni.com.br\/2019\/wp-json\/wp\/v2\/categories?post=43559"},{"taxonomy":"post_tag","embeddable":true,"href":"https:\/\/jorgezanoni.com.br\/2019\/wp-json\/wp\/v2\/tags?post=43559"}],"curies":[{"name":"wp","href":"https:\/\/api.w.org\/{rel}","templated":true}]}}