{"id":43556,"date":"2021-02-23T13:58:44","date_gmt":"2021-02-23T13:58:44","guid":{"rendered":"https:\/\/jorgezanoni.com.br\/2019\/?p=43556"},"modified":"2021-02-23T13:58:44","modified_gmt":"2021-02-23T13:58:44","slug":"karol-conka-e-bolsonaro-por-vladimir-de-mattos","status":"publish","type":"post","link":"https:\/\/jorgezanoni.com.br\/2019\/karol-conka-e-bolsonaro-por-vladimir-de-mattos\/","title":{"rendered":"Karol Conk\u00e1 e Bolsonaro (por Vladimir de Mattos)"},"content":{"rendered":"<p style=\"text-align: justify;\"><strong>KAROL CONK\u00c1 E BOLSONARO<\/strong><\/p>\n<p style=\"text-align: justify;\">Hoje, 23\/03\/2021, \u00e9 o dia da elimina\u00e7\u00e3o da Karol Conk\u00e1 no Big Brother Brasil 21, festejado programa da Rede Globo de televis\u00e3o.<\/p>\n<p style=\"text-align: justify;\">A <em>rapper <\/em>curitibana, que aqui fora sempre levantou a bandeira do feminismo e do racismo, est\u00e1 sendo considerada totalmente t\u00f3xica, abusiva, preconceituosa, manipuladora e vil\u00e3 nesta edi\u00e7\u00e3o do programa.<\/p>\n<p style=\"text-align: justify;\">Desde o ass\u00e9dio moral, humilha\u00e7\u00e3o e diversas agress\u00f5es verbais ao ator Lucas penteado at\u00e9 a fala xenof\u00f3bica contra a paraibana Juliette, Karol Conk\u00e1 t\u00eam sido cruelmente punida pelo p\u00fablico aqui fora em raz\u00e3o de sua arrog\u00e2ncia e intoler\u00e2ncia: de 2 milh\u00f5es de seguidores que tinha no Instagran antes de entrar no BBB21, perdeu 300 mil em apenas 2 dias, foi suspensa do programa \u2018Prazer Feminino\u2019 pela GNT, teve a presen\u00e7a cancelada no festival pernambucano Rec-Beat, perdeu o f\u00e3 clube que tinha no Twitter e, estima-se, mais de R$ 5 milh\u00f5es em patroc\u00ednios (Fonte: https:\/\/istoe.com.br\/de-canceladora-a-cancelada-veja-analise-das-polemicas-de-karol-conka-no-bbb\/).<\/p>\n<p style=\"text-align: justify;\">Pois bem, fa\u00e7amos um paralelo da hist\u00f3ria da <em>rapper <\/em>com o negacionista e irrespons\u00e1vel presidente Bolsonaro.<\/p>\n<p style=\"text-align: justify;\">Ele foi eleito com um discurso econ\u00f4mico liberal, pregando o tal do \u201cEstado M\u00ednimo\u201d (ele dizia que o Bolsa Fam\u00edlia sustentava vagabundos, lembram-se?) e jurando que combateria a corrup\u00e7\u00e3o e JAMAIS faria acordos com o famoso \u201cCENTR\u00c3O\u201d no Congresso Nacional.<\/p>\n<p style=\"text-align: justify;\">Pois bem. Passados pouco mais de 2 anos de seu p\u00edfio mandato, ele fez exatamente o contr\u00e1rio, a saber:<\/p>\n<ul style=\"text-align: justify;\">\n<li>Interviu na Petrobr\u00e1s, resultando na perda de quase R$ 29 bilh\u00f5es em valor de mercado e na queda de 7,54% das a\u00e7\u00f5es da empresa em apenas um dia (Fonte: <a href=\"https:\/\/jovempan.com.br\/noticias\/economia\/apos-fala-de-bolsonaro-petrobras-perde-quase-r-29-bilhoes-em-valor-de-mercado.html#:~:text=O%20%C3%BAltimo%20preg%C3%A3o%20da%20semana,sem%20partido)%20sobre%20a%20empresa\">https:\/\/jovempan.com.br\/noticias\/economia\/apos-fala-de-bolsonaro-petrobras-perde-quase-r-29-bilhoes-em-valor-de-mercado.html#:~:text=O%20%C3%BAltimo%20preg%C3%A3o%20da%20semana,sem%20partido)%20sobre%20a%20empresa<\/a>);<\/li>\n<li>Acusa\u00e7\u00f5es de corrup\u00e7\u00e3o pipocam diariamente com rela\u00e7\u00e3o ao seu governo, j\u00e1 tendo atingido v\u00e1rios de seus ministros de Estado e sua pr\u00f3pria fam\u00edlia (filhos, esposa, sogra, etc.) e amigos (Queiroz, etc.);<\/li>\n<li>Fez acordo expl\u00edcito e descarado com o \u201cCENTR\u00c3O\u201d, barganhando e oferecendo, para tal, minist\u00e9rios e milhares de cargos comissionados em diversos escal\u00f5es do governo; e<\/li>\n<li>Tornou p\u00fablica sua parceria com o conhecido ex-presidente Fernando Collor de Melo, que atualmente o assessora na \u00e1rea econ\u00f4mica (<a href=\"https:\/\/g1.globo.com\/politica\/blog\/andreia-sadi\/post\/2021\/01\/30\/bolsonaro-fortalece-relacao-com-collor-e-assessores-defendem-que-ex-presidente-seja-escalado-para-ajudar-nas-relacoes-exteriores.ghtml\">https:\/\/g1.globo.com\/politica\/blog\/andreia-sadi\/post\/2021\/01\/30\/bolsonaro-fortalece-relacao-com-collor-e-assessores-defendem-que-ex-presidente-seja-escalado-para-ajudar-nas-relacoes-exteriores.ghtml<\/a>).<\/li>\n<\/ul>\n<p style=\"text-align: justify;\">Perceberam as similaridades existentes entre a Karol Conk\u00e1 e o Bolsonaro?<\/p>\n<p style=\"text-align: justify;\">No mais, o pa\u00eds vai seguindo que \u00e9 uma verdadeira beleza: gasolina vendida por at\u00e9 R$ 7,15 o litro em Pauini, no Amazonas, ap\u00f3s aumento acumulado de 34% s\u00f3 esse ano (Fonte: <a href=\"https:\/\/www.acritica.com\/channels\/cotidiano\/news\/no-amazonas-pauini-vende-gasolina-a-r-7-15-apos-alta-dos-combustiveis\">https:\/\/www.acritica.com\/channels\/cotidiano\/news\/no-amazonas-pauini-vende-gasolina-a-r-7-15-apos-alta-dos-combustiveis<\/a>), carne de segunda a R$ 40,00 o quilo, sal\u00e1rio m\u00ednimo sem aumento real, contas de \u00e1gua, luz e aluguel subindo mensalmente, arroz e feij\u00e3o car\u00edssimos, etc.<\/p>\n<p style=\"text-align: justify;\">Diante \u201cdisso tudo que est\u00e1 a\u00ed\u201d (crise econ\u00f4mica nunca antes vista e vivida na hist\u00f3ria do pa\u00eds, interven\u00e7\u00e3o estatal na economia de mercado, grav\u00edssimas den\u00fancias de corrup\u00e7\u00e3o no governo, acordos com o que h\u00e1 de pior na pol\u00edtica nacional, negacionismo e constante luta contra a vacina\u00e7\u00e3o da popula\u00e7\u00e3o, etc.), a perguntinha de hoje a voc\u00ea, leitor (a), \u00e9 bem simples e direta: o que melhorou na sua vida de 2018 pra c\u00e1?<\/p>\n<p style=\"text-align: justify;\">N\u00e3o precisa responder!!!<\/p>\n<p style=\"text-align: justify;\">Voltemos ao BBB 21 e tor\u00e7amos para que a Karol Conk\u00e1 saia do programa hoje com vota\u00e7\u00e3o recorde, pois novas elei\u00e7\u00f5es presidenciais s\u00f3 ocorrer\u00e3o no pr\u00f3ximo ano, em 2022. E chegando l\u00e1, evidentemente, saberemos se o povo realmente tem mem\u00f3ria de elefante ou n\u00e3o!<\/p>\n<p style=\"text-align: justify;\">E para finalizar, um \u201cconselho\u201d do filos\u00f3fico presidente Bolsonaro no in\u00edcio da alta do pre\u00e7o do arroz: \u201cSE N\u00c3O TEM ARROZ, QUE COMAM MACARR\u00c3O\u201d (Fonte: <a href=\"https:\/\/www.bbc.com\/portuguese\/brasil-54100601#:~:text=4%20fatos%20sobre%20a%20substitui%C3%A7%C3%A3o%20proposta%20por%20supermercados,-La%C3%ADs%20Alegretti%20%2D%20%40laisalegretti&amp;text=Depois%20de%20se%20reunir%20com,consumo%20de%20arroz%20por%20macarr%C3%A3o\">https:\/\/www.bbc.com\/portuguese\/brasil-54100601#:~:text=4%20fatos%20sobre%20a%20substitui%C3%A7%C3%A3o%20proposta%20por%20supermercados,-La%C3%ADs%20Alegretti%20%2D%20%40laisalegretti&amp;text=Depois%20de%20se%20reunir%20com,consumo%20de%20arroz%20por%20macarr%C3%A3o<\/a>).<\/p>\n<p style=\"text-align: justify;\"><a href=\"mailto:vladimirdemattos@hotmail.com\">vladimirdemattos@hotmail.com<\/a><\/p>\n<p>&nbsp;<\/p>\n","protected":false},"excerpt":{"rendered":"<p>KAROL CONK\u00c1 E BOLSONARO Hoje, 23\/03\/2021, \u00e9 o dia da elimina\u00e7\u00e3o da Karol Conk\u00e1 no Big Brother Brasil 21, festejado programa da Rede Globo de televis\u00e3o. A rapper curitibana, que aqui fora sempre levantou a bandeira do feminismo e do racismo, est\u00e1 sendo considerada totalmente t\u00f3xica, abusiva, preconceituosa, manipuladora e vil\u00e3 nesta edi\u00e7\u00e3o do programa. [&hellip;]<\/p>\n","protected":false},"author":1,"featured_media":43557,"comment_status":"closed","ping_status":"open","sticky":false,"template":"","format":"standard","meta":{"footnotes":""},"categories":[175],"tags":[],"class_list":["post-43556","post","type-post","status-publish","format-standard","has-post-thumbnail","hentry","category-artigos"],"_links":{"self":[{"href":"https:\/\/jorgezanoni.com.br\/2019\/wp-json\/wp\/v2\/posts\/43556","targetHints":{"allow":["GET"]}}],"collection":[{"href":"https:\/\/jorgezanoni.com.br\/2019\/wp-json\/wp\/v2\/posts"}],"about":[{"href":"https:\/\/jorgezanoni.com.br\/2019\/wp-json\/wp\/v2\/types\/post"}],"author":[{"embeddable":true,"href":"https:\/\/jorgezanoni.com.br\/2019\/wp-json\/wp\/v2\/users\/1"}],"replies":[{"embeddable":true,"href":"https:\/\/jorgezanoni.com.br\/2019\/wp-json\/wp\/v2\/comments?post=43556"}],"version-history":[{"count":0,"href":"https:\/\/jorgezanoni.com.br\/2019\/wp-json\/wp\/v2\/posts\/43556\/revisions"}],"wp:featuredmedia":[{"embeddable":true,"href":"https:\/\/jorgezanoni.com.br\/2019\/wp-json\/wp\/v2\/media\/43557"}],"wp:attachment":[{"href":"https:\/\/jorgezanoni.com.br\/2019\/wp-json\/wp\/v2\/media?parent=43556"}],"wp:term":[{"taxonomy":"category","embeddable":true,"href":"https:\/\/jorgezanoni.com.br\/2019\/wp-json\/wp\/v2\/categories?post=43556"},{"taxonomy":"post_tag","embeddable":true,"href":"https:\/\/jorgezanoni.com.br\/2019\/wp-json\/wp\/v2\/tags?post=43556"}],"curies":[{"name":"wp","href":"https:\/\/api.w.org\/{rel}","templated":true}]}}