{"id":43555,"date":"2021-02-23T14:53:16","date_gmt":"2021-02-23T14:53:16","guid":{"rendered":"https:\/\/jorgezanoni.com.br\/2019\/?p=43555"},"modified":"2021-02-24T13:00:24","modified_gmt":"2021-02-24T13:00:24","slug":"morre-o-empresario-do-ramo-de-construcoes-jose-luiz-santin","status":"publish","type":"post","link":"https:\/\/jorgezanoni.com.br\/2019\/morre-o-empresario-do-ramo-de-construcoes-jose-luiz-santin\/","title":{"rendered":"Morre o empres\u00e1rio do ramo de constru\u00e7\u00f5es, Jos\u00e9 Luiz Santin"},"content":{"rendered":"<p style=\"text-align: justify;\">Comunicamos com pesar o falecimento do sr. Jos\u00e9 Luiz Santin de 72 anos. Era propriet\u00e1rio do Dep\u00f3sito de Materiais para Constru\u00e7\u00e3o S\u00e3o Benedito. Ele teve sintomas de COVID, e iria passar por exames e tomografia, por\u00e9m segundo familiares sofreu um infarto.<\/p>\n<p style=\"text-align: justify;\">Deixa esposa, duas filhas, quatro netos e dois bisnetos. Era participante ativo de entidades sociais de Dracena.<\/p>\n<p style=\"text-align: justify;\">\u00c1 fam\u00edlia enlutada nossas condol\u00eancias e o respeito e considera\u00e7\u00e3o do Site JZ.<\/p>\n<p><img loading=\"lazy\" decoding=\"async\" class=\"alignnone size-full wp-image-43596\" src=\"https:\/\/jorgezanoni.com.br\/2019\/wp-content\/uploads\/2021\/02\/Santin-1.jpg\" alt=\"\" width=\"666\" height=\"565\" srcset=\"https:\/\/jorgezanoni.com.br\/2019\/wp-content\/uploads\/2021\/02\/Santin-1.jpg 666w, https:\/\/jorgezanoni.com.br\/2019\/wp-content\/uploads\/2021\/02\/Santin-1-300x255.jpg 300w, https:\/\/jorgezanoni.com.br\/2019\/wp-content\/uploads\/2021\/02\/Santin-1-495x420.jpg 495w\" sizes=\"auto, (max-width: 666px) 100vw, 666px\" \/><\/p>\n","protected":false},"excerpt":{"rendered":"<p>Comunicamos com pesar o falecimento do sr. Jos\u00e9 Luiz Santin de 72 anos. Era propriet\u00e1rio do Dep\u00f3sito de Materiais para Constru\u00e7\u00e3o S\u00e3o Benedito. Ele teve sintomas de COVID, e iria passar por exames e tomografia, por\u00e9m segundo familiares sofreu um infarto. Deixa esposa, duas filhas, quatro netos e dois bisnetos. Era participante ativo de entidades [&hellip;]<\/p>\n","protected":false},"author":1,"featured_media":43562,"comment_status":"closed","ping_status":"open","sticky":false,"template":"","format":"standard","meta":{"footnotes":""},"categories":[178,110],"tags":[],"class_list":["post-43555","post","type-post","status-publish","format-standard","has-post-thumbnail","hentry","category-notadefalecimento","category-noticiasdestaque"],"_links":{"self":[{"href":"https:\/\/jorgezanoni.com.br\/2019\/wp-json\/wp\/v2\/posts\/43555","targetHints":{"allow":["GET"]}}],"collection":[{"href":"https:\/\/jorgezanoni.com.br\/2019\/wp-json\/wp\/v2\/posts"}],"about":[{"href":"https:\/\/jorgezanoni.com.br\/2019\/wp-json\/wp\/v2\/types\/post"}],"author":[{"embeddable":true,"href":"https:\/\/jorgezanoni.com.br\/2019\/wp-json\/wp\/v2\/users\/1"}],"replies":[{"embeddable":true,"href":"https:\/\/jorgezanoni.com.br\/2019\/wp-json\/wp\/v2\/comments?post=43555"}],"version-history":[{"count":0,"href":"https:\/\/jorgezanoni.com.br\/2019\/wp-json\/wp\/v2\/posts\/43555\/revisions"}],"wp:featuredmedia":[{"embeddable":true,"href":"https:\/\/jorgezanoni.com.br\/2019\/wp-json\/wp\/v2\/media\/43562"}],"wp:attachment":[{"href":"https:\/\/jorgezanoni.com.br\/2019\/wp-json\/wp\/v2\/media?parent=43555"}],"wp:term":[{"taxonomy":"category","embeddable":true,"href":"https:\/\/jorgezanoni.com.br\/2019\/wp-json\/wp\/v2\/categories?post=43555"},{"taxonomy":"post_tag","embeddable":true,"href":"https:\/\/jorgezanoni.com.br\/2019\/wp-json\/wp\/v2\/tags?post=43555"}],"curies":[{"name":"wp","href":"https:\/\/api.w.org\/{rel}","templated":true}]}}