{"id":4355,"date":"2019-08-22T21:30:38","date_gmt":"2019-08-22T21:30:38","guid":{"rendered":"https:\/\/jorgezanoni.com.br\/2019\/?p=4355"},"modified":"2019-08-22T22:21:13","modified_gmt":"2019-08-22T22:21:13","slug":"policia-faz-buscas-por-ladroes-que-furtaram-25-celulares-e-televisao-de-loja-em-andradina","status":"publish","type":"post","link":"https:\/\/jorgezanoni.com.br\/2019\/policia-faz-buscas-por-ladroes-que-furtaram-25-celulares-e-televisao-de-loja-em-andradina\/","title":{"rendered":"Pol\u00edcia faz buscas por ladr\u00f5es que furtaram 25 celulares e televis\u00e3o de loja em Andradina"},"content":{"rendered":"<h2 class=\"content-head__subtitle\" style=\"text-align: justify;\"><strong>Criminosos quebraram uma das entradas do com\u00e9rcio, entraram no local, furtaram os aparelhos eletr\u00f4nicos e fugiram.<\/strong><\/h2>\n<div class=\"mc-column content-text active-extra-styles \" data-block-type=\"unstyled\" data-block-weight=\"28\" data-block-id=\"2\">\n<p class=\"content-text__container \" style=\"text-align: justify;\" data-track-category=\"Link no Texto\" data-track-links=\"\">A Pol\u00edcia Civil procura por ladr\u00f5es que invadiram uma loja de departamentos e furtaram 25 celulares e uma televis\u00e3o, na madrugada desta quinta-feira (22), em Andradina (SP).<\/p>\n<\/div>\n<div class=\"wall protected-content\">\n<div class=\"mc-column content-text active-extra-styles \" data-block-type=\"unstyled\" data-block-weight=\"25\" data-block-id=\"3\">\n<p class=\"content-text__container \" style=\"text-align: justify;\" data-track-category=\"Link no Texto\" data-track-links=\"\">De acordo com o boletim de ocorr\u00eancia, os criminosos quebraram uma das entradas do com\u00e9rcio, entraram no local, furtaram os aparelhos eletr\u00f4nicos e fugiram.<\/p>\n<div class=\"mc-column content-text active-extra-styles \" style=\"text-align: justify;\" data-block-type=\"unstyled\" data-block-weight=\"17\" data-block-id=\"5\">\n<p class=\"content-text__container \" data-track-category=\"Link no Texto\" data-track-links=\"\">A Pol\u00edcia Militar foi acionada e compareceu ao local, mas n\u00e3o conseguiu localizar os criminosos.<\/p>\n<\/div>\n<div class=\"mc-column content-text active-extra-styles \" data-block-type=\"unstyled\" data-block-weight=\"18\" data-block-id=\"6\">\n<p class=\"content-text__container \" style=\"text-align: justify;\" data-track-category=\"Link no Texto\" data-track-links=\"\">Ainda segundo o registro policial, o dono da loja de departamentos n\u00e3o informou o preju\u00edzo que teve.<\/p>\n<p style=\"text-align: justify;\" data-track-category=\"Link no Texto\" data-track-links=\"\">Fonte: G1<\/p>\n<\/div>\n<\/div>\n<\/div>\n<p>&nbsp;<\/p>\n","protected":false},"excerpt":{"rendered":"<p>Criminosos quebraram uma das entradas do com\u00e9rcio, entraram no local, furtaram os aparelhos eletr\u00f4nicos e fugiram. A Pol\u00edcia Civil procura por ladr\u00f5es que invadiram uma loja de departamentos e furtaram 25 celulares e uma televis\u00e3o, na madrugada desta quinta-feira (22), em Andradina (SP). De acordo com o boletim de ocorr\u00eancia, os criminosos quebraram uma das [&hellip;]<\/p>\n","protected":false},"author":1,"featured_media":4356,"comment_status":"closed","ping_status":"open","sticky":false,"template":"","format":"standard","meta":{"footnotes":""},"categories":[110,2],"tags":[],"class_list":["post-4355","post","type-post","status-publish","format-standard","has-post-thumbnail","hentry","category-noticiasdestaque","category-policial"],"_links":{"self":[{"href":"https:\/\/jorgezanoni.com.br\/2019\/wp-json\/wp\/v2\/posts\/4355","targetHints":{"allow":["GET"]}}],"collection":[{"href":"https:\/\/jorgezanoni.com.br\/2019\/wp-json\/wp\/v2\/posts"}],"about":[{"href":"https:\/\/jorgezanoni.com.br\/2019\/wp-json\/wp\/v2\/types\/post"}],"author":[{"embeddable":true,"href":"https:\/\/jorgezanoni.com.br\/2019\/wp-json\/wp\/v2\/users\/1"}],"replies":[{"embeddable":true,"href":"https:\/\/jorgezanoni.com.br\/2019\/wp-json\/wp\/v2\/comments?post=4355"}],"version-history":[{"count":0,"href":"https:\/\/jorgezanoni.com.br\/2019\/wp-json\/wp\/v2\/posts\/4355\/revisions"}],"wp:featuredmedia":[{"embeddable":true,"href":"https:\/\/jorgezanoni.com.br\/2019\/wp-json\/wp\/v2\/media\/4356"}],"wp:attachment":[{"href":"https:\/\/jorgezanoni.com.br\/2019\/wp-json\/wp\/v2\/media?parent=4355"}],"wp:term":[{"taxonomy":"category","embeddable":true,"href":"https:\/\/jorgezanoni.com.br\/2019\/wp-json\/wp\/v2\/categories?post=4355"},{"taxonomy":"post_tag","embeddable":true,"href":"https:\/\/jorgezanoni.com.br\/2019\/wp-json\/wp\/v2\/tags?post=4355"}],"curies":[{"name":"wp","href":"https:\/\/api.w.org\/{rel}","templated":true}]}}