{"id":43543,"date":"2021-02-23T02:36:33","date_gmt":"2021-02-23T02:36:33","guid":{"rendered":"https:\/\/jorgezanoni.com.br\/2019\/?p=43543"},"modified":"2021-02-23T02:36:33","modified_gmt":"2021-02-23T02:36:33","slug":"policia-civil-cumpre-mandado-de-internacao-de-adolescente-suspeito-de-praticar-furtos-de-motocicletas-em-dracena","status":"publish","type":"post","link":"https:\/\/jorgezanoni.com.br\/2019\/policia-civil-cumpre-mandado-de-internacao-de-adolescente-suspeito-de-praticar-furtos-de-motocicletas-em-dracena\/","title":{"rendered":"Pol\u00edcia Civil cumpre mandado de interna\u00e7\u00e3o de Adolescente suspeito de praticar furtos de Motocicletas em Dracena"},"content":{"rendered":"<p style=\"text-align: justify;\">O menor infrator havia furtado uma motocicleta semana passada, a moto foi recuperada e entregue ao propriet\u00e1rio. H\u00e1 ainda, a suspeita da participa\u00e7\u00e3o do adolescente em outros furtos de motocicletas.<\/p>\n<p style=\"text-align: justify;\">A Pol\u00edcia Civil, por interm\u00e9dio das Unidades Especializadas (Delegacia de Investiga\u00e7\u00f5es Gerais &#8211; DIG e Delegacia de Investiga\u00e7\u00f5es Sobre Entorpecentes &#8211; DISE), apreendeu nesta segunda-feira (22), um adolescente infrator, de 15 anos, suspeito de reiterada pr\u00e1tica de furtos de motocicletas. Uma, das motocicletas, havia sido furtada durante a madrugada, do \u00faltimo dia 15. O cumprimento do mandado de interna\u00e7\u00e3o provis\u00f3ria ocorreu na resid\u00eancia do adolescente, que fica no bairro Vila Barros, em Dracena. O procedimento da a\u00e7\u00e3o policial foi na presen\u00e7a do pai do menor, que acompanhou o infrator at\u00e9 apresenta\u00e7\u00e3o na Delegacia.<\/p>\n<p style=\"text-align: justify;\">Diante das investiga\u00e7\u00f5es, que vinham sendo desenvolvidas pelas Unidades Especializadas, que davam conta da participa\u00e7\u00e3o do adolescente em v\u00e1rios eventos de furtos de motocicletas ocorridos, em Dracena, foi feita a representa\u00e7\u00e3o \u00e0 Justi\u00e7a pelo pedido de um mandado de interna\u00e7\u00e3o provis\u00f3ria em desfavor do menor. E a ordem judicial foi expedida pela Vara da Inf\u00e2ncia e Juventude, da Comarca de Dracena.<\/p>\n<p style=\"text-align: justify;\">O adolescente foi apreendido na casa dele, no bairro Vila Barros, o genitor do menor estava presente no momento da a\u00e7\u00e3o policial, e o acompanhou at\u00e9 a apresenta\u00e7\u00e3o na Delegacia. Ap\u00f3s os procedimentos das comunica\u00e7\u00f5es necess\u00e1rias, infrator foi encaminhado a uma unidade da Funda\u00e7\u00e3o Casa da regi\u00e3o.<\/p>\n<p style=\"text-align: justify;\">Com. Social Pol\u00edcia Civil<\/p>\n","protected":false},"excerpt":{"rendered":"<p>O menor infrator havia furtado uma motocicleta semana passada, a moto foi recuperada e entregue ao propriet\u00e1rio. H\u00e1 ainda, a suspeita da participa\u00e7\u00e3o do adolescente em outros furtos de motocicletas. A Pol\u00edcia Civil, por interm\u00e9dio das Unidades Especializadas (Delegacia de Investiga\u00e7\u00f5es Gerais &#8211; DIG e Delegacia de Investiga\u00e7\u00f5es Sobre Entorpecentes &#8211; DISE), apreendeu nesta segunda-feira [&hellip;]<\/p>\n","protected":false},"author":1,"featured_media":43544,"comment_status":"closed","ping_status":"open","sticky":false,"template":"","format":"standard","meta":{"footnotes":""},"categories":[110,2],"tags":[],"class_list":["post-43543","post","type-post","status-publish","format-standard","has-post-thumbnail","hentry","category-noticiasdestaque","category-policial"],"_links":{"self":[{"href":"https:\/\/jorgezanoni.com.br\/2019\/wp-json\/wp\/v2\/posts\/43543","targetHints":{"allow":["GET"]}}],"collection":[{"href":"https:\/\/jorgezanoni.com.br\/2019\/wp-json\/wp\/v2\/posts"}],"about":[{"href":"https:\/\/jorgezanoni.com.br\/2019\/wp-json\/wp\/v2\/types\/post"}],"author":[{"embeddable":true,"href":"https:\/\/jorgezanoni.com.br\/2019\/wp-json\/wp\/v2\/users\/1"}],"replies":[{"embeddable":true,"href":"https:\/\/jorgezanoni.com.br\/2019\/wp-json\/wp\/v2\/comments?post=43543"}],"version-history":[{"count":0,"href":"https:\/\/jorgezanoni.com.br\/2019\/wp-json\/wp\/v2\/posts\/43543\/revisions"}],"wp:featuredmedia":[{"embeddable":true,"href":"https:\/\/jorgezanoni.com.br\/2019\/wp-json\/wp\/v2\/media\/43544"}],"wp:attachment":[{"href":"https:\/\/jorgezanoni.com.br\/2019\/wp-json\/wp\/v2\/media?parent=43543"}],"wp:term":[{"taxonomy":"category","embeddable":true,"href":"https:\/\/jorgezanoni.com.br\/2019\/wp-json\/wp\/v2\/categories?post=43543"},{"taxonomy":"post_tag","embeddable":true,"href":"https:\/\/jorgezanoni.com.br\/2019\/wp-json\/wp\/v2\/tags?post=43543"}],"curies":[{"name":"wp","href":"https:\/\/api.w.org\/{rel}","templated":true}]}}