{"id":43529,"date":"2021-02-23T01:02:25","date_gmt":"2021-02-23T01:02:25","guid":{"rendered":"https:\/\/jorgezanoni.com.br\/2019\/?p=43529"},"modified":"2021-02-23T01:02:52","modified_gmt":"2021-02-23T01:02:52","slug":"apos-audio-fake-viralizar-na-rede-social-mp-solicita-investigacao-atraves-da-policia-civil","status":"publish","type":"post","link":"https:\/\/jorgezanoni.com.br\/2019\/apos-audio-fake-viralizar-na-rede-social-mp-solicita-investigacao-atraves-da-policia-civil\/","title":{"rendered":"Ap\u00f3s \u00c1udios Fake viralizar na rede social, MP solicita investiga\u00e7\u00e3o atrav\u00e9s da Pol\u00edcia Civil"},"content":{"rendered":"<p style=\"text-align: justify;\"><strong>O prefeito Andr\u00e9 Lemos desmentiu a informa\u00e7\u00e3o que era trazida no \u00e1udio ainda no domingo.<\/strong><\/p>\n<p style=\"text-align: justify;\">No domingo (21), a administra\u00e7\u00e3o municipal fez alerta sobre informa\u00e7\u00e3o que estava correndo na rede social dizendo que o prefeito iria fazer um lockdow de 10 dias na semana que vem igual ao ocorrido em Araraquara.<br \/>\nO prefeito Andr\u00e9 Lemos esclareceu que o \u00e1udio \u00e9 pura especula\u00e7\u00e3o, n\u00e3o \u00e9 verdade.<br \/>\nO prefeito informou ainda que hoje, 22, est\u00e1 valendo o decreto da Fase Vermelha do Plano S\u00e3o Paulo, e \u00e0 noite das 20h \u00e0s 6h, o toque de recolher.<br \/>\nOrienta a todos para manterem os cuidados de preven\u00e7\u00e3o contra o coronar\u00edvus, evitando aglomera\u00e7\u00e3o, sair de casa s\u00f3 para o necess\u00e1rio, al\u00e9m do uso do \u00e1lcool 70\u00b0 e o uso da m\u00e1scara.<br \/>\nQualquer informa\u00e7\u00e3o quanto \u00e0 situa\u00e7\u00e3o que se encontra a cidade ou demais atos da administra\u00e7\u00e3o ser\u00e3o veiculados nos canais de comunica\u00e7\u00e3o da municipalidade como, no site www.dracena.sp.gov.br e ainda na p\u00e1gina do Facebook.<\/p>\n<p style=\"text-align: justify;\"><strong>INVESTIGA\u00c7\u00c3O DO \u00c1UDIO FAKE<\/strong><br \/>\nAs not\u00edcias falsas se espalham 70% mais r\u00e1pido que as verdadeiras e alcan\u00e7am muito mais gente. A conclus\u00e3o \u00e9 do maior estudo j\u00e1 realizado sobre a dissemina\u00e7\u00e3o de not\u00edcias falsas na internet, realizado por cientistas do Instituto de Tecnologia de Massachusetts (MIT, na sigla em ingl\u00eas), dos Estados Unidos, no ano de 2018. Entretanto, para aqueles que acreditam ainda que postar not\u00edcias sem veracidade n\u00e3o dar\u00e1 nada, se enganam. Foi o que aconteceu com este \u00e1udio que viralizou na rede social no domingo, mas que chegou ao conhecimento de autoridades.<br \/>\nO Minist\u00e9rio P\u00fablico, atrav\u00e9s do promotor de justi\u00e7a Ruy Fernando Anelli Bodini, encaminhou of\u00edcio ao delegado de pol\u00edcia titular da DISE Alexandre Luengo informando que teve conhecimento da circula\u00e7\u00e3o de falsas not\u00edcias, e requisitou a instaura\u00e7\u00e3o de procedimento criminal para apurar, em princ\u00edpio, a infra\u00e7\u00e3o penal prevista no artigo 41 da LCP ou qualquer outra que esta autoridade policial vislumbrar, com fundamento no artigo 5\u00b0, inciso II do C\u00f3digo de Processo Penal.<br \/>\nSegundo o promotor: &#8220;&#8230;foi promovida a circula\u00e7\u00e3o de falsas not\u00edcias capazes de produzir p\u00e2nico na popula\u00e7\u00e3o dracenense, referentes \u00e0s medidas adotadas para conter a circula\u00e7\u00e3o do Covid-19, supostamente de responsabilidade de Vanderlei Val\u00e9rio e Doni Santos&#8221;.<br \/>\nNo of\u00edcio, o promotor pontuou ainda que aguarda comunica\u00e7\u00e3o pela Pol\u00edcia Civil sobre a instaura\u00e7\u00e3o.<br \/>\nO artigo 41 da LCP (Lei de Contraven\u00e7\u00f5es Penais) citado pelo promotor diz: &#8220;Provocar alarma, anunciando desastre ou perigo inexistente, ou praticar qualquer ato capaz de produzir p\u00e2nico ou tumulto&#8221;.<\/p>\n<p style=\"text-align: justify;\">Fonte: Diretoria de Comunica\u00e7\u00e3o<\/p>\n","protected":false},"excerpt":{"rendered":"<p>O prefeito Andr\u00e9 Lemos desmentiu a informa\u00e7\u00e3o que era trazida no \u00e1udio ainda no domingo. No domingo (21), a administra\u00e7\u00e3o municipal fez alerta sobre informa\u00e7\u00e3o que estava correndo na rede social dizendo que o prefeito iria fazer um lockdow de 10 dias na semana que vem igual ao ocorrido em Araraquara. O prefeito Andr\u00e9 Lemos [&hellip;]<\/p>\n","protected":false},"author":1,"featured_media":43530,"comment_status":"closed","ping_status":"open","sticky":false,"template":"","format":"standard","meta":{"footnotes":""},"categories":[120,110],"tags":[],"class_list":["post-43529","post","type-post","status-publish","format-standard","has-post-thumbnail","hentry","category-justicahabitacaotecnologia","category-noticiasdestaque"],"_links":{"self":[{"href":"https:\/\/jorgezanoni.com.br\/2019\/wp-json\/wp\/v2\/posts\/43529","targetHints":{"allow":["GET"]}}],"collection":[{"href":"https:\/\/jorgezanoni.com.br\/2019\/wp-json\/wp\/v2\/posts"}],"about":[{"href":"https:\/\/jorgezanoni.com.br\/2019\/wp-json\/wp\/v2\/types\/post"}],"author":[{"embeddable":true,"href":"https:\/\/jorgezanoni.com.br\/2019\/wp-json\/wp\/v2\/users\/1"}],"replies":[{"embeddable":true,"href":"https:\/\/jorgezanoni.com.br\/2019\/wp-json\/wp\/v2\/comments?post=43529"}],"version-history":[{"count":0,"href":"https:\/\/jorgezanoni.com.br\/2019\/wp-json\/wp\/v2\/posts\/43529\/revisions"}],"wp:featuredmedia":[{"embeddable":true,"href":"https:\/\/jorgezanoni.com.br\/2019\/wp-json\/wp\/v2\/media\/43530"}],"wp:attachment":[{"href":"https:\/\/jorgezanoni.com.br\/2019\/wp-json\/wp\/v2\/media?parent=43529"}],"wp:term":[{"taxonomy":"category","embeddable":true,"href":"https:\/\/jorgezanoni.com.br\/2019\/wp-json\/wp\/v2\/categories?post=43529"},{"taxonomy":"post_tag","embeddable":true,"href":"https:\/\/jorgezanoni.com.br\/2019\/wp-json\/wp\/v2\/tags?post=43529"}],"curies":[{"name":"wp","href":"https:\/\/api.w.org\/{rel}","templated":true}]}}