{"id":4352,"date":"2019-08-22T21:14:15","date_gmt":"2019-08-22T21:14:15","guid":{"rendered":"https:\/\/jorgezanoni.com.br\/2019\/?p=4352"},"modified":"2019-08-22T21:14:15","modified_gmt":"2019-08-22T21:14:15","slug":"apos-denuncia-pm-localiza-espingarda-em-vegetacao-e-prende-homem-em-junqueiropolis","status":"publish","type":"post","link":"https:\/\/jorgezanoni.com.br\/2019\/apos-denuncia-pm-localiza-espingarda-em-vegetacao-e-prende-homem-em-junqueiropolis\/","title":{"rendered":"Ap\u00f3s den\u00fancia, PM localiza espingarda em vegeta\u00e7\u00e3o e prende homem em Junqueir\u00f3polis"},"content":{"rendered":"<h2 class=\"content-head__subtitle\" style=\"text-align: justify;\"><strong>Armamento estava em propriedade rural. Durante a vistoria tamb\u00e9m foram encontrados chumbo, p\u00f3lvora e espoletas.<\/strong><\/h2>\n<div class=\"mc-column content-text active-extra-styles \" data-block-type=\"unstyled\" data-block-weight=\"38\" data-block-id=\"2\">\n<p class=\"content-text__container \" style=\"text-align: justify;\" data-track-category=\"Link no Texto\" data-track-links=\"\">A Pol\u00edcia Militar apreendeu nesta quarta-feira (21) uma espingarda, p\u00f3lvora, chumbo e espoletas em uma propriedade rural localizada no bairro Palmeiras, em Junqueir\u00f3polis. Um homem de 52 anos responder\u00e1 pelo crime de posse ilegal de arma de fogo.<\/p>\n<\/div>\n<div class=\"wall protected-content\">\n<div class=\"mc-column content-text active-extra-styles \" style=\"text-align: justify;\" data-block-type=\"unstyled\" data-block-weight=\"37\" data-block-id=\"3\">\n<p class=\"content-text__container \" data-track-category=\"Link no Texto\" data-track-links=\"\">Por meio do Centro de Opera\u00e7\u00f5es da Pol\u00edcia Militar (Copom), a corpora\u00e7\u00e3o foi informada de que em uma propriedade rural um homem possu\u00eda uma arma de fogo e que a escondia numa vegeta\u00e7\u00e3o pr\u00f3xima a um chiqueiro.<\/p>\n<\/div>\n<div class=\"mc-column content-text active-extra-styles \" style=\"text-align: justify;\" data-block-type=\"unstyled\" data-block-weight=\"26\" data-block-id=\"4\">\n<p class=\"content-text__container \" data-track-category=\"Link no Texto\" data-track-links=\"\">Os policiais seguiram ao local, onde encontraram um suspeito. O homem, ao ser questionado, negou possuir arma de fogo e autorizou a vistoria no local.<\/p>\n<\/div>\n<div class=\"mc-column content-text active-extra-styles \" style=\"text-align: justify;\" data-block-type=\"unstyled\" data-block-weight=\"48\" data-block-id=\"5\">\n<p class=\"content-text__container \" data-track-category=\"Link no Texto\" data-track-links=\"\">Durante as buscas, foi localizada escondida na vegeta\u00e7\u00e3o uma espingarda de calibre 32, desmuniciada, de cano curto oxidado e coronha de madeira, al\u00e9m de um estojo escolar contendo um cartucho de calibre 32, dois recipientes com p\u00f3lvora, um recipiente com chumbos e dois recipientes com 25 espoletas intactas.<\/p>\n<\/div>\n<div class=\"mc-column content-text active-extra-styles \" style=\"text-align: justify;\" data-block-type=\"unstyled\" data-block-weight=\"31\" data-block-id=\"6\">\n<p class=\"content-text__container \" data-track-category=\"Link no Texto\" data-track-links=\"\">Ao ser questionado sobre a arma, o homem declarou que pertencia a outra pessoa e n\u00e3o apresentou nenhum tipo de documento que comprovasse o registro ou posse da arma de fogo.<\/p>\n<\/div>\n<div class=\"mc-column content-text active-extra-styles \" style=\"text-align: justify;\" data-block-type=\"unstyled\" data-block-weight=\"34\" data-block-id=\"7\">\n<p class=\"content-text__container \" data-track-category=\"Link no Texto\" data-track-links=\"\">O homem foi conduzido \u00e0 Delegacia da Pol\u00edcia Civil, onde foi registrado o Boletim de Ocorr\u00eancia de posse irregular de arma de fogo de uso permitido. A espingarda e demais objetos foram apreendidos.<\/p>\n<\/div>\n<div data-track-category=\"multicontent\" data-track-action=\"ultimo chunk conteudo\" data-track-noninteraction=\"false\" data-track-scroll=\"view\">\n<div class=\"mc-column content-text active-extra-styles \" data-block-type=\"unstyled\" data-block-weight=\"30\" data-block-id=\"9\">\n<p class=\"content-text__container \" style=\"text-align: justify;\" data-track-category=\"Link no Texto\" data-track-links=\"\">Ainda na unidade foi ratificada a pris\u00e3o do homem, e foi arbitrada fian\u00e7a no valor de um sal\u00e1rio-m\u00ednimo. O valor foi pago e o indiv\u00edduo responder\u00e1 pelo crime em liberdade.<\/p>\n<p data-track-category=\"Link no Texto\" data-track-links=\"\">Fonte: G1 e Com. Social Pol\u00edcia Militar 25\u00ba BPM\/I<\/p>\n<\/div>\n<\/div>\n<\/div>\n","protected":false},"excerpt":{"rendered":"<p>Armamento estava em propriedade rural. Durante a vistoria tamb\u00e9m foram encontrados chumbo, p\u00f3lvora e espoletas. A Pol\u00edcia Militar apreendeu nesta quarta-feira (21) uma espingarda, p\u00f3lvora, chumbo e espoletas em uma propriedade rural localizada no bairro Palmeiras, em Junqueir\u00f3polis. Um homem de 52 anos responder\u00e1 pelo crime de posse ilegal de arma de fogo. Por meio [&hellip;]<\/p>\n","protected":false},"author":1,"featured_media":4353,"comment_status":"closed","ping_status":"open","sticky":false,"template":"","format":"standard","meta":{"footnotes":""},"categories":[110,2],"tags":[],"class_list":["post-4352","post","type-post","status-publish","format-standard","has-post-thumbnail","hentry","category-noticiasdestaque","category-policial"],"_links":{"self":[{"href":"https:\/\/jorgezanoni.com.br\/2019\/wp-json\/wp\/v2\/posts\/4352","targetHints":{"allow":["GET"]}}],"collection":[{"href":"https:\/\/jorgezanoni.com.br\/2019\/wp-json\/wp\/v2\/posts"}],"about":[{"href":"https:\/\/jorgezanoni.com.br\/2019\/wp-json\/wp\/v2\/types\/post"}],"author":[{"embeddable":true,"href":"https:\/\/jorgezanoni.com.br\/2019\/wp-json\/wp\/v2\/users\/1"}],"replies":[{"embeddable":true,"href":"https:\/\/jorgezanoni.com.br\/2019\/wp-json\/wp\/v2\/comments?post=4352"}],"version-history":[{"count":0,"href":"https:\/\/jorgezanoni.com.br\/2019\/wp-json\/wp\/v2\/posts\/4352\/revisions"}],"wp:featuredmedia":[{"embeddable":true,"href":"https:\/\/jorgezanoni.com.br\/2019\/wp-json\/wp\/v2\/media\/4353"}],"wp:attachment":[{"href":"https:\/\/jorgezanoni.com.br\/2019\/wp-json\/wp\/v2\/media?parent=4352"}],"wp:term":[{"taxonomy":"category","embeddable":true,"href":"https:\/\/jorgezanoni.com.br\/2019\/wp-json\/wp\/v2\/categories?post=4352"},{"taxonomy":"post_tag","embeddable":true,"href":"https:\/\/jorgezanoni.com.br\/2019\/wp-json\/wp\/v2\/tags?post=4352"}],"curies":[{"name":"wp","href":"https:\/\/api.w.org\/{rel}","templated":true}]}}