{"id":43515,"date":"2021-02-22T21:58:29","date_gmt":"2021-02-22T21:58:29","guid":{"rendered":"https:\/\/jorgezanoni.com.br\/2019\/?p=43515"},"modified":"2021-02-22T21:58:29","modified_gmt":"2021-02-22T21:58:29","slug":"morre-a-jovem-bruna-augusto-mais-uma-vitima-da-covid","status":"publish","type":"post","link":"https:\/\/jorgezanoni.com.br\/2019\/morre-a-jovem-bruna-augusto-mais-uma-vitima-da-covid\/","title":{"rendered":"Morre a jovem Bruna Augusto, mais uma v\u00edtima da COVID"},"content":{"rendered":"<p style=\"text-align: justify;\">Comunicamos com pesar o falecimento da jovem dracenense, Bruna Augusto de 25 anos. Ela estava internada na cidade de Presidente Epit\u00e1cio e veio a \u00f3bito no in\u00edcio da tarde desta segunda-feira por complica\u00e7\u00f5es da COVID-19.<\/p>\n<div class=\"kvgmc6g5 cxmmr5t8 oygrvhab hcukyx3x c1et5uql ii04i59q\"><\/div>\n<div dir=\"auto\">\n<div class=\"o9v6fnle cxmmr5t8 oygrvhab hcukyx3x c1et5uql ii04i59q\">\n<div dir=\"auto\">Era cabeleireira de profiss\u00e3o, e tinha um sal\u00e3o de beleza no Bairro Em\u00edlio Zanata.<\/div>\n<div dir=\"auto\"><\/div>\n<\/div>\n<div dir=\"auto\"><img loading=\"lazy\" decoding=\"async\" class=\"alignnone size-full wp-image-43516\" src=\"https:\/\/jorgezanoni.com.br\/2019\/wp-content\/uploads\/2021\/02\/bruna.jpg\" alt=\"\" width=\"526\" height=\"529\" srcset=\"https:\/\/jorgezanoni.com.br\/2019\/wp-content\/uploads\/2021\/02\/bruna.jpg 526w, https:\/\/jorgezanoni.com.br\/2019\/wp-content\/uploads\/2021\/02\/bruna-298x300.jpg 298w, https:\/\/jorgezanoni.com.br\/2019\/wp-content\/uploads\/2021\/02\/bruna-150x150.jpg 150w, https:\/\/jorgezanoni.com.br\/2019\/wp-content\/uploads\/2021\/02\/bruna-418x420.jpg 418w\" sizes=\"auto, (max-width: 526px) 100vw, 526px\" \/><\/div>\n<\/div>\n","protected":false},"excerpt":{"rendered":"<p>Comunicamos com pesar o falecimento da jovem dracenense, Bruna Augusto de 25 anos. Ela estava internada na cidade de Presidente Epit\u00e1cio e veio a \u00f3bito no in\u00edcio da tarde desta segunda-feira por complica\u00e7\u00f5es da COVID-19. Era cabeleireira de profiss\u00e3o, e tinha um sal\u00e3o de beleza no Bairro Em\u00edlio Zanata.<\/p>\n","protected":false},"author":1,"featured_media":43517,"comment_status":"closed","ping_status":"open","sticky":false,"template":"","format":"standard","meta":{"footnotes":""},"categories":[178,110],"tags":[],"class_list":["post-43515","post","type-post","status-publish","format-standard","has-post-thumbnail","hentry","category-notadefalecimento","category-noticiasdestaque"],"_links":{"self":[{"href":"https:\/\/jorgezanoni.com.br\/2019\/wp-json\/wp\/v2\/posts\/43515","targetHints":{"allow":["GET"]}}],"collection":[{"href":"https:\/\/jorgezanoni.com.br\/2019\/wp-json\/wp\/v2\/posts"}],"about":[{"href":"https:\/\/jorgezanoni.com.br\/2019\/wp-json\/wp\/v2\/types\/post"}],"author":[{"embeddable":true,"href":"https:\/\/jorgezanoni.com.br\/2019\/wp-json\/wp\/v2\/users\/1"}],"replies":[{"embeddable":true,"href":"https:\/\/jorgezanoni.com.br\/2019\/wp-json\/wp\/v2\/comments?post=43515"}],"version-history":[{"count":0,"href":"https:\/\/jorgezanoni.com.br\/2019\/wp-json\/wp\/v2\/posts\/43515\/revisions"}],"wp:featuredmedia":[{"embeddable":true,"href":"https:\/\/jorgezanoni.com.br\/2019\/wp-json\/wp\/v2\/media\/43517"}],"wp:attachment":[{"href":"https:\/\/jorgezanoni.com.br\/2019\/wp-json\/wp\/v2\/media?parent=43515"}],"wp:term":[{"taxonomy":"category","embeddable":true,"href":"https:\/\/jorgezanoni.com.br\/2019\/wp-json\/wp\/v2\/categories?post=43515"},{"taxonomy":"post_tag","embeddable":true,"href":"https:\/\/jorgezanoni.com.br\/2019\/wp-json\/wp\/v2\/tags?post=43515"}],"curies":[{"name":"wp","href":"https:\/\/api.w.org\/{rel}","templated":true}]}}