{"id":43508,"date":"2021-02-22T16:01:20","date_gmt":"2021-02-22T16:01:20","guid":{"rendered":"https:\/\/jorgezanoni.com.br\/2019\/?p=43508"},"modified":"2021-02-22T16:01:20","modified_gmt":"2021-02-22T16:01:20","slug":"tres-mortes-sao-registradas-por-covid-nas-ultimas-horas-na-santa-casa-de-dracena","status":"publish","type":"post","link":"https:\/\/jorgezanoni.com.br\/2019\/tres-mortes-sao-registradas-por-covid-nas-ultimas-horas-na-santa-casa-de-dracena\/","title":{"rendered":"Tr\u00eas mortes s\u00e3o registradas por COVID nas \u00faltimas horas, na Santa Casa de Dracena"},"content":{"rendered":"<p>Paciente 72 anos, sexo Feminino, Dracena, Confirmado para Covid 19, internou 17\/02\/2021 veio a \u00d3bito dia 21\/02\/2021 \u00e0s 11:00 horas.<\/p>\n<p>Paciente 81 anos, sexo Feminino, Dracena, Confirmado para Covid 19, internou 06\/02\/2021 veio a \u00d3bito dia 21\/02\/2021 \u00e0s 18:20 horas.<\/p>\n<p>Paciente 89 anos, sexo Feminino, Dracena, Confirmado para Covid 19, internou 17\/02\/2021 veio a \u00d3bito dia 22\/02\/2021 \u00e0s 07:50 horas.<\/p>\n<p>Fonte: Santa Casa de Dracena<\/p>\n<p>&nbsp;<\/p>\n","protected":false},"excerpt":{"rendered":"<p>Paciente 72 anos, sexo Feminino, Dracena, Confirmado para Covid 19, internou 17\/02\/2021 veio a \u00d3bito dia 21\/02\/2021 \u00e0s 11:00 horas. Paciente 81 anos, sexo Feminino, Dracena, Confirmado para Covid 19, internou 06\/02\/2021 veio a \u00d3bito dia 21\/02\/2021 \u00e0s 18:20 horas. Paciente 89 anos, sexo Feminino, Dracena, Confirmado para Covid 19, internou 17\/02\/2021 veio a \u00d3bito [&hellip;]<\/p>\n","protected":false},"author":1,"featured_media":43509,"comment_status":"closed","ping_status":"open","sticky":false,"template":"","format":"standard","meta":{"footnotes":""},"categories":[178,110],"tags":[],"class_list":["post-43508","post","type-post","status-publish","format-standard","has-post-thumbnail","hentry","category-notadefalecimento","category-noticiasdestaque"],"_links":{"self":[{"href":"https:\/\/jorgezanoni.com.br\/2019\/wp-json\/wp\/v2\/posts\/43508","targetHints":{"allow":["GET"]}}],"collection":[{"href":"https:\/\/jorgezanoni.com.br\/2019\/wp-json\/wp\/v2\/posts"}],"about":[{"href":"https:\/\/jorgezanoni.com.br\/2019\/wp-json\/wp\/v2\/types\/post"}],"author":[{"embeddable":true,"href":"https:\/\/jorgezanoni.com.br\/2019\/wp-json\/wp\/v2\/users\/1"}],"replies":[{"embeddable":true,"href":"https:\/\/jorgezanoni.com.br\/2019\/wp-json\/wp\/v2\/comments?post=43508"}],"version-history":[{"count":0,"href":"https:\/\/jorgezanoni.com.br\/2019\/wp-json\/wp\/v2\/posts\/43508\/revisions"}],"wp:featuredmedia":[{"embeddable":true,"href":"https:\/\/jorgezanoni.com.br\/2019\/wp-json\/wp\/v2\/media\/43509"}],"wp:attachment":[{"href":"https:\/\/jorgezanoni.com.br\/2019\/wp-json\/wp\/v2\/media?parent=43508"}],"wp:term":[{"taxonomy":"category","embeddable":true,"href":"https:\/\/jorgezanoni.com.br\/2019\/wp-json\/wp\/v2\/categories?post=43508"},{"taxonomy":"post_tag","embeddable":true,"href":"https:\/\/jorgezanoni.com.br\/2019\/wp-json\/wp\/v2\/tags?post=43508"}],"curies":[{"name":"wp","href":"https:\/\/api.w.org\/{rel}","templated":true}]}}