{"id":43467,"date":"2021-02-21T19:56:02","date_gmt":"2021-02-21T19:56:02","guid":{"rendered":"https:\/\/jorgezanoni.com.br\/2019\/?p=43467"},"modified":"2021-02-21T20:16:27","modified_gmt":"2021-02-21T20:16:27","slug":"vitima-de-grave-acidente-jovem-de-17-anos-morre-apos-passar-quatro-dias-internado","status":"publish","type":"post","link":"https:\/\/jorgezanoni.com.br\/2019\/vitima-de-grave-acidente-jovem-de-17-anos-morre-apos-passar-quatro-dias-internado\/","title":{"rendered":"V\u00edtima de grave acidente, jovem de 17 anos morre ap\u00f3s passar quatro dias internado"},"content":{"rendered":"<p style=\"text-align: justify;\"><strong>Morreu na madrugada deste domingo (21), ap\u00f3s passar quatro dias internado, o jovem Kevin Tadeu Pereira da Silva, de 17 anos de idade.<\/strong><\/p>\n<p style=\"text-align: justify;\">Ele era um dos ocupantes do ve\u00edculo que capotou e arremessou v\u00edtimas ao solo no final da tarde da \u00faltima quarta-feira (17), na Rodovia J\u00falio Budiski (SP-501) em Flora Rica.\u00a0<em>(<a href=\"https:\/\/ifolharegional.com.br\/2021\/02\/17\/vitimasflroai341\/\"><strong>CLIQUE AQUI<\/strong>\u00a0<\/a>e veja a reportagem completa)<\/em><\/p>\n<p style=\"text-align: justify;\">Kevin sofreu ferimentos de natureza grave, n\u00e3o resistiu e infelizmente teve \u00f3bito constatado pela equipe m\u00e9dica por volta das 4h de hoje.<\/p>\n<p style=\"text-align: justify;\"><strong>VEL\u00d3RIO E SEPULTAMENTO<\/strong><\/p>\n<p style=\"text-align: justify;\">Segundo apurado pelo jornalismo do jornal e site Folha Regional, o vel\u00f3rio de Kevin ter\u00e1 in\u00edcio na noite deste domingo e ser\u00e1 reservado apenas aos familiares mais pr\u00f3ximos.<\/p>\n<p style=\"text-align: justify;\">J\u00e1 por volta das 6h de amanh\u00e3, de segunda-feira (22), cumprindo as normas de distanciamento social, o vel\u00f3rio ser\u00e1 aberto aos amigos e a popula\u00e7\u00e3o de Flora Rica.<\/p>\n<p style=\"text-align: justify;\">A v\u00edtima estava morando com familiares em Flora Rica desde o m\u00eas de novembro do ano passado. Eles alugaram uma resid\u00eancia na cidade e nos pr\u00f3ximos dias iriam at\u00e9 S\u00e3o Paulo para buscar a mudan\u00e7a.<\/p>\n<p><img loading=\"lazy\" decoding=\"async\" class=\"alignnone size-full wp-image-43470\" src=\"https:\/\/jorgezanoni.com.br\/2019\/wp-content\/uploads\/2021\/02\/FLORA.jpg\" alt=\"\" width=\"509\" height=\"1280\" srcset=\"https:\/\/jorgezanoni.com.br\/2019\/wp-content\/uploads\/2021\/02\/FLORA.jpg 509w, https:\/\/jorgezanoni.com.br\/2019\/wp-content\/uploads\/2021\/02\/FLORA-119x300.jpg 119w, https:\/\/jorgezanoni.com.br\/2019\/wp-content\/uploads\/2021\/02\/FLORA-407x1024.jpg 407w, https:\/\/jorgezanoni.com.br\/2019\/wp-content\/uploads\/2021\/02\/FLORA-167x420.jpg 167w\" sizes=\"auto, (max-width: 509px) 100vw, 509px\" \/><\/p>\n<p style=\"text-align: justify;\">Fonte: Folha Regional &#8211; Foto: Internet \/ Reprodu\u00e7\u00e3o<\/p>\n","protected":false},"excerpt":{"rendered":"<p>Morreu na madrugada deste domingo (21), ap\u00f3s passar quatro dias internado, o jovem Kevin Tadeu Pereira da Silva, de 17 anos de idade. Ele era um dos ocupantes do ve\u00edculo que capotou e arremessou v\u00edtimas ao solo no final da tarde da \u00faltima quarta-feira (17), na Rodovia J\u00falio Budiski (SP-501) em Flora Rica.\u00a0(CLIQUE AQUI\u00a0e veja [&hellip;]<\/p>\n","protected":false},"author":1,"featured_media":43468,"comment_status":"closed","ping_status":"open","sticky":false,"template":"","format":"standard","meta":{"footnotes":""},"categories":[170,110],"tags":[],"class_list":["post-43467","post","type-post","status-publish","format-standard","has-post-thumbnail","hentry","category-acidentes","category-noticiasdestaque"],"_links":{"self":[{"href":"https:\/\/jorgezanoni.com.br\/2019\/wp-json\/wp\/v2\/posts\/43467","targetHints":{"allow":["GET"]}}],"collection":[{"href":"https:\/\/jorgezanoni.com.br\/2019\/wp-json\/wp\/v2\/posts"}],"about":[{"href":"https:\/\/jorgezanoni.com.br\/2019\/wp-json\/wp\/v2\/types\/post"}],"author":[{"embeddable":true,"href":"https:\/\/jorgezanoni.com.br\/2019\/wp-json\/wp\/v2\/users\/1"}],"replies":[{"embeddable":true,"href":"https:\/\/jorgezanoni.com.br\/2019\/wp-json\/wp\/v2\/comments?post=43467"}],"version-history":[{"count":0,"href":"https:\/\/jorgezanoni.com.br\/2019\/wp-json\/wp\/v2\/posts\/43467\/revisions"}],"wp:featuredmedia":[{"embeddable":true,"href":"https:\/\/jorgezanoni.com.br\/2019\/wp-json\/wp\/v2\/media\/43468"}],"wp:attachment":[{"href":"https:\/\/jorgezanoni.com.br\/2019\/wp-json\/wp\/v2\/media?parent=43467"}],"wp:term":[{"taxonomy":"category","embeddable":true,"href":"https:\/\/jorgezanoni.com.br\/2019\/wp-json\/wp\/v2\/categories?post=43467"},{"taxonomy":"post_tag","embeddable":true,"href":"https:\/\/jorgezanoni.com.br\/2019\/wp-json\/wp\/v2\/tags?post=43467"}],"curies":[{"name":"wp","href":"https:\/\/api.w.org\/{rel}","templated":true}]}}