{"id":4346,"date":"2019-08-22T20:38:50","date_gmt":"2019-08-22T20:38:50","guid":{"rendered":"https:\/\/jorgezanoni.com.br\/2019\/?p=4346"},"modified":"2019-08-22T20:49:29","modified_gmt":"2019-08-22T20:49:29","slug":"empresario-carlos-henrique-dos-santos-sera-o-presidente-do-comite-organizador-dos-2o-jogos-infantis-em-dracena","status":"publish","type":"post","link":"https:\/\/jorgezanoni.com.br\/2019\/empresario-carlos-henrique-dos-santos-sera-o-presidente-do-comite-organizador-dos-2o-jogos-infantis-em-dracena\/","title":{"rendered":"Empres\u00e1rio Carlos Henrique dos Santos ser\u00e1 o presidente do Comit\u00ea Organizador dos 2\u00ba Jogos Infantis, em Dracena"},"content":{"rendered":"<p style=\"text-align: justify;\"><strong><em>Evento \u00e9 um dos maiores na \u00e1rea esportiva, realizados pelo Governo do Estado, e ser\u00e1 sediado no munic\u00edpio entre 26 de setembro e 05 de outubro, com a participa\u00e7\u00e3o de aproximadamente 3 mil atletas.<\/em><\/strong><\/p>\n<p><img loading=\"lazy\" decoding=\"async\" class=\"alignnone size-full wp-image-4347\" src=\"https:\/\/jorgezanoni.com.br\/2019\/wp-content\/uploads\/2019\/08\/carlos.jpeg\" alt=\"\" width=\"1280\" height=\"960\" srcset=\"https:\/\/jorgezanoni.com.br\/2019\/wp-content\/uploads\/2019\/08\/carlos.jpeg 1280w, https:\/\/jorgezanoni.com.br\/2019\/wp-content\/uploads\/2019\/08\/carlos-300x225.jpeg 300w, https:\/\/jorgezanoni.com.br\/2019\/wp-content\/uploads\/2019\/08\/carlos-768x576.jpeg 768w, https:\/\/jorgezanoni.com.br\/2019\/wp-content\/uploads\/2019\/08\/carlos-1024x768.jpeg 1024w, https:\/\/jorgezanoni.com.br\/2019\/wp-content\/uploads\/2019\/08\/carlos-80x60.jpeg 80w, https:\/\/jorgezanoni.com.br\/2019\/wp-content\/uploads\/2019\/08\/carlos-265x198.jpeg 265w, https:\/\/jorgezanoni.com.br\/2019\/wp-content\/uploads\/2019\/08\/carlos-696x522.jpeg 696w, https:\/\/jorgezanoni.com.br\/2019\/wp-content\/uploads\/2019\/08\/carlos-1068x801.jpeg 1068w, https:\/\/jorgezanoni.com.br\/2019\/wp-content\/uploads\/2019\/08\/carlos-560x420.jpeg 560w\" sizes=\"auto, (max-width: 1280px) 100vw, 1280px\" \/><\/p>\n<p style=\"text-align: justify;\">O Comit\u00ea Organizador da fase final dos 2\u00ba Jogos Infantis do Estado de S\u00e3o Paulo, que ser\u00e1 sediado em Dracena, entre os dias 26 de setembro e 05 de outubro de 2019, ter\u00e1 como presidente um importante e respeitado nome da cidade: Carlos Henrique dos Santos.<\/p>\n<p><img loading=\"lazy\" decoding=\"async\" class=\"alignnone size-full wp-image-4348\" src=\"https:\/\/jorgezanoni.com.br\/2019\/wp-content\/uploads\/2019\/08\/carlos1.jpeg\" alt=\"\" width=\"1280\" height=\"960\" srcset=\"https:\/\/jorgezanoni.com.br\/2019\/wp-content\/uploads\/2019\/08\/carlos1.jpeg 1280w, https:\/\/jorgezanoni.com.br\/2019\/wp-content\/uploads\/2019\/08\/carlos1-300x225.jpeg 300w, https:\/\/jorgezanoni.com.br\/2019\/wp-content\/uploads\/2019\/08\/carlos1-768x576.jpeg 768w, https:\/\/jorgezanoni.com.br\/2019\/wp-content\/uploads\/2019\/08\/carlos1-1024x768.jpeg 1024w, https:\/\/jorgezanoni.com.br\/2019\/wp-content\/uploads\/2019\/08\/carlos1-80x60.jpeg 80w, https:\/\/jorgezanoni.com.br\/2019\/wp-content\/uploads\/2019\/08\/carlos1-265x198.jpeg 265w, https:\/\/jorgezanoni.com.br\/2019\/wp-content\/uploads\/2019\/08\/carlos1-696x522.jpeg 696w, https:\/\/jorgezanoni.com.br\/2019\/wp-content\/uploads\/2019\/08\/carlos1-1068x801.jpeg 1068w, https:\/\/jorgezanoni.com.br\/2019\/wp-content\/uploads\/2019\/08\/carlos1-560x420.jpeg 560w\" sizes=\"auto, (max-width: 1280px) 100vw, 1280px\" \/><\/p>\n<p style=\"text-align: justify;\">O sr. Carlos \u00e9 engenheiro de produ\u00e7\u00e3o mec\u00e2nica e h\u00e1 mais de 35 anos atua na empresa Olivar M\u00f3veis . Na Cooperativa Sicredi Nova Alta Paulista participou do Conselho de Administra\u00e7\u00e3o, desde sua funda\u00e7\u00e3o em 2009; atuou como vice-presidente at\u00e9 2015; e presidente at\u00e9 novembro de 2016, quando participou do novo e grande momento da uni\u00e3o das tr\u00eas Cooperativas Dracena\/Mar\u00edlia\/Bauru, exercendo atualmente o cargo de vice-presidente da Cooperativa Sicredi Centro Oeste Paulista.<\/p>\n<p style=\"text-align: justify;\">O convite para a presid\u00eancia dos Jogos foi feito pelo prefeito de Dracena Juliano Bertolini, em uma reuni\u00e3o com a presen\u00e7a da primeira dama Ana Carolina; vice-prefeito Mois\u00e9s Ant\u00f4nio de Lima; presidente da C\u00e2mara de Vereadores, Milton Polon; secret\u00e1ria de esporte, Zoraide Melo; diretor de esporte Luciano Silva; coordenador de fomento ao esporte, Doni Santos; e a esposa do Sr. Carlos e professora de educa\u00e7\u00e3o f\u00edsica, Maria Tanganini.<\/p>\n<p style=\"text-align: justify;\">\u201cCom imenso prazer a nossa terra sediar\u00e1 mais um grande evento na \u00e1rea esportiva, o que \u00e9 um orgulho para todos. O sr. Carlos \u00e9 um homem de car\u00e1ter inigual\u00e1vel, com vasta experi\u00eancia de administra\u00e7\u00e3o e que, assim como todos n\u00f3s, ama o esporte\u201d, comentou o prefeito.<\/p>\n<p style=\"text-align: justify;\">Tamb\u00e9m integram o Comit\u00ea Organizador dos Jogos, a secret\u00e1ria de esporte Zoraide, como vice-presidente, e o diretor inspetor da Secretaria Estadual de Esportes, Wagner Jos\u00e9 de Oliveira Flora, como coordenador geral.<\/p>\n<p style=\"text-align: justify;\">\u201cEstou muito feliz e honrado com este convite. Temos um grande evento a organizar e estou confiante que ser\u00e1 uma parceria que dar\u00e1 muito certo, para recebermos com muito respeito e dedica\u00e7\u00e3o os milhares de jovens atletas durante os Jogos\u201d, declarou O sr. Carlos.<\/p>\n<p style=\"text-align: justify;\">A final dos Jogos \u00e9 considerada um dos maiores eventos esportivo realizado pelo Governo do Estado de S\u00e3o Paulo, com aproximadamente 3 mil atletas, de at\u00e9 16 anos, em 15 delega\u00e7\u00f5es, que ir\u00e3o disputar 10 modalidades: atletismo, badminton, basquetebol, futsal, gin\u00e1stica art\u00edstica, handebol, karat\u00ea, nata\u00e7\u00e3o, voleibol e v\u00f4lei de praia.<\/p>\n<p>Fonte: Diretoria de Comunica\u00e7\u00e3o<\/p>\n","protected":false},"excerpt":{"rendered":"<p>Evento \u00e9 um dos maiores na \u00e1rea esportiva, realizados pelo Governo do Estado, e ser\u00e1 sediado no munic\u00edpio entre 26 de setembro e 05 de outubro, com a participa\u00e7\u00e3o de aproximadamente 3 mil atletas. O Comit\u00ea Organizador da fase final dos 2\u00ba Jogos Infantis do Estado de S\u00e3o Paulo, que ser\u00e1 sediado em Dracena, entre [&hellip;]<\/p>\n","protected":false},"author":1,"featured_media":4351,"comment_status":"closed","ping_status":"open","sticky":false,"template":"","format":"standard","meta":{"footnotes":""},"categories":[111,110],"tags":[],"class_list":["post-4346","post","type-post","status-publish","format-standard","has-post-thumbnail","hentry","category-esporteecultura","category-noticiasdestaque"],"_links":{"self":[{"href":"https:\/\/jorgezanoni.com.br\/2019\/wp-json\/wp\/v2\/posts\/4346","targetHints":{"allow":["GET"]}}],"collection":[{"href":"https:\/\/jorgezanoni.com.br\/2019\/wp-json\/wp\/v2\/posts"}],"about":[{"href":"https:\/\/jorgezanoni.com.br\/2019\/wp-json\/wp\/v2\/types\/post"}],"author":[{"embeddable":true,"href":"https:\/\/jorgezanoni.com.br\/2019\/wp-json\/wp\/v2\/users\/1"}],"replies":[{"embeddable":true,"href":"https:\/\/jorgezanoni.com.br\/2019\/wp-json\/wp\/v2\/comments?post=4346"}],"version-history":[{"count":0,"href":"https:\/\/jorgezanoni.com.br\/2019\/wp-json\/wp\/v2\/posts\/4346\/revisions"}],"wp:featuredmedia":[{"embeddable":true,"href":"https:\/\/jorgezanoni.com.br\/2019\/wp-json\/wp\/v2\/media\/4351"}],"wp:attachment":[{"href":"https:\/\/jorgezanoni.com.br\/2019\/wp-json\/wp\/v2\/media?parent=4346"}],"wp:term":[{"taxonomy":"category","embeddable":true,"href":"https:\/\/jorgezanoni.com.br\/2019\/wp-json\/wp\/v2\/categories?post=4346"},{"taxonomy":"post_tag","embeddable":true,"href":"https:\/\/jorgezanoni.com.br\/2019\/wp-json\/wp\/v2\/tags?post=4346"}],"curies":[{"name":"wp","href":"https:\/\/api.w.org\/{rel}","templated":true}]}}