{"id":43456,"date":"2021-02-21T14:55:23","date_gmt":"2021-02-21T14:55:23","guid":{"rendered":"https:\/\/jorgezanoni.com.br\/2019\/?p=43456"},"modified":"2021-02-21T14:55:23","modified_gmt":"2021-02-21T14:55:23","slug":"carro-e-carreta-batem-de-frente-na-sp-294-motorista-e-crianca-ficaram-feridos","status":"publish","type":"post","link":"https:\/\/jorgezanoni.com.br\/2019\/carro-e-carreta-batem-de-frente-na-sp-294-motorista-e-crianca-ficaram-feridos\/","title":{"rendered":"Carro e carreta batem de frente na SP-294, motorista e crian\u00e7a ficaram feridos"},"content":{"rendered":"<p style=\"text-align: justify;\">Na noite deste s\u00e1bado (20), durante o atendimento de colis\u00e3o Frontal na SP-294 em Osvaldo Cruz, envolvendo uma Scania\/R440 de Tr\u00eas Lagoas\/MS, que tracionava dois semirreboques e transitava no sentido Luc\u00e9lia a Parapu\u00e3 e uma Pajero\/Sport de Osvaldo Cruz\/SP, que seguia no sentido contr\u00e1rio, a equipe do Policiamento Rodovi\u00e1rio de Adamantina constatou que o condutor da Pajero aparentava sinais vis\u00edveis de embriaguez alco\u00f3lica.<\/p>\n<p style=\"text-align: justify;\"><a href=\"https:\/\/i0.wp.com\/ifolharegional.com.br\/wp-content\/uploads\/2021\/02\/ed3027a8-5e2c-49f8-978b-fb4b333e8796.jpg?ssl=1\"><img loading=\"lazy\" decoding=\"async\" class=\"aligncenter  wp-image-33278\" src=\"https:\/\/i0.wp.com\/ifolharegional.com.br\/wp-content\/uploads\/2021\/02\/ed3027a8-5e2c-49f8-978b-fb4b333e8796.jpg?resize=502%2C502&amp;ssl=1\" sizes=\"auto, (max-width: 502px) 100vw, 502px\" srcset=\"https:\/\/i0.wp.com\/ifolharegional.com.br\/wp-content\/uploads\/2021\/02\/ed3027a8-5e2c-49f8-978b-fb4b333e8796.jpg?resize=1024%2C1024&amp;ssl=1 1024w, https:\/\/i0.wp.com\/ifolharegional.com.br\/wp-content\/uploads\/2021\/02\/ed3027a8-5e2c-49f8-978b-fb4b333e8796.jpg?resize=300%2C300&amp;ssl=1 300w, https:\/\/i0.wp.com\/ifolharegional.com.br\/wp-content\/uploads\/2021\/02\/ed3027a8-5e2c-49f8-978b-fb4b333e8796.jpg?resize=150%2C150&amp;ssl=1 150w, https:\/\/i0.wp.com\/ifolharegional.com.br\/wp-content\/uploads\/2021\/02\/ed3027a8-5e2c-49f8-978b-fb4b333e8796.jpg?resize=768%2C768&amp;ssl=1 768w, https:\/\/i0.wp.com\/ifolharegional.com.br\/wp-content\/uploads\/2021\/02\/ed3027a8-5e2c-49f8-978b-fb4b333e8796.jpg?resize=80%2C80&amp;ssl=1 80w, https:\/\/i0.wp.com\/ifolharegional.com.br\/wp-content\/uploads\/2021\/02\/ed3027a8-5e2c-49f8-978b-fb4b333e8796.jpg?w=1280&amp;ssl=1 1280w\" alt=\"\" width=\"502\" height=\"502\" data-attachment-id=\"33278\" data-permalink=\"https:\/\/ifolharegional.com.br\/2021\/02\/21\/carro-e-carreta-batem-de-frente-na-sp-294-motorista-e-crianca-ficaram-feridos\/ed3027a8-5e2c-49f8-978b-fb4b333e8796\/\" data-orig-file=\"https:\/\/i0.wp.com\/ifolharegional.com.br\/wp-content\/uploads\/2021\/02\/ed3027a8-5e2c-49f8-978b-fb4b333e8796.jpg?fit=1280%2C1280&amp;ssl=1\" data-orig-size=\"1280,1280\" data-comments-opened=\"0\" data-image-meta=\"{&quot;aperture&quot;:&quot;0&quot;,&quot;credit&quot;:&quot;&quot;,&quot;camera&quot;:&quot;&quot;,&quot;caption&quot;:&quot;&quot;,&quot;created_timestamp&quot;:&quot;0&quot;,&quot;copyright&quot;:&quot;&quot;,&quot;focal_length&quot;:&quot;0&quot;,&quot;iso&quot;:&quot;0&quot;,&quot;shutter_speed&quot;:&quot;0&quot;,&quot;title&quot;:&quot;&quot;,&quot;orientation&quot;:&quot;0&quot;}\" data-image-title=\"ed3027a8-5e2c-49f8-978b-fb4b333e8796\" data-image-description=\"\" data-medium-file=\"https:\/\/i0.wp.com\/ifolharegional.com.br\/wp-content\/uploads\/2021\/02\/ed3027a8-5e2c-49f8-978b-fb4b333e8796.jpg?fit=300%2C300&amp;ssl=1\" data-large-file=\"https:\/\/i0.wp.com\/ifolharegional.com.br\/wp-content\/uploads\/2021\/02\/ed3027a8-5e2c-49f8-978b-fb4b333e8796.jpg?fit=740%2C740&amp;ssl=1\" data-recalc-dims=\"1\" \/><\/a>O condutor da Pajero, um homem de 60 anos de idade, morador de Osvaldo Cruz, que se feriu levemente, recusou a fazer o teste com o etil\u00f4metro e recebeu voz de pris\u00e3o em flagrante, por embriaguez ao volante e ci\u00eancia de seus direitos constitucionais.<\/p>\n<p style=\"text-align: justify;\">J\u00e1 o condutor da Scania, morador de tr\u00eas Lagoas\/MS, realizou o teste com o etil\u00f4metro, que n\u00e3o constatou \u00e1lcool no resultado.<\/p>\n<p style=\"text-align: justify;\">Tamb\u00e9m se feriu levemente no acidente, uma crian\u00e7a de cinco anos de idade, que era passageiro da Scania e filho do condutor.<\/p>\n<p style=\"text-align: justify;\">O ve\u00edculo de carga transportava celulose e ficou imobilizado na ribanceira, juntamente com a carga, devidamente sinalizados, para serem retirados durante o dia, com vistas a seguran\u00e7a vi\u00e1ria.<\/p>\n<p style=\"text-align: justify;\">O Condutor pagou a fian\u00e7a de R$ 1.100,00 (Um mil e cem reais) e foi liberado, para responder o processo em liberdade.<\/p>\n<p style=\"text-align: justify;\">Fonte: Policia Rodovi\u00e1ria e Folha Regional<\/p>\n","protected":false},"excerpt":{"rendered":"<p>Na noite deste s\u00e1bado (20), durante o atendimento de colis\u00e3o Frontal na SP-294 em Osvaldo Cruz, envolvendo uma Scania\/R440 de Tr\u00eas Lagoas\/MS, que tracionava dois semirreboques e transitava no sentido Luc\u00e9lia a Parapu\u00e3 e uma Pajero\/Sport de Osvaldo Cruz\/SP, que seguia no sentido contr\u00e1rio, a equipe do Policiamento Rodovi\u00e1rio de Adamantina constatou que o condutor [&hellip;]<\/p>\n","protected":false},"author":1,"featured_media":43457,"comment_status":"closed","ping_status":"open","sticky":false,"template":"","format":"standard","meta":{"footnotes":""},"categories":[170,110],"tags":[],"class_list":["post-43456","post","type-post","status-publish","format-standard","has-post-thumbnail","hentry","category-acidentes","category-noticiasdestaque"],"_links":{"self":[{"href":"https:\/\/jorgezanoni.com.br\/2019\/wp-json\/wp\/v2\/posts\/43456","targetHints":{"allow":["GET"]}}],"collection":[{"href":"https:\/\/jorgezanoni.com.br\/2019\/wp-json\/wp\/v2\/posts"}],"about":[{"href":"https:\/\/jorgezanoni.com.br\/2019\/wp-json\/wp\/v2\/types\/post"}],"author":[{"embeddable":true,"href":"https:\/\/jorgezanoni.com.br\/2019\/wp-json\/wp\/v2\/users\/1"}],"replies":[{"embeddable":true,"href":"https:\/\/jorgezanoni.com.br\/2019\/wp-json\/wp\/v2\/comments?post=43456"}],"version-history":[{"count":0,"href":"https:\/\/jorgezanoni.com.br\/2019\/wp-json\/wp\/v2\/posts\/43456\/revisions"}],"wp:featuredmedia":[{"embeddable":true,"href":"https:\/\/jorgezanoni.com.br\/2019\/wp-json\/wp\/v2\/media\/43457"}],"wp:attachment":[{"href":"https:\/\/jorgezanoni.com.br\/2019\/wp-json\/wp\/v2\/media?parent=43456"}],"wp:term":[{"taxonomy":"category","embeddable":true,"href":"https:\/\/jorgezanoni.com.br\/2019\/wp-json\/wp\/v2\/categories?post=43456"},{"taxonomy":"post_tag","embeddable":true,"href":"https:\/\/jorgezanoni.com.br\/2019\/wp-json\/wp\/v2\/tags?post=43456"}],"curies":[{"name":"wp","href":"https:\/\/api.w.org\/{rel}","templated":true}]}}