{"id":43441,"date":"2021-02-21T13:40:00","date_gmt":"2021-02-21T13:40:00","guid":{"rendered":"https:\/\/jorgezanoni.com.br\/2019\/?p=43441"},"modified":"2021-02-21T13:40:00","modified_gmt":"2021-02-21T13:40:00","slug":"morre-a-senhora-neuza-parmejiane-rocha-de-junqueiropolis","status":"publish","type":"post","link":"https:\/\/jorgezanoni.com.br\/2019\/morre-a-senhora-neuza-parmejiane-rocha-de-junqueiropolis\/","title":{"rendered":"Morre a senhora Neuza Parmejiane Rocha de Junqueir\u00f3polis"},"content":{"rendered":"<div class=\"kvgmc6g5 cxmmr5t8 oygrvhab hcukyx3x c1et5uql ii04i59q\">\n<div dir=\"auto\" style=\"text-align: justify;\">Comunicamos com pesar o falecimento neste domingo, 21\/2, da junqueiropolense, senhora Neuza Parmejiane Rocha, de 73 anos, aposentada.<\/div>\n<div dir=\"auto\" style=\"text-align: justify;\">Dona Neuza integra o rol de funcion\u00e1rios que marcaram a hist\u00f3ria da Escola Estadual Prof. Geraldo Pecorari. Por muitos anos ela desempenhou sua fun\u00e7\u00e3o na escola com muito zelo e amor.<\/div>\n<\/div>\n<div class=\"o9v6fnle cxmmr5t8 oygrvhab hcukyx3x c1et5uql ii04i59q\" style=\"text-align: justify;\">\n<div dir=\"auto\">Dona Neuza era vi\u00fava do Senhor Djalma e m\u00e3e de quatro filhos: Jos\u00e9 Ricardo, Rosana, Arnaldo e Ronaldo.<\/div>\n<\/div>\n<div class=\"o9v6fnle cxmmr5t8 oygrvhab hcukyx3x c1et5uql ii04i59q\" style=\"text-align: justify;\">\n<div dir=\"auto\">O anuncio da morte foi feito pelo filho Jos\u00e9 Ricardo nas redes sociais. Confira:<\/div>\n<\/div>\n<div class=\"o9v6fnle cxmmr5t8 oygrvhab hcukyx3x c1et5uql ii04i59q\" style=\"text-align: justify;\">\n<div dir=\"auto\">\u201c\u00c9 com muita tristeza e muita dor, que informo o falecimento da minha m\u00e3e, ela lutou por muitos dias, mas agora foi descansar ao lado de Deus. Obrigado a todos pelas ora\u00e7\u00f5es e pela for\u00e7a que me deram todos esses dias. N\u00e3o haver\u00e1 vel\u00f3rio\u201d, escreveu.<\/div>\n<\/div>\n<div class=\"o9v6fnle cxmmr5t8 oygrvhab hcukyx3x c1et5uql ii04i59q\">\n<div dir=\"auto\" style=\"text-align: justify;\">Aos amigos e familiares, nossas condol\u00eancias.<\/div>\n<div dir=\"auto\" style=\"text-align: justify;\">Segundo informa\u00e7\u00f5es ela est\u00e1 em tratamento da COVID-19 na Santa Casa de Dracena<\/div>\n<div dir=\"auto\" style=\"text-align: justify;\"><\/div>\n<div dir=\"auto\" style=\"text-align: justify;\">Fonte: Portal Fernando Ramos<\/div>\n<\/div>\n","protected":false},"excerpt":{"rendered":"<p>Comunicamos com pesar o falecimento neste domingo, 21\/2, da junqueiropolense, senhora Neuza Parmejiane Rocha, de 73 anos, aposentada. Dona Neuza integra o rol de funcion\u00e1rios que marcaram a hist\u00f3ria da Escola Estadual Prof. Geraldo Pecorari. Por muitos anos ela desempenhou sua fun\u00e7\u00e3o na escola com muito zelo e amor. Dona Neuza era vi\u00fava do Senhor [&hellip;]<\/p>\n","protected":false},"author":1,"featured_media":43442,"comment_status":"closed","ping_status":"open","sticky":false,"template":"","format":"standard","meta":{"footnotes":""},"categories":[178,110],"tags":[],"class_list":["post-43441","post","type-post","status-publish","format-standard","has-post-thumbnail","hentry","category-notadefalecimento","category-noticiasdestaque"],"_links":{"self":[{"href":"https:\/\/jorgezanoni.com.br\/2019\/wp-json\/wp\/v2\/posts\/43441","targetHints":{"allow":["GET"]}}],"collection":[{"href":"https:\/\/jorgezanoni.com.br\/2019\/wp-json\/wp\/v2\/posts"}],"about":[{"href":"https:\/\/jorgezanoni.com.br\/2019\/wp-json\/wp\/v2\/types\/post"}],"author":[{"embeddable":true,"href":"https:\/\/jorgezanoni.com.br\/2019\/wp-json\/wp\/v2\/users\/1"}],"replies":[{"embeddable":true,"href":"https:\/\/jorgezanoni.com.br\/2019\/wp-json\/wp\/v2\/comments?post=43441"}],"version-history":[{"count":0,"href":"https:\/\/jorgezanoni.com.br\/2019\/wp-json\/wp\/v2\/posts\/43441\/revisions"}],"wp:featuredmedia":[{"embeddable":true,"href":"https:\/\/jorgezanoni.com.br\/2019\/wp-json\/wp\/v2\/media\/43442"}],"wp:attachment":[{"href":"https:\/\/jorgezanoni.com.br\/2019\/wp-json\/wp\/v2\/media?parent=43441"}],"wp:term":[{"taxonomy":"category","embeddable":true,"href":"https:\/\/jorgezanoni.com.br\/2019\/wp-json\/wp\/v2\/categories?post=43441"},{"taxonomy":"post_tag","embeddable":true,"href":"https:\/\/jorgezanoni.com.br\/2019\/wp-json\/wp\/v2\/tags?post=43441"}],"curies":[{"name":"wp","href":"https:\/\/api.w.org\/{rel}","templated":true}]}}