{"id":43437,"date":"2021-02-21T12:18:17","date_gmt":"2021-02-21T12:18:17","guid":{"rendered":"https:\/\/jorgezanoni.com.br\/2019\/?p=43437"},"modified":"2021-02-21T12:18:17","modified_gmt":"2021-02-21T12:18:17","slug":"morre-jeneffer-pena-funcionaria-da-emei-do-distrito-de-jamaica","status":"publish","type":"post","link":"https:\/\/jorgezanoni.com.br\/2019\/morre-jeneffer-pena-funcionaria-da-emei-do-distrito-de-jamaica\/","title":{"rendered":"Morre Jeneffer Pena, funcion\u00e1ria da EMEI do distrito de Jamaica"},"content":{"rendered":"<p style=\"text-align: justify;\">Comunicamos com pesar, o falecimento da jovem Jeneffer Gil\u00f3 Pena de 30 anos, v\u00edtima da Covid-19.<\/p>\n<p style=\"text-align: justify;\">Deixa os pais Nilton da Ambul\u00e2ncia e Dora, a filha Sofia de 4 anos, demais parentes e amigos.<\/p>\n<p style=\"text-align: justify;\">Era funcion\u00e1ria da EMEI Arco-Iris no Distrito de Jamaica.<\/p>\n<p style=\"text-align: justify;\">A despedida ocorre as 10:00 Horas no Cemit\u00e9rio Municipal de Dracena.<\/p>\n<div class=\"o9v6fnle cxmmr5t8 oygrvhab hcukyx3x c1et5uql ii04i59q\">\n<div dir=\"auto\"><img loading=\"lazy\" decoding=\"async\" class=\"alignnone size-full wp-image-43438\" src=\"https:\/\/jorgezanoni.com.br\/2019\/wp-content\/uploads\/2021\/02\/Jenefer1.jpg\" alt=\"\" width=\"600\" height=\"509\" srcset=\"https:\/\/jorgezanoni.com.br\/2019\/wp-content\/uploads\/2021\/02\/Jenefer1.jpg 600w, https:\/\/jorgezanoni.com.br\/2019\/wp-content\/uploads\/2021\/02\/Jenefer1-300x255.jpg 300w, https:\/\/jorgezanoni.com.br\/2019\/wp-content\/uploads\/2021\/02\/Jenefer1-495x420.jpg 495w\" sizes=\"auto, (max-width: 600px) 100vw, 600px\" \/><\/div>\n<\/div>\n","protected":false},"excerpt":{"rendered":"<p>Comunicamos com pesar, o falecimento da jovem Jeneffer Gil\u00f3 Pena de 30 anos, v\u00edtima da Covid-19. Deixa os pais Nilton da Ambul\u00e2ncia e Dora, a filha Sofia de 4 anos, demais parentes e amigos. Era funcion\u00e1ria da EMEI Arco-Iris no Distrito de Jamaica. A despedida ocorre as 10:00 Horas no Cemit\u00e9rio Municipal de Dracena.<\/p>\n","protected":false},"author":1,"featured_media":43439,"comment_status":"closed","ping_status":"open","sticky":false,"template":"","format":"standard","meta":{"footnotes":""},"categories":[178,110],"tags":[],"class_list":["post-43437","post","type-post","status-publish","format-standard","has-post-thumbnail","hentry","category-notadefalecimento","category-noticiasdestaque"],"_links":{"self":[{"href":"https:\/\/jorgezanoni.com.br\/2019\/wp-json\/wp\/v2\/posts\/43437","targetHints":{"allow":["GET"]}}],"collection":[{"href":"https:\/\/jorgezanoni.com.br\/2019\/wp-json\/wp\/v2\/posts"}],"about":[{"href":"https:\/\/jorgezanoni.com.br\/2019\/wp-json\/wp\/v2\/types\/post"}],"author":[{"embeddable":true,"href":"https:\/\/jorgezanoni.com.br\/2019\/wp-json\/wp\/v2\/users\/1"}],"replies":[{"embeddable":true,"href":"https:\/\/jorgezanoni.com.br\/2019\/wp-json\/wp\/v2\/comments?post=43437"}],"version-history":[{"count":0,"href":"https:\/\/jorgezanoni.com.br\/2019\/wp-json\/wp\/v2\/posts\/43437\/revisions"}],"wp:featuredmedia":[{"embeddable":true,"href":"https:\/\/jorgezanoni.com.br\/2019\/wp-json\/wp\/v2\/media\/43439"}],"wp:attachment":[{"href":"https:\/\/jorgezanoni.com.br\/2019\/wp-json\/wp\/v2\/media?parent=43437"}],"wp:term":[{"taxonomy":"category","embeddable":true,"href":"https:\/\/jorgezanoni.com.br\/2019\/wp-json\/wp\/v2\/categories?post=43437"},{"taxonomy":"post_tag","embeddable":true,"href":"https:\/\/jorgezanoni.com.br\/2019\/wp-json\/wp\/v2\/tags?post=43437"}],"curies":[{"name":"wp","href":"https:\/\/api.w.org\/{rel}","templated":true}]}}