{"id":43418,"date":"2021-02-20T18:42:19","date_gmt":"2021-02-20T18:42:19","guid":{"rendered":"https:\/\/jorgezanoni.com.br\/2019\/?p=43418"},"modified":"2021-02-20T18:42:19","modified_gmt":"2021-02-20T18:42:19","slug":"policia-civil-prende-dono-de-ferro-velho-suspeito-de-comprar-objeto-furtado-em-junqueiropolis","status":"publish","type":"post","link":"https:\/\/jorgezanoni.com.br\/2019\/policia-civil-prende-dono-de-ferro-velho-suspeito-de-comprar-objeto-furtado-em-junqueiropolis\/","title":{"rendered":"Pol\u00edcia Civil prende dono de Ferro Velho suspeito de comprar objeto furtado em Junqueir\u00f3polis"},"content":{"rendered":"<p style=\"text-align: justify;\"><strong>POL\u00cdCIA CIVIL PRENDE DONO DE FERRO VELHO SUSPEITO DE COMPRAR OBJETO FURTADO EM JUNQUEIR\u00d3POLIS.<\/strong><\/p>\n<p style=\"text-align: justify;\">Uma bateria automotiva, 150 ampares, que havia sido furtada, foi localizada no estabelecimento comercial. O propriet\u00e1rio ferro velho que foi preso, e alegou havia comprado a pe\u00e7a, mas que n\u00e3o se recordava o nome da pessoa.<\/p>\n<p style=\"text-align: justify;\">A Pol\u00edcia Civil, por interm\u00e9dio da Delegacia de Pol\u00edcia de Junqueir\u00f3polis, prendeu em flagrante nesta quinta-feira (18), um homem, de 39 anos, pela pr\u00e1tica de crime de recepta\u00e7\u00e3o qualificada, em Junqueir\u00f3polis. O homem \u00e9 propriet\u00e1rio de uma empresa de compra e venda de materiais reciclados.<\/p>\n<p style=\"text-align: justify;\">Os agentes da Delegacia de Pol\u00edcia de Junqueir\u00f3polis, realizavam diligencias visando recuperar uma bateria, 150 amperes, que possu\u00eda registro de furto e pertenceria a uma empresa de materiais de constru\u00e7\u00e3o. A bateria estava instalada num trator da empresa, quando foi subtra\u00edda.<\/p>\n<p style=\"text-align: justify;\">De posse de informa\u00e7\u00f5es a equipe policial foi at\u00e9 o ferro velho, onde mantiveram contato com propriet\u00e1rio, que permitiu a vistoria em seu estabelecimento. Na busca realizada no estabelecimento comercial foi localizada a bateria subtra\u00edda, e um funcion\u00e1rio da loja de materiais de constru\u00e7\u00e3o que acompanhava a dilig\u00eancia fez o reconhecimento do objeto, inclusive informando detalhes, como a de que a bateria estava desprovida de uma tampa.<\/p>\n<p style=\"text-align: justify;\">Indagado, pelos policiais civis, sobre o ocorrido o dono do ferro velho alegou ter comprado de uma pessoa que n\u00e3o recordava o nome, informou ainda que teria pago a quantia, de 5 reais, pelo quilo do material adquirido. Diante da situa\u00e7\u00e3o flagrancial, o homem recebeu a voz de pris\u00e3o.<\/p>\n<p style=\"text-align: justify;\">O suspeito e a bateria apreendida foram levados para Delegacia de Pol\u00edcia, onde foi ratificada a pris\u00e3o em flagrante do propriet\u00e1rio do ferro velho. Como o crime de recepta\u00e7\u00e3o qualificada n\u00e3o admite o pagamento de fian\u00e7a, o homem permaneceu preso ficando \u00e0 disposi\u00e7\u00e3o da Justi\u00e7a.<\/p>\n<p style=\"text-align: justify;\">O indiv\u00edduo que seria o autor do furto tamb\u00e9m foi identificado, e ser\u00e1 indiciando no decorrer do inqu\u00e9rito policial. A bateria foi restitu\u00edda \u00e0 v\u00edtima.<\/p>\n<p style=\"text-align: justify;\">Fonte: Com. Social Pol\u00edcia Civil<\/p>\n","protected":false},"excerpt":{"rendered":"<p>POL\u00cdCIA CIVIL PRENDE DONO DE FERRO VELHO SUSPEITO DE COMPRAR OBJETO FURTADO EM JUNQUEIR\u00d3POLIS. Uma bateria automotiva, 150 ampares, que havia sido furtada, foi localizada no estabelecimento comercial. O propriet\u00e1rio ferro velho que foi preso, e alegou havia comprado a pe\u00e7a, mas que n\u00e3o se recordava o nome da pessoa. A Pol\u00edcia Civil, por interm\u00e9dio [&hellip;]<\/p>\n","protected":false},"author":1,"featured_media":43419,"comment_status":"closed","ping_status":"open","sticky":false,"template":"","format":"standard","meta":{"footnotes":""},"categories":[110,2],"tags":[],"class_list":["post-43418","post","type-post","status-publish","format-standard","has-post-thumbnail","hentry","category-noticiasdestaque","category-policial"],"_links":{"self":[{"href":"https:\/\/jorgezanoni.com.br\/2019\/wp-json\/wp\/v2\/posts\/43418","targetHints":{"allow":["GET"]}}],"collection":[{"href":"https:\/\/jorgezanoni.com.br\/2019\/wp-json\/wp\/v2\/posts"}],"about":[{"href":"https:\/\/jorgezanoni.com.br\/2019\/wp-json\/wp\/v2\/types\/post"}],"author":[{"embeddable":true,"href":"https:\/\/jorgezanoni.com.br\/2019\/wp-json\/wp\/v2\/users\/1"}],"replies":[{"embeddable":true,"href":"https:\/\/jorgezanoni.com.br\/2019\/wp-json\/wp\/v2\/comments?post=43418"}],"version-history":[{"count":0,"href":"https:\/\/jorgezanoni.com.br\/2019\/wp-json\/wp\/v2\/posts\/43418\/revisions"}],"wp:featuredmedia":[{"embeddable":true,"href":"https:\/\/jorgezanoni.com.br\/2019\/wp-json\/wp\/v2\/media\/43419"}],"wp:attachment":[{"href":"https:\/\/jorgezanoni.com.br\/2019\/wp-json\/wp\/v2\/media?parent=43418"}],"wp:term":[{"taxonomy":"category","embeddable":true,"href":"https:\/\/jorgezanoni.com.br\/2019\/wp-json\/wp\/v2\/categories?post=43418"},{"taxonomy":"post_tag","embeddable":true,"href":"https:\/\/jorgezanoni.com.br\/2019\/wp-json\/wp\/v2\/tags?post=43418"}],"curies":[{"name":"wp","href":"https:\/\/api.w.org\/{rel}","templated":true}]}}