{"id":43412,"date":"2021-02-20T17:37:53","date_gmt":"2021-02-20T17:37:53","guid":{"rendered":"https:\/\/jorgezanoni.com.br\/2019\/?p=43412"},"modified":"2021-02-20T17:37:53","modified_gmt":"2021-02-20T17:37:53","slug":"maos-sujas-de-sangue","status":"publish","type":"post","link":"https:\/\/jorgezanoni.com.br\/2019\/maos-sujas-de-sangue\/","title":{"rendered":"M\u00e3os sujas de Sangue?"},"content":{"rendered":"<p style=\"text-align: justify;\"><strong>M\u00c3OS SUJAS DE SANGUE?<\/strong><\/p>\n<p style=\"text-align: justify;\">Foi decretado o <em>lockdown<\/em> em Dracena em raz\u00e3o do descontrole da pandemia e das dolorosas e inestim\u00e1veis mortes de queridos cidad\u00e3os dracenenses.<\/p>\n<p style=\"text-align: justify;\">Mas voltando num passado recente, mais precisamente na posse do atual prefeito de Dracena, h\u00e1 exatos 51 dias \u2013 em 01\/01\/2021 \u2013, n\u00e3o h\u00e1 como se esquecer de suas palavras no discurso de posse. Vejamos.<\/p>\n<p style=\"text-align: justify;\">A respeito da pandemia e das medidas de seguran\u00e7a (<em>lockdown<\/em>, uso de m\u00e1scaras, etc.) ele disse textualmente o seguinte: <em>\u201cO Plano S\u00e3o Paulo \u00e9 um fracasso\u201d, \u201cVamos exigir o cancelamento do Plano S\u00e3o Paulo\u201d, \u201cO uso de m\u00e1scara e lockdown previne coronav\u00edrus?\u201d, \u201co \u00edndice de \u00f3bitos causado pela Covid (&#8230;) \u00e9 insignificante\u201d<\/em>&#8230; (<a href=\"https:\/\/www.youtube.com\/watch?v=ii8xYf5tdws&amp;ab_channel=Andr%C3%A9Lemos\">https:\/\/www.youtube.com\/watch?v=ii8xYf5tdws&amp;ab_channel=Andr%C3%A9Lemos<\/a>). Paremos por aqui.<\/p>\n<p style=\"text-align: justify;\">J\u00e1 quanto ao governador do Estado de SP, talvez o \u00daNICO que poderia garantir a instala\u00e7\u00e3o emergencial de mais leitos de UTI em Dracena, o prefeito rec\u00e9m-empossado utilizou os seguintes termos: <em>\u201c(&#8230;) ser ris\u00edvel, narcisista, que n\u00e3o consegue falar Butantan sem fazer biquinho\u201d, \u201cgovernador da cal\u00e7a legging e do pul\u00f4ver, que mais parece um Dom Quixote\u201d, \u201cum projeto de ditador\u201d, \u201ctalvez o Chapolin fosse melhor que esse governador\u201d, \u201cgovernador lun\u00e1tico\u201d, \u201cgovernadorzinho\u201d, \u201co governo do Estado \u00e9 comprovadamente incompetente\u201d<\/em>&#8230; (fonte: <a href=\"https:\/\/www.youtube.com\/watch?v=ii8xYf5tdws&amp;ab_channel=Andr%C3%A9Lemos\">https:\/\/www.youtube.com\/watch?v=ii8xYf5tdws&amp;ab_channel=Andr%C3%A9Lemos<\/a>). Paremos por aqui tamb\u00e9m.<\/p>\n<p style=\"text-align: justify;\">Agora, uma perguntinha b\u00e1sica e simples a voc\u00ea, leitor (a): se fosse governador (a) de S\u00e3o Paulo, Estado que conta com 645 munic\u00edpios, voc\u00ea receberia o prefeito de uma pequena cidade do interior (carente de quase tudo: empregos, moradias, investimentos, etc.) que, no dia da posse, se referiu a voc\u00ea com tantos \u201celogios\u201d?!?<\/p>\n<p style=\"text-align: justify;\">N\u00e3o precisa responder!!!<\/p>\n<p style=\"text-align: justify;\">Dias atr\u00e1s, em recente visita do prefeito \u00e0 capital paulista, os dracenenses n\u00e3o viram uma \u00fanica foto ou \u201clive\u201d do prefeito com o governador e tampouco com o secret\u00e1rio estadual de sa\u00fade.<\/p>\n<p style=\"text-align: justify;\">Verbas e conquistas? Segundo conta, talvez algumas \u201cpromessas\u201d e uma foto com um secret\u00e1rio que 99% da popula\u00e7\u00e3o paulista sequer sabe do nome.<\/p>\n<p style=\"text-align: justify;\">J\u00e1 o prefeito de Santa Mercedes, linda cidade vizinha com menos de 3 mil habitantes, na mesma ocasi\u00e3o conquistou o equivalente a quase R$ 1 milh\u00e3o para a aquisi\u00e7\u00e3o de uma P\u00e1 Carregadeira (R$ 400 mil), a reforma do Centro Comunit\u00e1rio (R$ 200 mil) e a libera\u00e7\u00e3o de uma ambul\u00e2ncia (R$ 150 mil) para o munic\u00edpio! Inveja de Santa Mercedes, n\u00e9, minha filha?<\/p>\n<p style=\"text-align: justify;\">Agora, talvez reste ao prefeito de Dracena pedir ajuda ao Bolsonaro, visto que o maior respons\u00e1vel pelo SUS (e, consequentemente, pela instala\u00e7\u00e3o emergencial de leitos de UTI) \u00e9 justamente o Governo Federal. Ser\u00e1 que o negacionista presidente da rep\u00fablica vai receb\u00ea-lo no Pal\u00e1cio do Planalto e atender \u00e0s urgentes necessidades de Dracena? Aguardemos (sentados, de prefer\u00eancia).<\/p>\n<p style=\"text-align: justify;\">E por falar no negacionista, irrespons\u00e1vel presidente Bolsonaro (desde o in\u00edcio da pandemia ele tem lutado incessantemente contra a quarentena, promovendo e incentivando aglomera\u00e7\u00f5es, bem como combatido a vacina\u00e7\u00e3o da popula\u00e7\u00e3o brasileira com todas as suas for\u00e7as), por onde andam os negacionistas locais?!<\/p>\n<p style=\"text-align: justify;\">Para evitar maiores delongas e n\u00e3o menosprezar a intelig\u00eancia alheia, melhor encerrar o presente artigo com uma postagem recentemente feita pela influenciadora digital dracenense Talita Pagnozzi no Facebook, a qual subscrevo <em>ipsis litteris:<\/em><\/p>\n<p style=\"text-align: justify;\"><em>\u201cJAMAIS ME ESQUECEREI OS NOMES E ROSTOS QUE FIZERAM PASSEATAS PEDINDO AI5 e CHAMANDO O GOVERNADOR de DITADOR, quando as medidas por ele tomadas eram medidas mundiais. A m\u00e3o de vcs est\u00e1 suja de sangue!!!!!!!!!!!!!!!!\u201d<\/em> (fonte: <a href=\"https:\/\/www.facebook.com\/talita.maruchi\">https:\/\/www.facebook.com\/talita.maruchi<\/a>)<\/p>\n<p style=\"text-align: justify;\"><a href=\"mailto:vladimirdemattos@hotmail.com\">vladimirdemattos@hotmail.com<\/a><\/p>\n<p>&nbsp;<\/p>\n","protected":false},"excerpt":{"rendered":"<p>M\u00c3OS SUJAS DE SANGUE? Foi decretado o lockdown em Dracena em raz\u00e3o do descontrole da pandemia e das dolorosas e inestim\u00e1veis mortes de queridos cidad\u00e3os dracenenses. Mas voltando num passado recente, mais precisamente na posse do atual prefeito de Dracena, h\u00e1 exatos 51 dias \u2013 em 01\/01\/2021 \u2013, n\u00e3o h\u00e1 como se esquecer de suas [&hellip;]<\/p>\n","protected":false},"author":1,"featured_media":43413,"comment_status":"closed","ping_status":"open","sticky":false,"template":"","format":"standard","meta":{"footnotes":""},"categories":[175],"tags":[],"class_list":["post-43412","post","type-post","status-publish","format-standard","has-post-thumbnail","hentry","category-artigos"],"_links":{"self":[{"href":"https:\/\/jorgezanoni.com.br\/2019\/wp-json\/wp\/v2\/posts\/43412","targetHints":{"allow":["GET"]}}],"collection":[{"href":"https:\/\/jorgezanoni.com.br\/2019\/wp-json\/wp\/v2\/posts"}],"about":[{"href":"https:\/\/jorgezanoni.com.br\/2019\/wp-json\/wp\/v2\/types\/post"}],"author":[{"embeddable":true,"href":"https:\/\/jorgezanoni.com.br\/2019\/wp-json\/wp\/v2\/users\/1"}],"replies":[{"embeddable":true,"href":"https:\/\/jorgezanoni.com.br\/2019\/wp-json\/wp\/v2\/comments?post=43412"}],"version-history":[{"count":0,"href":"https:\/\/jorgezanoni.com.br\/2019\/wp-json\/wp\/v2\/posts\/43412\/revisions"}],"wp:featuredmedia":[{"embeddable":true,"href":"https:\/\/jorgezanoni.com.br\/2019\/wp-json\/wp\/v2\/media\/43413"}],"wp:attachment":[{"href":"https:\/\/jorgezanoni.com.br\/2019\/wp-json\/wp\/v2\/media?parent=43412"}],"wp:term":[{"taxonomy":"category","embeddable":true,"href":"https:\/\/jorgezanoni.com.br\/2019\/wp-json\/wp\/v2\/categories?post=43412"},{"taxonomy":"post_tag","embeddable":true,"href":"https:\/\/jorgezanoni.com.br\/2019\/wp-json\/wp\/v2\/tags?post=43412"}],"curies":[{"name":"wp","href":"https:\/\/api.w.org\/{rel}","templated":true}]}}