{"id":43409,"date":"2021-02-20T15:21:36","date_gmt":"2021-02-20T15:21:36","guid":{"rendered":"https:\/\/jorgezanoni.com.br\/2019\/?p=43409"},"modified":"2021-02-20T15:21:36","modified_gmt":"2021-02-20T15:21:36","slug":"policia-civil-desencadeia-a-segunda-fase-da-operacao-atoleiro-e-prende-ex-prefeito-de-pacaembu","status":"publish","type":"post","link":"https:\/\/jorgezanoni.com.br\/2019\/policia-civil-desencadeia-a-segunda-fase-da-operacao-atoleiro-e-prende-ex-prefeito-de-pacaembu\/","title":{"rendered":"Pol\u00edcia Civil desencadeia a segunda fase da \u201cOpera\u00e7\u00e3o Atoleiro\u201d e prende ex-prefeito de Pacaembu"},"content":{"rendered":"<p style=\"text-align: justify;\">Neste s\u00e1bado (20), a Pol\u00edcia Civil e o Minist\u00e9rio P\u00fablico do Estado de S\u00e3o Paulo deflagraram na cidade de Pacaembu a segunda fase da \u201cOpera\u00e7\u00e3o Atoleiro\u201d (for\u00e7a tarefa entre Promotores, agentes do Tribunal de Contas do Estado e a Pol\u00edcia Civil, sediada na Delegacia Seccional de Adamantina).<\/p>\n<p style=\"text-align: justify;\">A investiga\u00e7\u00e3o visou apurar delitos (fraudes) envolvendo licita\u00e7\u00f5es no \u00e2mbito do Poder P\u00fablico, peculato e organiza\u00e7\u00e3o criminosa.<\/p>\n<p style=\"text-align: justify;\">Foram expedidos pelo Poder Judici\u00e1rio cinco medidas cautelares, fruto de representa\u00e7\u00e3o do Minist\u00e9rio P\u00fablico Estadual, sendo quatro mandados de busca e apreens\u00e3o e um mandado de pris\u00e3o preventiva, cumpridos em locais do munic\u00edpio de Pacaembu.<\/p>\n<p style=\"text-align: justify;\">Preso por for\u00e7a de mandado de pris\u00e3o preventiva, o ex-prefeito Maciel Corpa foi encontrado em sua resid\u00eancia, estando sob cust\u00f3dia.<\/p>\n<p style=\"text-align: justify;\">J\u00e1 os mandados de busca foram executados em locais estrat\u00e9gicos, sendo apreendidos diversos documentos de interesse processual penal.<\/p>\n<p style=\"text-align: justify;\">O custodiado ser\u00e1 encaminhado para a Cadeia P\u00fablica de Presidente Venceslau onde ficar\u00e1 \u00e0 disposi\u00e7\u00e3o da Justi\u00e7a.<\/p>\n<p style=\"text-align: justify;\">Na a\u00e7\u00e3o participaram onze Policiais Civis, dos quais tr\u00eas Delegados de Pol\u00edcia e tr\u00eas Promotores de Justi\u00e7a.<\/p>\n<p style=\"text-align: justify;\">Fonte: Pol\u00edcia Civil \/ Foto: Arquivo &#8211; Folha Regional<\/p>\n","protected":false},"excerpt":{"rendered":"<p>Neste s\u00e1bado (20), a Pol\u00edcia Civil e o Minist\u00e9rio P\u00fablico do Estado de S\u00e3o Paulo deflagraram na cidade de Pacaembu a segunda fase da \u201cOpera\u00e7\u00e3o Atoleiro\u201d (for\u00e7a tarefa entre Promotores, agentes do Tribunal de Contas do Estado e a Pol\u00edcia Civil, sediada na Delegacia Seccional de Adamantina). A investiga\u00e7\u00e3o visou apurar delitos (fraudes) envolvendo licita\u00e7\u00f5es [&hellip;]<\/p>\n","protected":false},"author":1,"featured_media":43410,"comment_status":"closed","ping_status":"open","sticky":false,"template":"","format":"standard","meta":{"footnotes":""},"categories":[120,110],"tags":[],"class_list":["post-43409","post","type-post","status-publish","format-standard","has-post-thumbnail","hentry","category-justicahabitacaotecnologia","category-noticiasdestaque"],"_links":{"self":[{"href":"https:\/\/jorgezanoni.com.br\/2019\/wp-json\/wp\/v2\/posts\/43409","targetHints":{"allow":["GET"]}}],"collection":[{"href":"https:\/\/jorgezanoni.com.br\/2019\/wp-json\/wp\/v2\/posts"}],"about":[{"href":"https:\/\/jorgezanoni.com.br\/2019\/wp-json\/wp\/v2\/types\/post"}],"author":[{"embeddable":true,"href":"https:\/\/jorgezanoni.com.br\/2019\/wp-json\/wp\/v2\/users\/1"}],"replies":[{"embeddable":true,"href":"https:\/\/jorgezanoni.com.br\/2019\/wp-json\/wp\/v2\/comments?post=43409"}],"version-history":[{"count":0,"href":"https:\/\/jorgezanoni.com.br\/2019\/wp-json\/wp\/v2\/posts\/43409\/revisions"}],"wp:featuredmedia":[{"embeddable":true,"href":"https:\/\/jorgezanoni.com.br\/2019\/wp-json\/wp\/v2\/media\/43410"}],"wp:attachment":[{"href":"https:\/\/jorgezanoni.com.br\/2019\/wp-json\/wp\/v2\/media?parent=43409"}],"wp:term":[{"taxonomy":"category","embeddable":true,"href":"https:\/\/jorgezanoni.com.br\/2019\/wp-json\/wp\/v2\/categories?post=43409"},{"taxonomy":"post_tag","embeddable":true,"href":"https:\/\/jorgezanoni.com.br\/2019\/wp-json\/wp\/v2\/tags?post=43409"}],"curies":[{"name":"wp","href":"https:\/\/api.w.org\/{rel}","templated":true}]}}