{"id":43383,"date":"2021-02-20T12:12:47","date_gmt":"2021-02-20T12:12:47","guid":{"rendered":"https:\/\/jorgezanoni.com.br\/2019\/?p=43383"},"modified":"2021-02-20T19:52:12","modified_gmt":"2021-02-20T19:52:12","slug":"morre-o-pastor-valmir-martins-pessoa-atuante-na-comunidade","status":"publish","type":"post","link":"https:\/\/jorgezanoni.com.br\/2019\/morre-o-pastor-valmir-martins-pessoa-atuante-na-comunidade\/","title":{"rendered":"Morre o Pastor Valmir Martins, pessoa atuante na comunidade"},"content":{"rendered":"<p style=\"text-align: justify;\">Comunicamos com pesar o falecimento do Pastor Valmir Martins da Igreja Batista Boas Novas na Avenida Castro Alves, Bairro Metr\u00f3pole em Dracena.<\/p>\n<p style=\"text-align: justify;\">O pastor tamb\u00e9m fazia parte da dire\u00e7\u00e3o do Albergue Noturno e estava internado com sintomas de COVID na cidade de Presidente Venceslau, por\u00e9m havia se recuperado, e teve duas paradas cardiorespirat\u00f3rias, vindo a \u00f3bito.<\/p>\n<div class=\"o9v6fnle cxmmr5t8 oygrvhab hcukyx3x c1et5uql ii04i59q\" style=\"text-align: justify;\">\n<div dir=\"auto\">Deixa a esposa Bete, dois filhos, uma filha e nora.<\/div>\n<div dir=\"auto\"><\/div>\n<\/div>\n<div dir=\"auto\" style=\"text-align: justify;\">O Site JZ se solidariza com a fam\u00edlia neste dif\u00edcil momento.<\/div>\n<div dir=\"auto\"><\/div>\n<div dir=\"auto\"><img loading=\"lazy\" decoding=\"async\" class=\"alignnone size-full wp-image-43384\" src=\"https:\/\/jorgezanoni.com.br\/2019\/wp-content\/uploads\/2021\/02\/Pastor1.jpg\" alt=\"\" width=\"440\" height=\"538\" srcset=\"https:\/\/jorgezanoni.com.br\/2019\/wp-content\/uploads\/2021\/02\/Pastor1.jpg 440w, https:\/\/jorgezanoni.com.br\/2019\/wp-content\/uploads\/2021\/02\/Pastor1-245x300.jpg 245w, https:\/\/jorgezanoni.com.br\/2019\/wp-content\/uploads\/2021\/02\/Pastor1-343x420.jpg 343w\" sizes=\"auto, (max-width: 440px) 100vw, 440px\" \/><\/div>\n<div dir=\"auto\"><img loading=\"lazy\" decoding=\"async\" class=\"alignnone size-full wp-image-43425\" src=\"https:\/\/jorgezanoni.com.br\/2019\/wp-content\/uploads\/2021\/02\/pastor-1.jpg\" alt=\"\" width=\"1280\" height=\"1280\" srcset=\"https:\/\/jorgezanoni.com.br\/2019\/wp-content\/uploads\/2021\/02\/pastor-1.jpg 1280w, https:\/\/jorgezanoni.com.br\/2019\/wp-content\/uploads\/2021\/02\/pastor-1-300x300.jpg 300w, https:\/\/jorgezanoni.com.br\/2019\/wp-content\/uploads\/2021\/02\/pastor-1-1024x1024.jpg 1024w, https:\/\/jorgezanoni.com.br\/2019\/wp-content\/uploads\/2021\/02\/pastor-1-150x150.jpg 150w, https:\/\/jorgezanoni.com.br\/2019\/wp-content\/uploads\/2021\/02\/pastor-1-768x768.jpg 768w, https:\/\/jorgezanoni.com.br\/2019\/wp-content\/uploads\/2021\/02\/pastor-1-696x696.jpg 696w, https:\/\/jorgezanoni.com.br\/2019\/wp-content\/uploads\/2021\/02\/pastor-1-1068x1068.jpg 1068w, https:\/\/jorgezanoni.com.br\/2019\/wp-content\/uploads\/2021\/02\/pastor-1-420x420.jpg 420w\" sizes=\"auto, (max-width: 1280px) 100vw, 1280px\" \/><\/div>\n","protected":false},"excerpt":{"rendered":"<p>Comunicamos com pesar o falecimento do Pastor Valmir Martins da Igreja Batista Boas Novas na Avenida Castro Alves, Bairro Metr\u00f3pole em Dracena. O pastor tamb\u00e9m fazia parte da dire\u00e7\u00e3o do Albergue Noturno e estava internado com sintomas de COVID na cidade de Presidente Venceslau, por\u00e9m havia se recuperado, e teve duas paradas cardiorespirat\u00f3rias, vindo a [&hellip;]<\/p>\n","protected":false},"author":1,"featured_media":43385,"comment_status":"closed","ping_status":"open","sticky":false,"template":"","format":"standard","meta":{"footnotes":""},"categories":[178,110],"tags":[],"class_list":["post-43383","post","type-post","status-publish","format-standard","has-post-thumbnail","hentry","category-notadefalecimento","category-noticiasdestaque"],"_links":{"self":[{"href":"https:\/\/jorgezanoni.com.br\/2019\/wp-json\/wp\/v2\/posts\/43383","targetHints":{"allow":["GET"]}}],"collection":[{"href":"https:\/\/jorgezanoni.com.br\/2019\/wp-json\/wp\/v2\/posts"}],"about":[{"href":"https:\/\/jorgezanoni.com.br\/2019\/wp-json\/wp\/v2\/types\/post"}],"author":[{"embeddable":true,"href":"https:\/\/jorgezanoni.com.br\/2019\/wp-json\/wp\/v2\/users\/1"}],"replies":[{"embeddable":true,"href":"https:\/\/jorgezanoni.com.br\/2019\/wp-json\/wp\/v2\/comments?post=43383"}],"version-history":[{"count":0,"href":"https:\/\/jorgezanoni.com.br\/2019\/wp-json\/wp\/v2\/posts\/43383\/revisions"}],"wp:featuredmedia":[{"embeddable":true,"href":"https:\/\/jorgezanoni.com.br\/2019\/wp-json\/wp\/v2\/media\/43385"}],"wp:attachment":[{"href":"https:\/\/jorgezanoni.com.br\/2019\/wp-json\/wp\/v2\/media?parent=43383"}],"wp:term":[{"taxonomy":"category","embeddable":true,"href":"https:\/\/jorgezanoni.com.br\/2019\/wp-json\/wp\/v2\/categories?post=43383"},{"taxonomy":"post_tag","embeddable":true,"href":"https:\/\/jorgezanoni.com.br\/2019\/wp-json\/wp\/v2\/tags?post=43383"}],"curies":[{"name":"wp","href":"https:\/\/api.w.org\/{rel}","templated":true}]}}