{"id":43380,"date":"2021-02-20T01:15:58","date_gmt":"2021-02-20T01:15:58","guid":{"rendered":"https:\/\/jorgezanoni.com.br\/2019\/?p=43380"},"modified":"2021-02-20T01:15:58","modified_gmt":"2021-02-20T01:15:58","slug":"dracenenses-acatam-decisoes-e-se-recolhem-em-casa","status":"publish","type":"post","link":"https:\/\/jorgezanoni.com.br\/2019\/dracenenses-acatam-decisoes-e-se-recolhem-em-casa\/","title":{"rendered":"Dracenenses acatam decis\u00f5es e se recolhem em casa"},"content":{"rendered":"<p style=\"text-align: justify;\">Depois de uma semana tensa, cr\u00edtica e com mortes de pessoas queridas da sociedade, parece que finalmente os moradores de Dracena se conscientizaram e est\u00e3o recolhidos em suas resid\u00eancias, conforme os decretos determinados pelas autoridades competentes.<\/p>\n<p style=\"text-align: justify;\">Esperamos e pedimos encarecidamente que especialmente os nossos queridos jovens tamb\u00e9m tenham consci\u00eancia e deixem as &#8220;festinhas, baladas e outros encontros&#8221; para daqui mais uns tempos quando tudo tiver passado.<\/p>\n<p style=\"text-align: justify;\">Voc\u00ea que precisar fazer pagamentos, tem muitas formas de N\u00c3O mais enfrentar filas, muitas coisas d\u00e1 para ser pagos via Internet. Vamos evitar ao m\u00e1ximo fila em Bancos, Lot\u00e9ricas, ou onde quer que seja.<\/p>\n<p style=\"text-align: justify;\">Lembremos aqui dos nossos valorosos profissionais de sa\u00fade indistintamente, que n\u00e3o est\u00e3o medindo esfor\u00e7os, por\u00e9m \u00e9 n\u00edtido o cansa\u00e7o de cada um e pensemos neles. Cada um de n\u00f3s que nos cuidarmos, \u00e9 um a menos que pode passar pelas suas m\u00e3os.<\/p>\n<p>Foto clicada por volta das 21:00 da Avenida Presidente Vargas em Dracena.<\/p>\n<p style=\"text-align: justify;\">Todos unidos e Dracena logo voltar\u00e1 a sorrir!!!<\/p>\n<p style=\"text-align: justify;\">Jorge Zanoni<\/p>\n<p style=\"text-align: justify;\">Foto cedida: Cidinha Pascoaloto.<\/p>\n<p>&nbsp;<\/p>\n","protected":false},"excerpt":{"rendered":"<p>Depois de uma semana tensa, cr\u00edtica e com mortes de pessoas queridas da sociedade, parece que finalmente os moradores de Dracena se conscientizaram e est\u00e3o recolhidos em suas resid\u00eancias, conforme os decretos determinados pelas autoridades competentes. Esperamos e pedimos encarecidamente que especialmente os nossos queridos jovens tamb\u00e9m tenham consci\u00eancia e deixem as &#8220;festinhas, baladas e [&hellip;]<\/p>\n","protected":false},"author":1,"featured_media":43381,"comment_status":"closed","ping_status":"open","sticky":false,"template":"","format":"standard","meta":{"footnotes":""},"categories":[179,184,110],"tags":[],"class_list":["post-43380","post","type-post","status-publish","format-standard","has-post-thumbnail","hentry","category-cidadeseregiao","category-dracena","category-noticiasdestaque"],"_links":{"self":[{"href":"https:\/\/jorgezanoni.com.br\/2019\/wp-json\/wp\/v2\/posts\/43380","targetHints":{"allow":["GET"]}}],"collection":[{"href":"https:\/\/jorgezanoni.com.br\/2019\/wp-json\/wp\/v2\/posts"}],"about":[{"href":"https:\/\/jorgezanoni.com.br\/2019\/wp-json\/wp\/v2\/types\/post"}],"author":[{"embeddable":true,"href":"https:\/\/jorgezanoni.com.br\/2019\/wp-json\/wp\/v2\/users\/1"}],"replies":[{"embeddable":true,"href":"https:\/\/jorgezanoni.com.br\/2019\/wp-json\/wp\/v2\/comments?post=43380"}],"version-history":[{"count":0,"href":"https:\/\/jorgezanoni.com.br\/2019\/wp-json\/wp\/v2\/posts\/43380\/revisions"}],"wp:featuredmedia":[{"embeddable":true,"href":"https:\/\/jorgezanoni.com.br\/2019\/wp-json\/wp\/v2\/media\/43381"}],"wp:attachment":[{"href":"https:\/\/jorgezanoni.com.br\/2019\/wp-json\/wp\/v2\/media?parent=43380"}],"wp:term":[{"taxonomy":"category","embeddable":true,"href":"https:\/\/jorgezanoni.com.br\/2019\/wp-json\/wp\/v2\/categories?post=43380"},{"taxonomy":"post_tag","embeddable":true,"href":"https:\/\/jorgezanoni.com.br\/2019\/wp-json\/wp\/v2\/tags?post=43380"}],"curies":[{"name":"wp","href":"https:\/\/api.w.org\/{rel}","templated":true}]}}