{"id":43377,"date":"2021-02-20T00:48:01","date_gmt":"2021-02-20T00:48:01","guid":{"rendered":"https:\/\/jorgezanoni.com.br\/2019\/?p=43377"},"modified":"2021-02-20T00:48:01","modified_gmt":"2021-02-20T00:48:01","slug":"agravamento-da-pandemia-faz-governo-do-estado-rebaixar-a-regiao-de-presidente-prudente-para-a-fase-vermelha-do-plano-sao-paulo","status":"publish","type":"post","link":"https:\/\/jorgezanoni.com.br\/2019\/agravamento-da-pandemia-faz-governo-do-estado-rebaixar-a-regiao-de-presidente-prudente-para-a-fase-vermelha-do-plano-sao-paulo\/","title":{"rendered":"Agravamento da pandemia faz governo do Estado rebaixar a regi\u00e3o de Presidente Prudente para a fase vermelha do Plano S\u00e3o Paulo"},"content":{"rendered":"<h2 class=\"content-head__subtitle\" style=\"text-align: justify;\"><strong>J\u00e1 os 12 munic\u00edpios do Oeste Paulista vinculados ao Departamento Regional de Sa\u00fade (DRS) de Mar\u00edlia continuam na etapa laranja.<\/strong><\/h2>\n<div class=\"mc-column content-text active-extra-styles \" data-block-type=\"unstyled\" data-block-weight=\"86\" data-block-id=\"2\">\n<p class=\"content-text__container \" style=\"text-align: justify;\" data-track-category=\"Link no Texto\" data-track-links=\"\">O governo do Estado rebaixou na tarde desta sexta-feira (19) toda a \u00e1rea de abrang\u00eancia do Departamento Regional de Sa\u00fade (DRS) de\u00a0<a href=\"https:\/\/g1.globo.com\/sp\/presidente-prudente-regiao\/cidade\/presidente-prudente\/\">Presidente Prudente<\/a>\u00a0da etapa amarela para a fase vermelha, a mais restritiva, do Plano S\u00e3o Paulo. Com isso, passam a ter permiss\u00e3o para funcionar apenas as atividades consideradas essenciais. Os servi\u00e7os classificados como n\u00e3o essenciais, entre os quais est\u00e1 inclu\u00eddo o com\u00e9rcio, n\u00e3o podem abrir as portas. J\u00e1 o DRS de\u00a0<a href=\"https:\/\/g1.globo.com\/sp\/bauru-marilia\/cidade\/marilia\/\">Mar\u00edlia<\/a>, que tamb\u00e9m abrange parte do Oeste Paulista, foi mantido na fase laranja.<\/p>\n<\/div>\n<div class=\"wall protected-content\">\n<div class=\"mc-column content-text active-extra-styles\" style=\"text-align: justify;\" data-block-type=\"raw\" data-block-weight=\"80\" data-block-id=\"3\">\n<blockquote class=\"content-blockquote theme-border-color-primary-before\"><p>&#8220;Estamos em um momento de inflex\u00e3o. Tivemos uma melhora muito significativa nas \u00faltimas semanas. E, agora, o que n\u00f3s vemos \u00e9 que duas regi\u00f5es continuaram a melhorar bastante e tivemos uma piora em duas regi\u00f5es tamb\u00e9m. A regi\u00e3o de Barretos e a regi\u00e3o de Presidente Prudente tiveram uma piora na ocupa\u00e7\u00e3o de leitos&#8221;, afirmou a secret\u00e1ria de Desenvolvimento Econ\u00f4mico do Estado de S\u00e3o Paulo, Patricia Ellen da Silva, em entrevista coletiva no Pal\u00e1cio dos Bandeirantes, a sede do governo paulista.<\/p><\/blockquote>\n<\/div>\n<div class=\"mc-column content-text active-extra-styles \" style=\"text-align: justify;\" data-block-type=\"unstyled\" data-block-weight=\"33\" data-block-id=\"4\">\n<p class=\"content-text__container \" data-track-category=\"Link no Texto\" data-track-links=\"\">&#8220;A regi\u00e3o de Presidente Prudente e a regi\u00e3o de Barretos passando para fase vermelha, com essa regress\u00e3o necess\u00e1ria devido ao momento de aten\u00e7\u00e3o que n\u00f3s temos em toda essa regi\u00e3o do interior&#8221;, ressaltou.<\/p>\n<\/div>\n<div class=\"mc-column content-text active-extra-styles \" style=\"text-align: justify;\" data-block-type=\"unstyled\" data-block-weight=\"10\" data-block-id=\"5\">\n<p class=\"content-text__container \" data-track-category=\"Link no Texto\" data-track-links=\"\">Ainda segundo a secret\u00e1ria, &#8220;\u00e9 importante a colabora\u00e7\u00e3o da popula\u00e7\u00e3o&#8221;. Ela<span style=\"font-family: inherit; font-size: inherit; font-style: inherit; font-variant-ligatures: inherit; font-variant-caps: inherit; font-weight: inherit; text-align: center;\">\u00a0tamb\u00e9m anunciou uma mudan\u00e7a nas restri\u00e7\u00f5es do Plano S\u00e3o Paulo.<\/span><\/p>\n<\/div>\n<div class=\"mc-column content-text active-extra-styles \" style=\"text-align: justify;\" data-block-type=\"unstyled\" data-block-weight=\"124\" data-block-id=\"8\">\n<p class=\"content-text__container \" data-track-category=\"Link no Texto\" data-track-links=\"\">&#8220;Atrav\u00e9s do di\u00e1logo constante com setores, n\u00f3s vimos que um protocolo que foi revisado neste momento, com a devida seguran\u00e7a, o consumo de bebida alco\u00f3lica em ambiente de restaurantes, que antes estava proibido ap\u00f3s as 20h, pode ser realizado at\u00e9 as 22h com todos os protocolos, mesas com at\u00e9 seis pessoas, fechamento at\u00e9 22h, servi\u00e7o sentado e respeitando a capacidade de 40%. Esse modelo est\u00e1 sendo revisado para restaurantes, lojas de conveni\u00eancia, com a permiss\u00e3o da venda e do consumo at\u00e9 22h na regi\u00e3o em fase amarela. E a restri\u00e7\u00e3o de consumo de bebida alco\u00f3lica continua valendo nas fases vermelha e laranja porque o funcionamento dos restaurantes \u00e9 permitido somente at\u00e9 as 20h na fase laranja e n\u00e3o \u00e9 permitido na fase vermelha&#8221;, salientou.<\/p>\n<\/div>\n<div class=\"mc-column content-text active-extra-styles \" style=\"text-align: justify;\" data-block-type=\"unstyled\" data-block-weight=\"38\" data-block-id=\"9\">\n<p class=\"content-text__container \" data-track-category=\"Link no Texto\" data-track-links=\"\">Conforme dados atualizados na quinta-feira (18), o DRS de Presidente Prudente tem 84,3% dos leitos de Unidades de Terapia Intensiva (UTIs) destinados ao atendimentos de pacientes com Covid-19 ocupados. No DRS de Mar\u00edlia, a taxa \u00e9 de 74,4%.<\/p>\n<\/div>\n<div class=\"mc-column content-text active-extra-styles \" style=\"text-align: justify;\" data-block-type=\"unstyled\" data-block-weight=\"20\" data-block-id=\"10\">\n<p class=\"content-text__container \" data-track-category=\"Link no Texto\" data-track-links=\"\">O secret\u00e1rio estadual de Desenvolvimento Regional, Marco Vinholi, afirmou que o momento \u00e9 de aten\u00e7\u00e3o na regi\u00e3o de Presidente Prudente.<\/p>\n<p class=\"content-text__container \" data-track-category=\"Link no Texto\" data-track-links=\"\"><span style=\"font-style: italic; text-align: center;\">&#8220;A regi\u00e3o de Prudente com uma r\u00e1pida ocupa\u00e7\u00e3o de leitos ao longo desses \u00faltimos dias, momento de aten\u00e7\u00e3o. N\u00f3s tamb\u00e9m estamos colocando mais leitos na regi\u00e3o, mas as lideran\u00e7as, os gestores da regi\u00e3o, devem agir com responsabilidade aumentando o isolamento social neste momento em que a gente passa&#8221;, disse Vinholi.<\/span><\/p>\n<\/div>\n<div class=\"mc-column content-text active-extra-styles \" style=\"text-align: justify;\" data-block-type=\"unstyled\" data-block-weight=\"47\" data-block-id=\"12\">\n<p class=\"content-text__container \" data-track-category=\"Link no Texto\" data-track-links=\"\">&#8220;A regi\u00e3o de Mar\u00edlia [est\u00e1] dentro da fase adequada para ficar na fase laranja, mas a gente observa um leve crescimento [na evolu\u00e7\u00e3o da epidemia] que a regi\u00e3o deve tamb\u00e9m se adequar a isso e mobilizar a popula\u00e7\u00e3o para que fa\u00e7a o isolamento social&#8221;, complementou o secret\u00e1rio.<\/p>\n<\/div>\n<div class=\"row medium-uncollapsed content-media content-photo\" style=\"text-align: justify;\" data-block-type=\"backstage-photo\" data-block-id=\"13\">\n<div class=\"column medium-22 large-20 medium-centered content-media__container\">\n<figure><img decoding=\"async\" class=\"i-amphtml-fill-content i-amphtml-replaced-content\" src=\"https:\/\/s2.glbimg.com\/38xsg2XQglnrCwhSoIuJJQIqiC8=\/0x0:2000x1055\/1008x0\/smart\/filters:strip_icc()\/i.s3.glbimg.com\/v1\/AUTH_59edd422c0c84a879bd37670ae4f538a\/internal_photos\/bs\/2021\/T\/t\/sibtY9SkuQ9bTCF1oSmg\/2.jpg\" srcset=\"\" alt=\"Regi\u00e3o de Presidente Prudente foi rebaixada para a fase vermelha do Plano S\u00e3o Paulo, enquanto o DRS de Mar\u00edlia continuou na etapa laranja, conforme a atualiza\u00e7\u00e3o feita nesta sexta-feira (19) \u2014 Foto: Reprodu\u00e7\u00e3o\/Plano S\u00e3o Paulo\" \/><\/figure>\n<p class=\"content-media__description \">Regi\u00e3o de Presidente Prudente foi rebaixada para a fase vermelha do Plano S\u00e3o Paulo, enquanto o DRS de Mar\u00edlia continuou na etapa laranja, conforme a atualiza\u00e7\u00e3o feita nesta sexta-feira (19) \u2014 Foto: Reprodu\u00e7\u00e3o\/Plano S\u00e3o Paulo<\/p>\n<p class=\"content-media__description \"><span style=\"font-family: inherit; font-size: inherit; font-style: inherit; font-variant-ligatures: inherit; font-variant-caps: inherit; font-weight: inherit; text-align: center;\">O secret\u00e1rio estadual da Sa\u00fade, Jean Gorinchteyn, justificou que as fases mais restritivas t\u00eam o objetivo de diminuir a circula\u00e7\u00e3o de pessoas e, consequentemente, do v\u00edrus e o n\u00famero de doentes nas regi\u00f5es afetadas.<\/span><\/p>\n<\/div>\n<\/div>\n<div class=\"mc-column content-text active-extra-styles\" style=\"text-align: justify;\" data-block-type=\"raw\" data-block-weight=\"81\" data-block-id=\"16\">\n<blockquote class=\"content-blockquote theme-border-color-primary-before\"><p>&#8220;Estamos na s\u00e9tima semana epidemiol\u00f3gica do ano de 2021 e continuamos em quarentena. Atrav\u00e9s do Plano S\u00e3o Paulo, estamos controlando em grande parte das regi\u00f5es do Estado a nossa pandemia. Por\u00e9m, algumas das regi\u00f5es ainda s\u00e3o merecedoras de fases muito mais restritivas, especialmente porque diminuir a circula\u00e7\u00e3o de pessoas \u00e9 tamb\u00e9m diminuir com elas a circula\u00e7\u00e3o do v\u00edrus e diminuir os doentes, que v\u00e3o impactar no sistema de sa\u00fade que j\u00e1 est\u00e1 bastante comprometido em grande parte dessas regi\u00f5es&#8221;, salientou Gorinchteyn.<\/p><\/blockquote>\n<\/div>\n<div class=\"mc-column content-text active-extra-styles \" style=\"text-align: justify;\" data-block-type=\"unstyled\" data-block-weight=\"41\" data-block-id=\"17\">\n<p class=\"content-text__container \" data-track-category=\"Link no Texto\" data-track-links=\"\">O governador do Estado de S\u00e3o Paulo, Jo\u00e3o Doria Junior (PSDB), afirmou que as regras da nova reclassifica\u00e7\u00e3o, o que inclui o rebaixamento da regi\u00e3o de Presidente Prudente para a fase vermelha, entrar\u00e3o em vigor a partir da pr\u00f3xima segunda-feira (22).<\/p>\n<\/div>\n<div class=\"mc-column content-text active-extra-styles\" style=\"text-align: justify;\" data-block-type=\"raw\" data-block-weight=\"121\" data-block-id=\"18\">\n<blockquote class=\"content-blockquote theme-border-color-primary-before\"><p>&#8220;A reclassifica\u00e7\u00e3o do Plano S\u00e3o Paulo apresentada pela Patricia Ellen e pelo Marco Vinholi come\u00e7a a valer a partir de segunda-feira, 22 de fevereiro. Assim, todos ter\u00e3o possibilidade de se prepararem, se organizarem com vista a essa reclassifica\u00e7\u00e3o que foi anunciada agora. E lembro, tamb\u00e9m, que outras reclassifica\u00e7\u00f5es poder\u00e3o ocorrer na pr\u00f3xima semana, sempre com objetivo de atender com mais precis\u00e3o e rapidez, seja para evoluir ou regredir. N\u00f3s n\u00e3o vamos aguardar dez dias ou a quinzena, faremos isso, sobretudo em respeito \u00e0 sa\u00fade, \u00e0 ci\u00eancia e \u00e0 vida, o mais r\u00e1pido poss\u00edvel, seja para avan\u00e7ar, seja para regredir. Esperando que possamos avan\u00e7ar e ter menos casos, menos ocupa\u00e7\u00e3o de leitos nos hospitais e, obviamente, menos \u00f3bitos tamb\u00e9m&#8221;, salientou o governador.<\/p><\/blockquote>\n<\/div>\n<div class=\"row medium-uncollapsed content-media content-photo\" style=\"text-align: justify;\" data-block-type=\"backstage-photo\" data-block-id=\"19\">\n<div class=\"column medium-22 large-20 medium-centered content-media__container\">\n<figure><img decoding=\"async\" class=\"i-amphtml-fill-content i-amphtml-replaced-content\" src=\"https:\/\/s2.glbimg.com\/tPfX5KS8msroYZfhVCy0Amij9Ng=\/0x0:2000x1055\/1008x0\/smart\/filters:strip_icc()\/i.s3.glbimg.com\/v1\/AUTH_59edd422c0c84a879bd37670ae4f538a\/internal_photos\/bs\/2021\/k\/k\/GVElRWTtAr670AnnIWtw\/1.jpg\" srcset=\"\" alt=\"Regi\u00e3o de Presidente Prudente estava na fase amarela do Plano S\u00e3o Paulo e regrediu para a vermelha, enquanto o DRS de Mar\u00edlia continuou na etapa laranja, conforme a atualiza\u00e7\u00e3o feita nesta sexta-feira (19) \u2014 Foto: Reprodu\u00e7\u00e3o\/Plano S\u00e3o Paulo\" \/><\/figure>\n<p class=\"content-media__description \">Regi\u00e3o de Presidente Prudente estava na fase amarela do Plano S\u00e3o Paulo e regrediu para a vermelha, enquanto o DRS de Mar\u00edlia continuou na etapa laranja, conforme a atualiza\u00e7\u00e3o feita nesta sexta-feira (19) \u2014 Foto: Reprodu\u00e7\u00e3o\/Plano S\u00e3o Paulo<\/p>\n<\/div>\n<\/div>\n<div class=\"mc-column content-text active-extra-styles \" style=\"text-align: justify;\" data-block-type=\"unstyled\" data-block-weight=\"20\" data-block-id=\"21\">\n<p class=\"content-text__container \" data-track-category=\"Link no Texto\" data-track-links=\"\">Os 56 munic\u00edpios do Oeste Paulista est\u00e3o divididos entre os Departamentos Regionais de Sa\u00fade de Mar\u00edlia e de Presidente Prudente.<\/p>\n<\/div>\n<div class=\"mc-column content-text active-extra-styles \" style=\"text-align: justify;\" data-block-type=\"unstyled\" data-block-weight=\"24\" data-block-id=\"22\">\n<p class=\"content-text__container \" data-track-category=\"Link no Texto\" data-track-links=\"\">Ao Departamento Regional de Sa\u00fade de Presidente Prudente pertencem as seguintes cidades do Oeste Paulista, que ca\u00edram da etapa amarela para a fase vermelha:<\/p>\n<\/div>\n<div class=\"mc-column content-text active-extra-styles\" style=\"text-align: justify;\" data-block-type=\"raw\" data-block-weight=\"75\" data-block-id=\"23\">\n<ul class=\"content-unordered-list\">\n<li>Alfredo Marcondes<\/li>\n<li>\u00c1lvares Machado<\/li>\n<li>Anhumas<\/li>\n<li>Caiabu<\/li>\n<li>Caiu\u00e1<\/li>\n<li>Dracena<\/li>\n<li>Emilian\u00f3polis<\/li>\n<li>Estrela do Norte<\/li>\n<li>Euclides da Cunha Paulista<\/li>\n<li>Flora Rica<\/li>\n<li>Iep\u00ea<\/li>\n<li>Indiana<\/li>\n<li>Irapuru<\/li>\n<li>Jo\u00e3o Ramalho<\/li>\n<li>Junqueir\u00f3polis<\/li>\n<li>Marab\u00e1 Paulista<\/li>\n<li>Martin\u00f3polis<\/li>\n<li>Mirante do Paranapanema<\/li>\n<li>Monte Castelo<\/li>\n<li>Nantes<\/li>\n<li>Narandiba<\/li>\n<li>Nova Guataporanga<\/li>\n<li>Ouro Verde<\/li>\n<li>Panorama<\/li>\n<li>Paulic\u00e9ia<\/li>\n<li>Piquerobi<\/li>\n<li>Pirapozinho<\/li>\n<li>Presidente Bernardes<\/li>\n<li>Presidente Epit\u00e1cio<\/li>\n<li>Presidente Prudente<\/li>\n<li>Presidente Venceslau<\/li>\n<li>Rancharia<\/li>\n<li>Regente Feij\u00f3<\/li>\n<li>Ribeir\u00e3o dos \u00cdndios<\/li>\n<li>Rosana<\/li>\n<li>Sandovalina<\/li>\n<li>Santa Mercedes<\/li>\n<li>Santo Anast\u00e1cio<\/li>\n<li>Santo Expedito<\/li>\n<li>S\u00e3o Jo\u00e3o do Pau d&#8217;Alho<\/li>\n<li>Taciba<\/li>\n<li>Tarabai<\/li>\n<li>Teodoro Sampaio<\/li>\n<li>Tupi Paulista<\/li>\n<\/ul>\n<\/div>\n<div class=\"mc-column content-text active-extra-styles \" style=\"text-align: justify;\" data-block-type=\"unstyled\" data-block-weight=\"19\" data-block-id=\"24\">\n<p class=\"content-text__container \" data-track-category=\"Link no Texto\" data-track-links=\"\">J\u00e1 as cidades do Oeste Paulista que pertencem ao DRS de Mar\u00edlia e que continuaram na fase laranja s\u00e3o:<\/p>\n<\/div>\n<div class=\"mc-column content-text active-extra-styles\" style=\"text-align: justify;\" data-block-type=\"raw\" data-block-weight=\"15\" data-block-id=\"25\">\n<ul class=\"content-unordered-list\">\n<li>Adamantina<\/li>\n<li>Fl\u00f3rida Paulista<\/li>\n<li>In\u00fabia Paulista<\/li>\n<li>Luc\u00e9lia<\/li>\n<li>Mari\u00e1polis<\/li>\n<li>Osvaldo Cruz<\/li>\n<li>Pacaembu<\/li>\n<li>Parapu\u00e3<\/li>\n<li>Pracinha<\/li>\n<li>Rin\u00f3polis<\/li>\n<li>Sagres<\/li>\n<li>Salmour\u00e3o<\/li>\n<\/ul>\n<\/div>\n<div class=\"mc-column content-text active-extra-styles \" style=\"text-align: justify;\" data-block-type=\"unstyled\" data-block-weight=\"185\" data-block-id=\"26\">\n<p class=\"content-text__container \" data-track-category=\"Link no Texto\" data-track-links=\"\">Quando come\u00e7aram as atualiza\u00e7\u00f5es do Plano S\u00e3o Paulo, em 27 de maio de 2020, os 44 munic\u00edpios do Oeste Paulista vinculados ao DRS de Presidente Prudente estavam classificados na fase amarela. Depois, em 10 de junho, regrediram para a fase vermelha, na qual permaneceram at\u00e9 10 de julho, quando subiram para a etapa laranja. Esta regi\u00e3o continuou estagnada, sem evolu\u00e7\u00e3o ou decr\u00e9scimo, na fase laranja, at\u00e9 conseguir passar para a etapa amarela no dia 4 de setembro. Em 22 de dezembro, o DRS de Presidente Prudente recuou para a fase vermelha, a mais restritiva do Plano S\u00e3o Paulo. No dia 8 de janeiro de 2021, na primeira atualiza\u00e7\u00e3o do Plano S\u00e3o Paulo neste ano, o DRS de Presidente Prudente evoluiu para a fase laranja, etapa em que foi mantido em 15 de janeiro. No entanto, no dia 22 de janeiro, houve o regresso para a fase vermelha. A mesma regi\u00e3o teve evolu\u00e7\u00f5es em duas semanas consecutivas: em 29 de janeiro, foi para a fase laranja, enquanto em 5 de fevereiro subiu para a etapa amarela. Nesta sexta-feira (19), houve o regresso para a etapa vermelha.<\/p>\n<\/div>\n<div class=\"mc-column content-text active-extra-styles \" style=\"text-align: justify;\" data-block-type=\"unstyled\" data-block-weight=\"164\" data-block-id=\"28\">\n<p class=\"content-text__container \" data-track-category=\"Link no Texto\" data-track-links=\"\">J\u00e1 os 12 munic\u00edpios do Oeste Paulista atrelados ao DRS de Mar\u00edlia come\u00e7aram, em 27 de maio do ano passado, na fase laranja. Em 19 de junho, deca\u00edram para a fase vermelha. Em 10 de julho, subiram para a fase laranja, na qual ficaram at\u00e9 a atualiza\u00e7\u00e3o feita em 7 de agosto, quando evolu\u00edram pela primeira vez para a etapa amarela. No dia 21 de agosto, voltaram a regredir para a fase laranja, na qual permaneceram at\u00e9 o dia 4 de setembro, quando retornaram para a etapa amarela. Na atualiza\u00e7\u00e3o do Plano S\u00e3o Paulo feita em 22 de dezembro, o governo do Estado manteve o DRS de Mar\u00edlia na fase amarela. No dia 8 de janeiro, houve o recuo para a etapa laranja e, uma semana depois, mais um regresso, para a fase vermelha, que foi mantida no dia 22 de janeiro e uma semana depois. No dia 5 de fevereiro, houve o avan\u00e7o para a fase laranja, que foi mantida nesta sexta-feira (19).<\/p>\n<\/div>\n<div class=\"mc-column content-text active-extra-styles \" style=\"text-align: justify;\" data-block-type=\"unstyled\" data-block-weight=\"11\" data-block-id=\"29\">\n<p class=\"content-text__container \" data-track-category=\"Link no Texto\" data-track-links=\"\">Todas as regras do Plano S\u00e3o Paulo\u00a0<a href=\"https:\/\/www.saopaulo.sp.gov.br\/planosp\/\" target=\"_blank\" rel=\"noopener noreferrer\">est\u00e3o detalhadas no\u00a0<em>site<\/em><\/a>.<\/p>\n<\/div>\n<div class=\"row medium-uncollapsed content-media content-photo\" style=\"text-align: justify;\" data-block-type=\"backstage-photo\" data-block-id=\"30\">\n<div class=\"column medium-22 large-20 medium-centered content-media__container\">\n<p class=\"content-media__description \">Plano S\u00e3o Paulo alterou nesta sexta-feira (19) as restri\u00e7\u00f5es para o consumo de bebidas alco\u00f3licas \u2014 Foto: Reprodu\u00e7\u00e3o\/Plano S\u00e3o Paulo<\/p>\n<\/div>\n<\/div>\n<div class=\"mc-column content-text active-extra-styles\" style=\"text-align: justify;\" data-block-type=\"raw\" data-block-weight=\"3\" data-block-id=\"31\">\n<div class=\"content-intertitle\">\n<h2>Diferen\u00e7as entre regi\u00f5es<\/h2>\n<\/div>\n<\/div>\n<div class=\"mc-column content-text active-extra-styles \" style=\"text-align: justify;\" data-block-type=\"unstyled\" data-block-weight=\"15\" data-block-id=\"32\">\n<p class=\"content-text__container \" data-track-category=\"Link no Texto\" data-track-links=\"\">O territ\u00f3rio do Estado de S\u00e3o Paulo est\u00e1 dividido em 17 Departamentos Regionais de Sa\u00fade.<\/p>\n<\/div>\n<div class=\"mc-column content-text active-extra-styles \" style=\"text-align: justify;\" data-block-type=\"unstyled\" data-block-weight=\"54\" data-block-id=\"33\">\n<p class=\"content-text__container \" data-track-category=\"Link no Texto\" data-track-links=\"\">A piora nos \u00edndices de avan\u00e7o do novo coronav\u00edrus no interior deixa as \u00e1reas de Araraquara, Barretos, Bauru e Presidente Prudente na fase vermelha, com restri\u00e7\u00e3o total de com\u00e9rcios e servi\u00e7os n\u00e3o essenciais. Houve melhora nas regi\u00f5es de Franca, que avan\u00e7a para a etapa laranja, e de Sorocaba, que progride para a fase amarela.<\/p>\n<\/div>\n<div class=\"mc-column content-text active-extra-styles \" style=\"text-align: justify;\" data-block-type=\"unstyled\" data-block-weight=\"58\" data-block-id=\"35\">\n<p class=\"content-text__container \" data-track-category=\"Link no Texto\" data-track-links=\"\">As demais regi\u00f5es permanecem sem altera\u00e7\u00e3o em rela\u00e7\u00e3o \u00e0 classifica\u00e7\u00e3o atual, em vigor desde o \u00faltimo dia 6. Continuam na fase amarela a Grande S\u00e3o Paulo e as \u00e1reas de Ara\u00e7atuba, Baixada Santista, Campinas e Registro. Na laranja, est\u00e3o as regi\u00f5es de Mar\u00edlia, Piracicaba, Ribeir\u00e3o Preto, S\u00e3o Jo\u00e3o da Boa Vista, S\u00e3o Jos\u00e9 do Rio Preto e Taubat\u00e9.<\/p>\n<\/div>\n<div class=\"mc-column content-text active-extra-styles \" style=\"text-align: justify;\" data-block-type=\"unstyled\" data-block-weight=\"69\" data-block-id=\"36\">\n<p class=\"content-text__container \" data-track-category=\"Link no Texto\" data-track-links=\"\">Todas as regi\u00f5es em fase vermelha est\u00e3o com ocupa\u00e7\u00e3o de Unidades de Terapia Intensiva para pacientes de Covid-19 acima de 80%. Na etapa de restri\u00e7\u00e3o m\u00e1xima, s\u00f3 h\u00e1 funcionamento normal de farm\u00e1cias, mercados, padarias, lojas de conveni\u00eancia, bancas de jornal, postos de combust\u00edveis, lavanderias e hotelaria. J\u00e1 os com\u00e9rcios e servi\u00e7os n\u00e3o essenciais s\u00f3 podem atender em esquema de retirada na porta,\u00a0<em>drive-thru\u00a0<\/em>e entregas por telefone ou aplicativos.<\/p>\n<\/div>\n<div class=\"mc-column content-text active-extra-styles \" style=\"text-align: justify;\" data-block-type=\"unstyled\" data-block-weight=\"73\" data-block-id=\"37\">\n<p class=\"content-text__container \" data-track-category=\"Link no Texto\" data-track-links=\"\">Munic\u00edpios em \u00e1reas de fase amarela podem permitir 40% de ocupa\u00e7\u00e3o em academias, sal\u00f5es de beleza, restaurantes, cinemas, teatros, shoppings, concession\u00e1rias, escrit\u00f3rios e parques estaduais, com expediente de at\u00e9 dez horas di\u00e1rias para restaurantes e 12 horas para as demais atividades. O atendimento presencial deve ser encerrado \u00e0s 22h em todos os setores. Nos bares, as portas fecham mais cedo, \u00e0s 20h. Eventos que geram aglomera\u00e7\u00e3o, como festas, baladas e shows continuam proibidos.<\/p>\n<\/div>\n<div class=\"mc-column content-text active-extra-styles \" style=\"text-align: justify;\" data-block-type=\"unstyled\" data-block-weight=\"36\" data-block-id=\"38\">\n<p class=\"content-text__container \" data-track-category=\"Link no Texto\" data-track-links=\"\">Na etapa laranja, o funcionamento dos servi\u00e7os n\u00e3o essenciais \u00e9 limitado a at\u00e9 oito horas di\u00e1rias, com atendimento presencial m\u00e1ximo de 40% da capacidade e encerramento \u00e0s 20h. O consumo local em bares est\u00e1 totalmente proibido.<\/p>\n<\/div>\n<div class=\"mc-column content-text active-extra-styles \" style=\"text-align: justify;\" data-block-type=\"unstyled\" data-block-weight=\"66\" data-block-id=\"39\">\n<p class=\"content-text__container \" data-track-category=\"Link no Texto\" data-track-links=\"\">Com a reclassifica\u00e7\u00e3o desta sexta-feira (19), a venda de bebidas alco\u00f3licas na fase amarela em lojas de conveni\u00eancia e restaurantes passa a ser permitida por mais duas horas, das 6h \u00e0s 22h. Nas etapas laranja e vermelha, permanece o limite entre 6h e 20h. Somente a partir da fase verde, a mais branda, \u00e9 que essa comercializa\u00e7\u00e3o poder\u00e1 voltar a ser feita sem as restri\u00e7\u00f5es atuais.<\/p>\n<\/div>\n<div class=\"mc-column content-text active-extra-styles \" style=\"text-align: justify;\" data-block-type=\"unstyled\" data-block-weight=\"40\" data-block-id=\"41\">\n<p class=\"content-text__container \" data-track-category=\"Link no Texto\" data-track-links=\"\">O Estado alerta que todos os protocolos sanit\u00e1rios e de seguran\u00e7a para os setores econ\u00f4micos devem ser cumpridos com rigor, e que as prefeituras que se recusam a seguir as normas estabelecidas pelo governo paulista ficam sujeitas a san\u00e7\u00f5es judiciais.<\/p>\n<\/div>\n<div class=\"mc-column content-text active-extra-styles \" style=\"text-align: justify;\" data-block-type=\"unstyled\" data-block-weight=\"27\" data-block-id=\"42\">\n<p class=\"content-text__container \" data-track-category=\"Link no Texto\" data-track-links=\"\">O resumo com as informa\u00e7\u00f5es sobre a reclassifica\u00e7\u00e3o do Plano S\u00e3o Paulo e os indicadores epidemiol\u00f3gicos e de capacidade hospitalar de cada regi\u00e3o\u00a0<a href=\"https:\/\/issuu.com\/governosp\/docs\/20210219_plano_spvf__1_.pptx\" target=\"_blank\" rel=\"noopener noreferrer\">est\u00e3o dispon\u00edveis no\u00a0<em>link<\/em><\/a>.<\/p>\n<\/div>\n<div class=\"mc-column content-text active-extra-styles\" style=\"text-align: justify;\" data-block-type=\"raw\" data-block-weight=\"7\" data-block-id=\"43\">\n<div class=\"content-intertitle\">\n<h2>Classifica\u00e7\u00e3o \u2013 atualizada em 19 de fevereiro<\/h2>\n<\/div>\n<\/div>\n<div class=\"mc-column content-text active-extra-styles \" style=\"text-align: justify;\" data-block-type=\"unstyled\" data-block-weight=\"6\" data-block-id=\"44\">\n<p class=\"content-text__container \" data-track-category=\"Link no Texto\" data-track-links=\"\"><strong>Vermelha \u2013 s\u00f3 operam servi\u00e7os essenciais<\/strong><\/p>\n<\/div>\n<div class=\"mc-column content-text active-extra-styles\" style=\"text-align: justify;\" data-block-type=\"raw\" data-block-weight=\"5\" data-block-id=\"45\">\n<ul class=\"content-unordered-list\">\n<li>Araraquara<\/li>\n<li>Barretos<\/li>\n<li>Bauru<\/li>\n<li>Presidente Prudente<\/li>\n<\/ul>\n<\/div>\n<div class=\"mc-column content-text active-extra-styles \" style=\"text-align: justify;\" data-block-type=\"unstyled\" data-block-weight=\"15\" data-block-id=\"46\">\n<p class=\"content-text__container \" data-track-category=\"Link no Texto\" data-track-links=\"\"><strong>Laranja \u2013 bares n\u00e3o abrem, e demais servi\u00e7os funcionam com restri\u00e7\u00f5es de hor\u00e1rios e capacidade<\/strong><\/p>\n<\/div>\n<div class=\"mc-column content-text active-extra-styles\" style=\"text-align: justify;\" data-block-type=\"raw\" data-block-weight=\"16\" data-block-id=\"47\">\n<ul class=\"content-unordered-list\">\n<li>Franca<\/li>\n<li>Mar\u00edlia<\/li>\n<li>Piracicaba<\/li>\n<li>Ribeir\u00e3o Preto<\/li>\n<li>S\u00e3o Jo\u00e3o da Boa Vista<\/li>\n<li>S\u00e3o Jos\u00e9 do Rio Preto<\/li>\n<li>Taubat\u00e9<\/li>\n<\/ul>\n<\/div>\n<div class=\"mc-column content-text active-extra-styles \" style=\"text-align: justify;\" data-block-type=\"unstyled\" data-block-weight=\"12\" data-block-id=\"48\">\n<p class=\"content-text__container \" data-track-category=\"Link no Texto\" data-track-links=\"\"><strong>Amarela \u2013 com\u00e9rcio e restaurantes podem funcionar at\u00e9 22h; bares at\u00e9 20h<\/strong><\/p>\n<\/div>\n<div class=\"mc-column content-text active-extra-styles\" data-block-type=\"raw\" data-block-weight=\"11\" data-block-id=\"49\">\n<ul class=\"content-unordered-list\" style=\"text-align: justify;\">\n<li>Ara\u00e7atuba<\/li>\n<li>Baixada Santista<\/li>\n<li>Campinas<\/li>\n<li>Grande SP \u2013 incluindo capital<\/li>\n<li>Registro<\/li>\n<li>Sorocaba<\/li>\n<\/ul>\n<p style=\"text-align: justify;\">Fonte: G1<\/p>\n<\/div>\n<\/div>\n","protected":false},"excerpt":{"rendered":"<p>J\u00e1 os 12 munic\u00edpios do Oeste Paulista vinculados ao Departamento Regional de Sa\u00fade (DRS) de Mar\u00edlia continuam na etapa laranja. O governo do Estado rebaixou na tarde desta sexta-feira (19) toda a \u00e1rea de abrang\u00eancia do Departamento Regional de Sa\u00fade (DRS) de\u00a0Presidente Prudente\u00a0da etapa amarela para a fase vermelha, a mais restritiva, do Plano S\u00e3o [&hellip;]<\/p>\n","protected":false},"author":1,"featured_media":43378,"comment_status":"closed","ping_status":"open","sticky":false,"template":"","format":"standard","meta":{"footnotes":""},"categories":[110,116],"tags":[],"class_list":["post-43377","post","type-post","status-publish","format-standard","has-post-thumbnail","hentry","category-noticiasdestaque","category-politicaeeconomia"],"_links":{"self":[{"href":"https:\/\/jorgezanoni.com.br\/2019\/wp-json\/wp\/v2\/posts\/43377","targetHints":{"allow":["GET"]}}],"collection":[{"href":"https:\/\/jorgezanoni.com.br\/2019\/wp-json\/wp\/v2\/posts"}],"about":[{"href":"https:\/\/jorgezanoni.com.br\/2019\/wp-json\/wp\/v2\/types\/post"}],"author":[{"embeddable":true,"href":"https:\/\/jorgezanoni.com.br\/2019\/wp-json\/wp\/v2\/users\/1"}],"replies":[{"embeddable":true,"href":"https:\/\/jorgezanoni.com.br\/2019\/wp-json\/wp\/v2\/comments?post=43377"}],"version-history":[{"count":0,"href":"https:\/\/jorgezanoni.com.br\/2019\/wp-json\/wp\/v2\/posts\/43377\/revisions"}],"wp:featuredmedia":[{"embeddable":true,"href":"https:\/\/jorgezanoni.com.br\/2019\/wp-json\/wp\/v2\/media\/43378"}],"wp:attachment":[{"href":"https:\/\/jorgezanoni.com.br\/2019\/wp-json\/wp\/v2\/media?parent=43377"}],"wp:term":[{"taxonomy":"category","embeddable":true,"href":"https:\/\/jorgezanoni.com.br\/2019\/wp-json\/wp\/v2\/categories?post=43377"},{"taxonomy":"post_tag","embeddable":true,"href":"https:\/\/jorgezanoni.com.br\/2019\/wp-json\/wp\/v2\/tags?post=43377"}],"curies":[{"name":"wp","href":"https:\/\/api.w.org\/{rel}","templated":true}]}}