{"id":43374,"date":"2021-02-20T00:30:40","date_gmt":"2021-02-20T00:30:40","guid":{"rendered":"https:\/\/jorgezanoni.com.br\/2019\/?p=43374"},"modified":"2021-02-20T19:54:28","modified_gmt":"2021-02-20T19:54:28","slug":"moradora-de-tupi-paulista-com-diagnostico-de-covid-morre-em-andradina","status":"publish","type":"post","link":"https:\/\/jorgezanoni.com.br\/2019\/moradora-de-tupi-paulista-com-diagnostico-de-covid-morre-em-andradina\/","title":{"rendered":"Moradora de Tupi Paulista com diagn\u00f3stico de Covid, morre em Andradina"},"content":{"rendered":"<p style=\"text-align: justify;\"><strong>Morreu em Andradina, a moradora de Tupi Paulista que estava internada com Diagn\u00f3stico de COVID-19.<\/strong><\/p>\n<div class=\"kvgmc6g5 cxmmr5t8 oygrvhab hcukyx3x c1et5uql ii04i59q\" style=\"text-align: justify;\">\n<div dir=\"auto\">Faleceu no in\u00edcio da noite em Hospital de Andradina, a funcion\u00e1ria p\u00fablica de Tupi Paulista, Luciana Cabrera Milanin, 46 anos.<\/div>\n<div dir=\"auto\"><\/div>\n<\/div>\n<div class=\"o9v6fnle cxmmr5t8 oygrvhab hcukyx3x c1et5uql ii04i59q\">\n<div dir=\"auto\" style=\"text-align: justify;\">A informa\u00e7\u00e3o foi confirmada agora a pouco pela Assessoria de Imprensa do Hospital que informou que paciente se preparava para ser transferida para a cidade de Ilha Solteira, por\u00e9m n\u00e3o resistiu e veio a \u00f3bito.<\/div>\n<div dir=\"auto\" style=\"text-align: justify;\"><\/div>\n<div dir=\"auto\" style=\"text-align: justify;\">Fonte: Agora News<\/div>\n<div dir=\"auto\"><\/div>\n<\/div>\n<div dir=\"auto\"><img loading=\"lazy\" decoding=\"async\" class=\"alignnone size-full wp-image-43428\" src=\"https:\/\/jorgezanoni.com.br\/2019\/wp-content\/uploads\/2021\/02\/Luciana.jpg\" alt=\"\" width=\"1280\" height=\"1085\" srcset=\"https:\/\/jorgezanoni.com.br\/2019\/wp-content\/uploads\/2021\/02\/Luciana.jpg 1280w, https:\/\/jorgezanoni.com.br\/2019\/wp-content\/uploads\/2021\/02\/Luciana-300x254.jpg 300w, https:\/\/jorgezanoni.com.br\/2019\/wp-content\/uploads\/2021\/02\/Luciana-1024x868.jpg 1024w, https:\/\/jorgezanoni.com.br\/2019\/wp-content\/uploads\/2021\/02\/Luciana-768x651.jpg 768w, https:\/\/jorgezanoni.com.br\/2019\/wp-content\/uploads\/2021\/02\/Luciana-696x590.jpg 696w, https:\/\/jorgezanoni.com.br\/2019\/wp-content\/uploads\/2021\/02\/Luciana-1068x905.jpg 1068w, https:\/\/jorgezanoni.com.br\/2019\/wp-content\/uploads\/2021\/02\/Luciana-495x420.jpg 495w\" sizes=\"auto, (max-width: 1280px) 100vw, 1280px\" \/><\/div>\n","protected":false},"excerpt":{"rendered":"<p>Morreu em Andradina, a moradora de Tupi Paulista que estava internada com Diagn\u00f3stico de COVID-19. Faleceu no in\u00edcio da noite em Hospital de Andradina, a funcion\u00e1ria p\u00fablica de Tupi Paulista, Luciana Cabrera Milanin, 46 anos. A informa\u00e7\u00e3o foi confirmada agora a pouco pela Assessoria de Imprensa do Hospital que informou que paciente se preparava para [&hellip;]<\/p>\n","protected":false},"author":1,"featured_media":43375,"comment_status":"closed","ping_status":"open","sticky":false,"template":"","format":"standard","meta":{"footnotes":""},"categories":[179,178,110,185],"tags":[],"class_list":["post-43374","post","type-post","status-publish","format-standard","has-post-thumbnail","hentry","category-cidadeseregiao","category-notadefalecimento","category-noticiasdestaque","category-tupipaulista"],"_links":{"self":[{"href":"https:\/\/jorgezanoni.com.br\/2019\/wp-json\/wp\/v2\/posts\/43374","targetHints":{"allow":["GET"]}}],"collection":[{"href":"https:\/\/jorgezanoni.com.br\/2019\/wp-json\/wp\/v2\/posts"}],"about":[{"href":"https:\/\/jorgezanoni.com.br\/2019\/wp-json\/wp\/v2\/types\/post"}],"author":[{"embeddable":true,"href":"https:\/\/jorgezanoni.com.br\/2019\/wp-json\/wp\/v2\/users\/1"}],"replies":[{"embeddable":true,"href":"https:\/\/jorgezanoni.com.br\/2019\/wp-json\/wp\/v2\/comments?post=43374"}],"version-history":[{"count":0,"href":"https:\/\/jorgezanoni.com.br\/2019\/wp-json\/wp\/v2\/posts\/43374\/revisions"}],"wp:featuredmedia":[{"embeddable":true,"href":"https:\/\/jorgezanoni.com.br\/2019\/wp-json\/wp\/v2\/media\/43375"}],"wp:attachment":[{"href":"https:\/\/jorgezanoni.com.br\/2019\/wp-json\/wp\/v2\/media?parent=43374"}],"wp:term":[{"taxonomy":"category","embeddable":true,"href":"https:\/\/jorgezanoni.com.br\/2019\/wp-json\/wp\/v2\/categories?post=43374"},{"taxonomy":"post_tag","embeddable":true,"href":"https:\/\/jorgezanoni.com.br\/2019\/wp-json\/wp\/v2\/tags?post=43374"}],"curies":[{"name":"wp","href":"https:\/\/api.w.org\/{rel}","templated":true}]}}