{"id":43371,"date":"2021-02-20T00:03:21","date_gmt":"2021-02-20T00:03:21","guid":{"rendered":"https:\/\/jorgezanoni.com.br\/2019\/?p=43371"},"modified":"2021-02-20T00:03:21","modified_gmt":"2021-02-20T00:03:21","slug":"mais-dois-dracenenses-morrem-por-complicacoes-de-covid-subindo-para-54-obitos-em-nossa-cidade","status":"publish","type":"post","link":"https:\/\/jorgezanoni.com.br\/2019\/mais-dois-dracenenses-morrem-por-complicacoes-de-covid-subindo-para-54-obitos-em-nossa-cidade\/","title":{"rendered":"Mais dois dracenenses morrem por complica\u00e7\u00f5es de COVID, subindo para 54 \u00f3bitos em nossa cidade"},"content":{"rendered":"<div dir=\"auto\" style=\"text-align: justify;\"><strong>53\u00b0 \u00d3BITO POR COVID-19<\/strong><\/div>\n<div dir=\"auto\" style=\"text-align: justify;\">Mulher 84 anos, residente em Dracena, hipertensa. A paciente esteve internada na Santa Casa de Presidente Prudente do dia 11\/02\/2021 at\u00e9 o dia 16\/02\/2021 quando evoluiu a \u00f3bito \u00e0s 23h15, por\u00e9m a informa\u00e7\u00e3o do \u00f3bito foi recebida via SIM (Sistema de Informa\u00e7\u00e3o sobre Mortalidade), pela Vigil\u00e2ncia Epidemiol\u00f3gica local nesta sexta-feira, 19.<\/div>\n<div dir=\"auto\" style=\"text-align: justify;\"><\/div>\n<div dir=\"auto\">\n<div dir=\"auto\" style=\"text-align: justify;\"><strong>54\u00b0 \u00d3BITO POR COVID-19<\/strong><\/div>\n<div dir=\"auto\" style=\"text-align: justify;\">Homem, 81 anos, residente no munic\u00edpio de Dracena, hipertenso. O paciente esteve internado no Hospital Regional de Presidente Prudente do dia 13\/02\/2021 at\u00e9 o dia 19\/02\/2021 quando evoluiu a \u00f3bito \u00e0s 8h.<\/div>\n<div dir=\"auto\" style=\"text-align: justify;\"><\/div>\n<div dir=\"auto\" style=\"text-align: justify;\">Fonte: https:\/\/www.facebook.com\/prefeituradracena<\/div>\n<\/div>\n","protected":false},"excerpt":{"rendered":"<p>53\u00b0 \u00d3BITO POR COVID-19 Mulher 84 anos, residente em Dracena, hipertensa. A paciente esteve internada na Santa Casa de Presidente Prudente do dia 11\/02\/2021 at\u00e9 o dia 16\/02\/2021 quando evoluiu a \u00f3bito \u00e0s 23h15, por\u00e9m a informa\u00e7\u00e3o do \u00f3bito foi recebida via SIM (Sistema de Informa\u00e7\u00e3o sobre Mortalidade), pela Vigil\u00e2ncia Epidemiol\u00f3gica local nesta sexta-feira, 19. [&hellip;]<\/p>\n","protected":false},"author":1,"featured_media":43372,"comment_status":"closed","ping_status":"open","sticky":false,"template":"","format":"standard","meta":{"footnotes":""},"categories":[178,110],"tags":[],"class_list":["post-43371","post","type-post","status-publish","format-standard","has-post-thumbnail","hentry","category-notadefalecimento","category-noticiasdestaque"],"_links":{"self":[{"href":"https:\/\/jorgezanoni.com.br\/2019\/wp-json\/wp\/v2\/posts\/43371","targetHints":{"allow":["GET"]}}],"collection":[{"href":"https:\/\/jorgezanoni.com.br\/2019\/wp-json\/wp\/v2\/posts"}],"about":[{"href":"https:\/\/jorgezanoni.com.br\/2019\/wp-json\/wp\/v2\/types\/post"}],"author":[{"embeddable":true,"href":"https:\/\/jorgezanoni.com.br\/2019\/wp-json\/wp\/v2\/users\/1"}],"replies":[{"embeddable":true,"href":"https:\/\/jorgezanoni.com.br\/2019\/wp-json\/wp\/v2\/comments?post=43371"}],"version-history":[{"count":0,"href":"https:\/\/jorgezanoni.com.br\/2019\/wp-json\/wp\/v2\/posts\/43371\/revisions"}],"wp:featuredmedia":[{"embeddable":true,"href":"https:\/\/jorgezanoni.com.br\/2019\/wp-json\/wp\/v2\/media\/43372"}],"wp:attachment":[{"href":"https:\/\/jorgezanoni.com.br\/2019\/wp-json\/wp\/v2\/media?parent=43371"}],"wp:term":[{"taxonomy":"category","embeddable":true,"href":"https:\/\/jorgezanoni.com.br\/2019\/wp-json\/wp\/v2\/categories?post=43371"},{"taxonomy":"post_tag","embeddable":true,"href":"https:\/\/jorgezanoni.com.br\/2019\/wp-json\/wp\/v2\/tags?post=43371"}],"curies":[{"name":"wp","href":"https:\/\/api.w.org\/{rel}","templated":true}]}}