{"id":43348,"date":"2021-02-18T17:27:19","date_gmt":"2021-02-18T17:27:19","guid":{"rendered":"https:\/\/jorgezanoni.com.br\/2019\/?p=43348"},"modified":"2021-02-18T17:27:19","modified_gmt":"2021-02-18T17:27:19","slug":"novos-delegados-de-policia-reforcarao-o-trabalho-da-policia-civil-na-regiao-de-presidente-prudente","status":"publish","type":"post","link":"https:\/\/jorgezanoni.com.br\/2019\/novos-delegados-de-policia-reforcarao-o-trabalho-da-policia-civil-na-regiao-de-presidente-prudente\/","title":{"rendered":"Novos Delegados de Policia refor\u00e7ar\u00e3o o trabalho da Pol\u00edcia Civil na regi\u00e3o de Presidente Prudente"},"content":{"rendered":"<p style=\"text-align: justify;\"><strong>Profissionais passaram por rigoroso concurso p\u00fablico de provas e t\u00edtulos, seguido de Academia de Pol\u00edcia e est\u00e1gio profissional em S\u00e3o Paulo.<\/strong><\/p>\n<p style=\"text-align: justify;\">Na manh\u00e3 de hoje (18\/02), onze (11) novos Delegados de Pol\u00edcia formados pela Academia de Pol\u00edcia de S\u00e3o Paulo passaram a compor o quadro funcional da Pol\u00edcia Civil da regi\u00e3o de Presidente Prudente.<\/p>\n<p style=\"text-align: justify;\">Seguindo regras de preserva\u00e7\u00e3o sanit\u00e1ria, os delegados de pol\u00edcia foram recebidos pelo Diretor do Departamento de Pol\u00edcia Judici\u00e1ria Interior \u2013 Deinter 8 \u2013 Presidente Prudente, Dr. Walmir Geralde, que acolheu os novos profissionais estabelecendo as premissas da institui\u00e7\u00e3o e apresentado o planejamento de trabalho que est\u00e1 sendo desenvolvido na regi\u00e3o pela Pol\u00edcia Judici\u00e1ria, sempre pautada na efici\u00eancia da presta\u00e7\u00e3o do servi\u00e7o de seguran\u00e7a p\u00fablica e na manuten\u00e7\u00e3o da paz social.<\/p>\n<p style=\"text-align: justify;\">A seguir os nomes dos novos Delegados de Pol\u00edcia com sua respectiva designa\u00e7\u00e3o:<\/p>\n<p style=\"text-align: justify;\">DSP Adamantina \u2013 DPM Pacaembu \u2013 Dr. Alex Jos\u00e9 Marin Leite e Dr. Alexandro Marcos Santos de Lima<\/p>\n<p style=\"text-align: justify;\">DSP Assis \u2013 DPM C\u00e2ndido Mota \u2013 Dr. Luiz Gustavo de Almeida Scaff; DPM Maraca\u00ed \u2013 Dr. Bruno Delfino Sentone; DPM Palmital \u2013 Dr. Mateus Maciel Cesar Silva; DPM Paragua\u00e7u Paulista \u2013 Dra. Raquel Santos de Oliveira e 1\u00ba DP Paragua\u00e7u Paulista \u2013 Dr. Jo\u00e3o Fernando Pauka Rodrigues<\/p>\n<p style=\"text-align: justify;\">DSP Pres. Venceslau \u2013 DDM Pres. Venceslau \u2013 Dra. Vanessa Santos Breyer; DPM Mirante do Paranapanema \u2013 Dra. Barbara Lara de Oliveira; 1\u00ba DP Pres. Epit\u00e1cio \u2013 Dr. Zanatta Riveira Holsback e DPM Teodoro Sampaio \u2013 Dr. Raul Gomes Oliveira da Costa.<\/p>\n<p style=\"text-align: justify;\">Fonte: Imprensa Deinter 8<\/p>\n","protected":false},"excerpt":{"rendered":"<p>Profissionais passaram por rigoroso concurso p\u00fablico de provas e t\u00edtulos, seguido de Academia de Pol\u00edcia e est\u00e1gio profissional em S\u00e3o Paulo. Na manh\u00e3 de hoje (18\/02), onze (11) novos Delegados de Pol\u00edcia formados pela Academia de Pol\u00edcia de S\u00e3o Paulo passaram a compor o quadro funcional da Pol\u00edcia Civil da regi\u00e3o de Presidente Prudente. Seguindo [&hellip;]<\/p>\n","protected":false},"author":1,"featured_media":43349,"comment_status":"closed","ping_status":"open","sticky":false,"template":"","format":"standard","meta":{"footnotes":""},"categories":[110,2],"tags":[],"class_list":["post-43348","post","type-post","status-publish","format-standard","has-post-thumbnail","hentry","category-noticiasdestaque","category-policial"],"_links":{"self":[{"href":"https:\/\/jorgezanoni.com.br\/2019\/wp-json\/wp\/v2\/posts\/43348","targetHints":{"allow":["GET"]}}],"collection":[{"href":"https:\/\/jorgezanoni.com.br\/2019\/wp-json\/wp\/v2\/posts"}],"about":[{"href":"https:\/\/jorgezanoni.com.br\/2019\/wp-json\/wp\/v2\/types\/post"}],"author":[{"embeddable":true,"href":"https:\/\/jorgezanoni.com.br\/2019\/wp-json\/wp\/v2\/users\/1"}],"replies":[{"embeddable":true,"href":"https:\/\/jorgezanoni.com.br\/2019\/wp-json\/wp\/v2\/comments?post=43348"}],"version-history":[{"count":0,"href":"https:\/\/jorgezanoni.com.br\/2019\/wp-json\/wp\/v2\/posts\/43348\/revisions"}],"wp:featuredmedia":[{"embeddable":true,"href":"https:\/\/jorgezanoni.com.br\/2019\/wp-json\/wp\/v2\/media\/43349"}],"wp:attachment":[{"href":"https:\/\/jorgezanoni.com.br\/2019\/wp-json\/wp\/v2\/media?parent=43348"}],"wp:term":[{"taxonomy":"category","embeddable":true,"href":"https:\/\/jorgezanoni.com.br\/2019\/wp-json\/wp\/v2\/categories?post=43348"},{"taxonomy":"post_tag","embeddable":true,"href":"https:\/\/jorgezanoni.com.br\/2019\/wp-json\/wp\/v2\/tags?post=43348"}],"curies":[{"name":"wp","href":"https:\/\/api.w.org\/{rel}","templated":true}]}}