{"id":43339,"date":"2021-02-18T14:50:59","date_gmt":"2021-02-18T14:50:59","guid":{"rendered":"https:\/\/jorgezanoni.com.br\/2019\/?p=43339"},"modified":"2021-02-18T14:50:59","modified_gmt":"2021-02-18T14:50:59","slug":"enfermaria-covid-2-comecou-funcionar-nesta-manha-na-santa-casa-de-dracena","status":"publish","type":"post","link":"https:\/\/jorgezanoni.com.br\/2019\/enfermaria-covid-2-comecou-funcionar-nesta-manha-na-santa-casa-de-dracena\/","title":{"rendered":"Enfermaria COVID 2 come\u00e7ou funcionar nesta manh\u00e3 na Santa Casa de Dracena"},"content":{"rendered":"<p style=\"font-weight: 400; text-align: justify;\"><b><strong>O prefeito Andr\u00e9 Lemos informa a contrata\u00e7\u00e3o do servi\u00e7o de mais 10 leitos de enfermaria no hospital, atrav\u00e9s do munic\u00edpio<\/strong><\/b><\/p>\n<p style=\"font-weight: 400; text-align: justify;\">Uma not\u00edcia que era bastante aguardada pela popula\u00e7\u00e3o dracenense est\u00e1 sendo concretizada hoje, 18, em uma a\u00e7\u00e3o da administra\u00e7\u00e3o municipal em parceria com a Santa Casa local.<\/p>\n<p style=\"font-weight: 400; text-align: justify;\">O prefeito Andr\u00e9 Lemos anunciou nesta manh\u00e3 o oferecimento de mais uma enfermaria no hospital \u2013 sendo a Enfermaria Covid 2, contanto com 10 leitos. Andr\u00e9 afirmou que o servi\u00e7o visa amenizar o sofrimento de pacientes que sofrem com a doen\u00e7a e tamb\u00e9m seus familiares. \u201cEstamos vivendo um momento muito dif\u00edcil em v\u00e1rios aspectos, entre eles, o de contrata\u00e7\u00e3o de profissionais para atuar, por\u00e9m n\u00f3s com a Santa Casa estamos a todo vapor para oferecer atendimento aos que necessitam, e, isso j\u00e1 come\u00e7a a ocorrer agora nesta manh\u00e3 de quinta-feira\u201d, explicou Andr\u00e9.<\/p>\n<p style=\"font-weight: 400; text-align: justify;\">O espa\u00e7o onde est\u00e1 instalada a Enfermaria Covid 2 fica no posto 4 da Santa Casa, onde eram realizados atendimentos particulares.<\/p>\n<p style=\"font-weight: 400; text-align: justify;\">No meio da tarde de ontem, 17, pelo menos 6 pacientes aguardavam no Centro Municipal de Atendimento \u00e0 Covid (CEMAC), por transfer\u00eancias hospitalar.<\/p>\n<p style=\"font-weight: 400; text-align: justify;\">Nesta manh\u00e3 deram entrada na nova enfermaria 4 pacientes e h\u00e1 previs\u00e3o de receber mais 4 no per\u00edodo da tarde de hoje. O prefeito contou que est\u00e1 sendo gradativo o recebimento dos pacientes, devido \u00e0 contrata\u00e7\u00e3o de novos profissionais.<\/p>\n<p style=\"font-weight: 400; text-align: justify;\">A Santa Casa de Dracena conta com a UTI COVID custeada pelo Minist\u00e9rio da Sa\u00fade, onde as vagas s\u00e3o determinadas de acordo com o sistema CROSS &#8211;\u00a0<a href=\"http:\/\/www.cross.org.br\/\">Central de Regula\u00e7\u00e3o de Ofertas de Servi\u00e7os de Sa\u00fade<\/a>; e agora as duas Enfermarias COVID, totalizando 20 leitos, sendo 10 cada, cujos custos s\u00e3o pagos pela Prefeitura local.<\/p>\n<p style=\"text-align: justify;\"><img loading=\"lazy\" decoding=\"async\" class=\"alignnone size-full wp-image-43340\" src=\"https:\/\/jorgezanoni.com.br\/2019\/wp-content\/uploads\/2021\/02\/enfermaria-1.jpg\" alt=\"\" width=\"1280\" height=\"605\" srcset=\"https:\/\/jorgezanoni.com.br\/2019\/wp-content\/uploads\/2021\/02\/enfermaria-1.jpg 1280w, https:\/\/jorgezanoni.com.br\/2019\/wp-content\/uploads\/2021\/02\/enfermaria-1-300x142.jpg 300w, https:\/\/jorgezanoni.com.br\/2019\/wp-content\/uploads\/2021\/02\/enfermaria-1-1024x484.jpg 1024w, https:\/\/jorgezanoni.com.br\/2019\/wp-content\/uploads\/2021\/02\/enfermaria-1-768x363.jpg 768w, https:\/\/jorgezanoni.com.br\/2019\/wp-content\/uploads\/2021\/02\/enfermaria-1-696x329.jpg 696w, https:\/\/jorgezanoni.com.br\/2019\/wp-content\/uploads\/2021\/02\/enfermaria-1-1068x505.jpg 1068w, https:\/\/jorgezanoni.com.br\/2019\/wp-content\/uploads\/2021\/02\/enfermaria-1-889x420.jpg 889w\" sizes=\"auto, (max-width: 1280px) 100vw, 1280px\" \/>Prefeito Andr\u00e9 Lemos, secret\u00e1rio de Governo Rodrigo Parra, secret\u00e1ria adjunta de Sa\u00fade Geni Pesin, Hermes Tamura, da Irmandade da Santa Casa, provedor Celso Santin e Alessandro Mendes, diretor administrativo da Santa Casa<\/p>\n<p><img loading=\"lazy\" decoding=\"async\" class=\"alignnone size-full wp-image-43341\" src=\"https:\/\/jorgezanoni.com.br\/2019\/wp-content\/uploads\/2021\/02\/enfermaria2.jpg\" alt=\"\" width=\"1152\" height=\"546\" srcset=\"https:\/\/jorgezanoni.com.br\/2019\/wp-content\/uploads\/2021\/02\/enfermaria2.jpg 1152w, https:\/\/jorgezanoni.com.br\/2019\/wp-content\/uploads\/2021\/02\/enfermaria2-300x142.jpg 300w, https:\/\/jorgezanoni.com.br\/2019\/wp-content\/uploads\/2021\/02\/enfermaria2-1024x485.jpg 1024w, https:\/\/jorgezanoni.com.br\/2019\/wp-content\/uploads\/2021\/02\/enfermaria2-768x364.jpg 768w, https:\/\/jorgezanoni.com.br\/2019\/wp-content\/uploads\/2021\/02\/enfermaria2-696x330.jpg 696w, https:\/\/jorgezanoni.com.br\/2019\/wp-content\/uploads\/2021\/02\/enfermaria2-1068x506.jpg 1068w, https:\/\/jorgezanoni.com.br\/2019\/wp-content\/uploads\/2021\/02\/enfermaria2-886x420.jpg 886w\" sizes=\"auto, (max-width: 1152px) 100vw, 1152px\" \/>Leitos prontos para receber os pacientes na Enfermaria Covid 2<\/p>\n<p><img loading=\"lazy\" decoding=\"async\" class=\"alignnone size-full wp-image-43342\" src=\"https:\/\/jorgezanoni.com.br\/2019\/wp-content\/uploads\/2021\/02\/enfermaria3.jpg\" alt=\"\" width=\"1152\" height=\"546\" srcset=\"https:\/\/jorgezanoni.com.br\/2019\/wp-content\/uploads\/2021\/02\/enfermaria3.jpg 1152w, https:\/\/jorgezanoni.com.br\/2019\/wp-content\/uploads\/2021\/02\/enfermaria3-300x142.jpg 300w, https:\/\/jorgezanoni.com.br\/2019\/wp-content\/uploads\/2021\/02\/enfermaria3-1024x485.jpg 1024w, https:\/\/jorgezanoni.com.br\/2019\/wp-content\/uploads\/2021\/02\/enfermaria3-768x364.jpg 768w, https:\/\/jorgezanoni.com.br\/2019\/wp-content\/uploads\/2021\/02\/enfermaria3-696x330.jpg 696w, https:\/\/jorgezanoni.com.br\/2019\/wp-content\/uploads\/2021\/02\/enfermaria3-1068x506.jpg 1068w, https:\/\/jorgezanoni.com.br\/2019\/wp-content\/uploads\/2021\/02\/enfermaria3-886x420.jpg 886w\" sizes=\"auto, (max-width: 1152px) 100vw, 1152px\" \/><\/p>\n<p style=\"font-weight: 400;\">Fonte: Diretoria de Comunica\u00e7\u00e3o Prefeitura<\/p>\n","protected":false},"excerpt":{"rendered":"<p>O prefeito Andr\u00e9 Lemos informa a contrata\u00e7\u00e3o do servi\u00e7o de mais 10 leitos de enfermaria no hospital, atrav\u00e9s do munic\u00edpio Uma not\u00edcia que era bastante aguardada pela popula\u00e7\u00e3o dracenense est\u00e1 sendo concretizada hoje, 18, em uma a\u00e7\u00e3o da administra\u00e7\u00e3o municipal em parceria com a Santa Casa local. O prefeito Andr\u00e9 Lemos anunciou nesta manh\u00e3 o [&hellip;]<\/p>\n","protected":false},"author":1,"featured_media":43343,"comment_status":"closed","ping_status":"open","sticky":false,"template":"","format":"standard","meta":{"footnotes":""},"categories":[110,122],"tags":[],"class_list":["post-43339","post","type-post","status-publish","format-standard","has-post-thumbnail","hentry","category-noticiasdestaque","category-saudeeducacaoeconcurso"],"_links":{"self":[{"href":"https:\/\/jorgezanoni.com.br\/2019\/wp-json\/wp\/v2\/posts\/43339","targetHints":{"allow":["GET"]}}],"collection":[{"href":"https:\/\/jorgezanoni.com.br\/2019\/wp-json\/wp\/v2\/posts"}],"about":[{"href":"https:\/\/jorgezanoni.com.br\/2019\/wp-json\/wp\/v2\/types\/post"}],"author":[{"embeddable":true,"href":"https:\/\/jorgezanoni.com.br\/2019\/wp-json\/wp\/v2\/users\/1"}],"replies":[{"embeddable":true,"href":"https:\/\/jorgezanoni.com.br\/2019\/wp-json\/wp\/v2\/comments?post=43339"}],"version-history":[{"count":0,"href":"https:\/\/jorgezanoni.com.br\/2019\/wp-json\/wp\/v2\/posts\/43339\/revisions"}],"wp:featuredmedia":[{"embeddable":true,"href":"https:\/\/jorgezanoni.com.br\/2019\/wp-json\/wp\/v2\/media\/43343"}],"wp:attachment":[{"href":"https:\/\/jorgezanoni.com.br\/2019\/wp-json\/wp\/v2\/media?parent=43339"}],"wp:term":[{"taxonomy":"category","embeddable":true,"href":"https:\/\/jorgezanoni.com.br\/2019\/wp-json\/wp\/v2\/categories?post=43339"},{"taxonomy":"post_tag","embeddable":true,"href":"https:\/\/jorgezanoni.com.br\/2019\/wp-json\/wp\/v2\/tags?post=43339"}],"curies":[{"name":"wp","href":"https:\/\/api.w.org\/{rel}","templated":true}]}}