{"id":43333,"date":"2021-02-18T14:10:14","date_gmt":"2021-02-18T14:10:14","guid":{"rendered":"https:\/\/jorgezanoni.com.br\/2019\/?p=43333"},"modified":"2021-02-18T14:10:14","modified_gmt":"2021-02-18T14:10:14","slug":"mais-duas-mortes-de-dracenenses-por-covid-sao-oficializadas","status":"publish","type":"post","link":"https:\/\/jorgezanoni.com.br\/2019\/mais-duas-mortes-de-dracenenses-por-covid-sao-oficializadas\/","title":{"rendered":"Mais duas mortes de dracenenses por COVID, s\u00e3o oficializadas"},"content":{"rendered":"<div class=\"kvgmc6g5 cxmmr5t8 oygrvhab hcukyx3x c1et5uql ii04i59q\">\n<div dir=\"auto\" style=\"text-align: justify;\"><strong>51\u00b0 \u00d3BITO POR COVID-19<\/strong><\/div>\n<\/div>\n<div class=\"o9v6fnle cxmmr5t8 oygrvhab hcukyx3x c1et5uql ii04i59q\" style=\"text-align: justify;\">\n<div dir=\"auto\">Homem 69 anos, residente em Dracena, hipertenso e diab\u00e9tico, esteve internado no Hospital Regional de Presidente Prudente do dia 14\/02\/2021 at\u00e9 o dia 17\/02\/2021 quando evoluiu a \u00f3bito \u00e0s 22h.<\/div>\n<\/div>\n<div class=\"o9v6fnle cxmmr5t8 oygrvhab hcukyx3x c1et5uql ii04i59q\" style=\"text-align: justify;\">\n<div dir=\"auto\"><strong>52\u00b0 \u00d3BITO POR COVID-19<\/strong><\/div>\n<div dir=\"auto\">Homem 64 anos, residente em Dracena, obeso, hipertenso e diab\u00e9tico, o paciente esteve internado no Hospital Regional de Presidente Prudente do dia 15\/02\/2021 at\u00e9 o dia 18\/02\/2021 quando evoluiu a \u00f3bito \u00e0s 5h34.<\/div>\n<div dir=\"auto\"><\/div>\n<\/div>\n<div class=\"o9v6fnle cxmmr5t8 oygrvhab hcukyx3x c1et5uql ii04i59q\" style=\"text-align: justify;\">\n<div dir=\"auto\"><strong>CONHECIMENTO<\/strong><span class=\"pq6dq46d tbxw36s4 knj5qynh kvgmc6g5 ditlmg2l oygrvhab nvdbi5me sf5mxxl7 gl3lb2sf hhz5lgdu\"><img loading=\"lazy\" decoding=\"async\" src=\"https:\/\/static.xx.fbcdn.net\/images\/emoji.php\/v9\/te2\/1\/16\/270d.png\" alt=\"\u270d\ufe0f\" width=\"16\" height=\"16\" \/><\/span><\/div>\n<\/div>\n<div class=\"o9v6fnle cxmmr5t8 oygrvhab hcukyx3x c1et5uql ii04i59q\" style=\"text-align: justify;\">\n<div dir=\"auto\"><strong>QUAL A RELA\u00c7\u00c3O ENTRE COVID-19 E OBESIDADE?<\/strong><\/div>\n<div dir=\"auto\">Estudos cient\u00edficos recentes indicam que os indiv\u00edduos com obesidade s\u00e3o mais vulner\u00e1veis \u00e0s formas graves da covid-19, al\u00e9m de sofrerem mais frequentemente com a necessidade de ventila\u00e7\u00e3o mec\u00e2nica e com uma maior mortalidade pela doen\u00e7a.<\/div>\n<\/div>\n<div class=\"o9v6fnle cxmmr5t8 oygrvhab hcukyx3x c1et5uql ii04i59q\" style=\"text-align: justify;\">\n<div dir=\"auto\">Vamos entender o porqu\u00ea? Alguns dos mecanismos que podem explicar isso s\u00e3o as rela\u00e7\u00f5es entre obesidade e: disfun\u00e7\u00f5es respirat\u00f3rias, como menor capacidade de comportar ar nos pulm\u00f5es. A press\u00e3o do abd\u00f4men (barriga) pode impedir que o pulm\u00e3o se expanda adequadamente nos momentos de dificuldade para respirar;<\/div>\n<\/div>\n<div class=\"o9v6fnle cxmmr5t8 oygrvhab hcukyx3x c1et5uql ii04i59q\" style=\"text-align: justify;\">\n<div dir=\"auto\">maior frequ\u00eancia de outras doen\u00e7as que aumentam o risco em obesos, como diabetes, problemas no cora\u00e7\u00e3o e nos rins;<\/div>\n<\/div>\n<div class=\"o9v6fnle cxmmr5t8 oygrvhab hcukyx3x c1et5uql ii04i59q\">\n<div dir=\"auto\" style=\"text-align: justify;\">risco metab\u00f3lico pela associa\u00e7\u00e3o com hipertens\u00e3o, aumento da gordura no sangue (dislipidemia) e pr\u00e9-diabetes.<\/div>\n<div dir=\"auto\" style=\"text-align: justify;\"><\/div>\n<div dir=\"auto\" style=\"text-align: justify;\">Fonte: https:\/\/www.facebook.com\/prefeituradracena<\/div>\n<\/div>\n","protected":false},"excerpt":{"rendered":"<p>51\u00b0 \u00d3BITO POR COVID-19 Homem 69 anos, residente em Dracena, hipertenso e diab\u00e9tico, esteve internado no Hospital Regional de Presidente Prudente do dia 14\/02\/2021 at\u00e9 o dia 17\/02\/2021 quando evoluiu a \u00f3bito \u00e0s 22h. 52\u00b0 \u00d3BITO POR COVID-19 Homem 64 anos, residente em Dracena, obeso, hipertenso e diab\u00e9tico, o paciente esteve internado no Hospital Regional [&hellip;]<\/p>\n","protected":false},"author":1,"featured_media":43334,"comment_status":"closed","ping_status":"open","sticky":false,"template":"","format":"standard","meta":{"footnotes":""},"categories":[178,110],"tags":[],"class_list":["post-43333","post","type-post","status-publish","format-standard","has-post-thumbnail","hentry","category-notadefalecimento","category-noticiasdestaque"],"_links":{"self":[{"href":"https:\/\/jorgezanoni.com.br\/2019\/wp-json\/wp\/v2\/posts\/43333","targetHints":{"allow":["GET"]}}],"collection":[{"href":"https:\/\/jorgezanoni.com.br\/2019\/wp-json\/wp\/v2\/posts"}],"about":[{"href":"https:\/\/jorgezanoni.com.br\/2019\/wp-json\/wp\/v2\/types\/post"}],"author":[{"embeddable":true,"href":"https:\/\/jorgezanoni.com.br\/2019\/wp-json\/wp\/v2\/users\/1"}],"replies":[{"embeddable":true,"href":"https:\/\/jorgezanoni.com.br\/2019\/wp-json\/wp\/v2\/comments?post=43333"}],"version-history":[{"count":0,"href":"https:\/\/jorgezanoni.com.br\/2019\/wp-json\/wp\/v2\/posts\/43333\/revisions"}],"wp:featuredmedia":[{"embeddable":true,"href":"https:\/\/jorgezanoni.com.br\/2019\/wp-json\/wp\/v2\/media\/43334"}],"wp:attachment":[{"href":"https:\/\/jorgezanoni.com.br\/2019\/wp-json\/wp\/v2\/media?parent=43333"}],"wp:term":[{"taxonomy":"category","embeddable":true,"href":"https:\/\/jorgezanoni.com.br\/2019\/wp-json\/wp\/v2\/categories?post=43333"},{"taxonomy":"post_tag","embeddable":true,"href":"https:\/\/jorgezanoni.com.br\/2019\/wp-json\/wp\/v2\/tags?post=43333"}],"curies":[{"name":"wp","href":"https:\/\/api.w.org\/{rel}","templated":true}]}}