{"id":43307,"date":"2021-02-17T22:51:23","date_gmt":"2021-02-17T22:51:23","guid":{"rendered":"https:\/\/jorgezanoni.com.br\/2019\/?p=43307"},"modified":"2021-02-17T22:51:23","modified_gmt":"2021-02-17T22:51:23","slug":"policia-civil-cumpre-mandados-de-prisao-e-de-internacao-provisoria-em-dracena","status":"publish","type":"post","link":"https:\/\/jorgezanoni.com.br\/2019\/policia-civil-cumpre-mandados-de-prisao-e-de-internacao-provisoria-em-dracena\/","title":{"rendered":"Pol\u00edcia Civil cumpre mandados de pris\u00e3o e de interna\u00e7\u00e3o provis\u00f3ria em Dracena"},"content":{"rendered":"<p style=\"text-align: justify;\"><strong>Dois homens, de 47 e 53 anos, e um adolescente, de 16 anos, tiveram as ordens judiciais cumpridas nesta quarta-feira (17).<\/strong><\/p>\n<p style=\"text-align: justify;\">A Pol\u00edcia Civil, por interm\u00e9dio das Unidades Especializadas (Delegacia de Investiga\u00e7\u00f5es Gerais &#8211; DIG e Delegacia de Investiga\u00e7\u00f5es Sobre Entorpecentes &#8211; DISE) e da Unidades Agrupadas 1\u00ba e 2\u00ba DP, deu cumprimento a dois mandados de pris\u00e3o e a um mandado de interna\u00e7\u00e3o provis\u00f3ria de adolescente infrator, em Dracena.<\/p>\n<p style=\"text-align: justify;\">Os agentes no cumprimento da fun\u00e7\u00e3o de pol\u00edcia judici\u00e1ria realizaram diligencias em v\u00e1rios bairros da \u00e1rea urbana e rural, do munic\u00edpio de Dracena, onde efetuaram as pris\u00f5es de dois adultos e a apreens\u00e3o para interna\u00e7\u00e3o de um menor infrator. As pris\u00f5es dos indiv\u00edduos maiores decorreram em raz\u00e3o de mandados de pris\u00e3o expedidos por crime de tr\u00e2nsito e inadimpl\u00eancia de pens\u00e3o aliment\u00edcia.<\/p>\n<p style=\"text-align: justify;\">J\u00e1 a apreens\u00e3o do adolescente infrator se deu pela suspeita de reitera\u00e7\u00e3o na pr\u00e1tica de atos infracionais an\u00e1logos ao crime de furto, motivo pelo qual a Pol\u00edcia Civil representou pelo mandado de interna\u00e7\u00e3o provis\u00f3ria do menor e a Vara da Inf\u00e2ncia e Juventude expediu a referida ordem judicial.<\/p>\n<p style=\"text-align: justify;\">Os capturados foram conduzidos e apresentados na delegacia, onde ap\u00f3s os procedimentos formais das ordens judiciais, os dois homens presos ficaram \u00e0 disposi\u00e7\u00e3o da Justi\u00e7a. E o adolescente infrator transferido para uma Unidade da Funda\u00e7\u00e3o Casa, da regi\u00e3o.<\/p>\n<p>Fonte: Com. Social Pol\u00edcia Civil<\/p>\n","protected":false},"excerpt":{"rendered":"<p>Dois homens, de 47 e 53 anos, e um adolescente, de 16 anos, tiveram as ordens judiciais cumpridas nesta quarta-feira (17). A Pol\u00edcia Civil, por interm\u00e9dio das Unidades Especializadas (Delegacia de Investiga\u00e7\u00f5es Gerais &#8211; DIG e Delegacia de Investiga\u00e7\u00f5es Sobre Entorpecentes &#8211; DISE) e da Unidades Agrupadas 1\u00ba e 2\u00ba DP, deu cumprimento a dois [&hellip;]<\/p>\n","protected":false},"author":1,"featured_media":43308,"comment_status":"closed","ping_status":"open","sticky":false,"template":"","format":"standard","meta":{"footnotes":""},"categories":[110,2],"tags":[],"class_list":["post-43307","post","type-post","status-publish","format-standard","has-post-thumbnail","hentry","category-noticiasdestaque","category-policial"],"_links":{"self":[{"href":"https:\/\/jorgezanoni.com.br\/2019\/wp-json\/wp\/v2\/posts\/43307","targetHints":{"allow":["GET"]}}],"collection":[{"href":"https:\/\/jorgezanoni.com.br\/2019\/wp-json\/wp\/v2\/posts"}],"about":[{"href":"https:\/\/jorgezanoni.com.br\/2019\/wp-json\/wp\/v2\/types\/post"}],"author":[{"embeddable":true,"href":"https:\/\/jorgezanoni.com.br\/2019\/wp-json\/wp\/v2\/users\/1"}],"replies":[{"embeddable":true,"href":"https:\/\/jorgezanoni.com.br\/2019\/wp-json\/wp\/v2\/comments?post=43307"}],"version-history":[{"count":0,"href":"https:\/\/jorgezanoni.com.br\/2019\/wp-json\/wp\/v2\/posts\/43307\/revisions"}],"wp:featuredmedia":[{"embeddable":true,"href":"https:\/\/jorgezanoni.com.br\/2019\/wp-json\/wp\/v2\/media\/43308"}],"wp:attachment":[{"href":"https:\/\/jorgezanoni.com.br\/2019\/wp-json\/wp\/v2\/media?parent=43307"}],"wp:term":[{"taxonomy":"category","embeddable":true,"href":"https:\/\/jorgezanoni.com.br\/2019\/wp-json\/wp\/v2\/categories?post=43307"},{"taxonomy":"post_tag","embeddable":true,"href":"https:\/\/jorgezanoni.com.br\/2019\/wp-json\/wp\/v2\/tags?post=43307"}],"curies":[{"name":"wp","href":"https:\/\/api.w.org\/{rel}","templated":true}]}}