{"id":43303,"date":"2021-02-17T22:20:26","date_gmt":"2021-02-17T22:20:26","guid":{"rendered":"https:\/\/jorgezanoni.com.br\/2019\/?p=43303"},"modified":"2021-02-17T22:20:26","modified_gmt":"2021-02-17T22:20:26","slug":"capotamento-com-cinco-vitimas-foi-registrado-proximo-a-flora-rica","status":"publish","type":"post","link":"https:\/\/jorgezanoni.com.br\/2019\/capotamento-com-cinco-vitimas-foi-registrado-proximo-a-flora-rica\/","title":{"rendered":"Capotamento com cinco v\u00edtimas foi registrado pr\u00f3ximo a Flora Rica"},"content":{"rendered":"<p style=\"text-align: justify;\"><strong>Motorista ficou preso nas ferragens, mais quatro Pessoas ficaram feridas, inclusive crian\u00e7as.<\/strong><\/p>\n<p style=\"text-align: justify;\">No final da tarde desta quarta-feira, foi registrado um acidente com v\u00edtimas graves na Rodovia J\u00falio Budisji, SP-501, no trecho entre Irapuru a Flora Rica.<\/p>\n<p style=\"text-align: justify;\">Segundo informa\u00e7\u00f5es, o morador de Flora Rica J.C.S conduzia o ve\u00edculo e por motivos a serem apurados, acabou capotando o ve\u00edculo que dirigia. A informa\u00e7\u00e3o \u00e9 que ao menos uma crian\u00e7a e dois adultos foram arremessados para fora do carro.<\/p>\n<p style=\"text-align: justify;\">O Corpo de Bombeiros de Dracena socorreu as v\u00edtimas ao Pronto Socorro de Junqueir\u00f3polis, a Pol\u00edcia Militar base operacional de Adamantina e Pol\u00edcia T\u00e9cnica comparecerem ao local.<\/p>\n<p><img loading=\"lazy\" decoding=\"async\" class=\"alignnone size-full wp-image-43304\" src=\"https:\/\/jorgezanoni.com.br\/2019\/wp-content\/uploads\/2021\/02\/J.C.S.1.jpg\" alt=\"\" width=\"720\" height=\"1280\" srcset=\"https:\/\/jorgezanoni.com.br\/2019\/wp-content\/uploads\/2021\/02\/J.C.S.1.jpg 720w, https:\/\/jorgezanoni.com.br\/2019\/wp-content\/uploads\/2021\/02\/J.C.S.1-169x300.jpg 169w, https:\/\/jorgezanoni.com.br\/2019\/wp-content\/uploads\/2021\/02\/J.C.S.1-576x1024.jpg 576w, https:\/\/jorgezanoni.com.br\/2019\/wp-content\/uploads\/2021\/02\/J.C.S.1-696x1237.jpg 696w, https:\/\/jorgezanoni.com.br\/2019\/wp-content\/uploads\/2021\/02\/J.C.S.1-236x420.jpg 236w\" sizes=\"auto, (max-width: 720px) 100vw, 720px\" \/><\/p>\n<p style=\"text-align: justify;\">Jorge Zanoni<\/p>\n<p style=\"text-align: justify;\">Fotos de Internauta<\/p>\n<p>&nbsp;<\/p>\n<p>&nbsp;<\/p>\n","protected":false},"excerpt":{"rendered":"<p>Motorista ficou preso nas ferragens, mais quatro Pessoas ficaram feridas, inclusive crian\u00e7as. No final da tarde desta quarta-feira, foi registrado um acidente com v\u00edtimas graves na Rodovia J\u00falio Budisji, SP-501, no trecho entre Irapuru a Flora Rica. Segundo informa\u00e7\u00f5es, o morador de Flora Rica J.C.S conduzia o ve\u00edculo e por motivos a serem apurados, acabou [&hellip;]<\/p>\n","protected":false},"author":1,"featured_media":43305,"comment_status":"closed","ping_status":"open","sticky":false,"template":"","format":"standard","meta":{"footnotes":""},"categories":[170,110],"tags":[],"class_list":["post-43303","post","type-post","status-publish","format-standard","has-post-thumbnail","hentry","category-acidentes","category-noticiasdestaque"],"_links":{"self":[{"href":"https:\/\/jorgezanoni.com.br\/2019\/wp-json\/wp\/v2\/posts\/43303","targetHints":{"allow":["GET"]}}],"collection":[{"href":"https:\/\/jorgezanoni.com.br\/2019\/wp-json\/wp\/v2\/posts"}],"about":[{"href":"https:\/\/jorgezanoni.com.br\/2019\/wp-json\/wp\/v2\/types\/post"}],"author":[{"embeddable":true,"href":"https:\/\/jorgezanoni.com.br\/2019\/wp-json\/wp\/v2\/users\/1"}],"replies":[{"embeddable":true,"href":"https:\/\/jorgezanoni.com.br\/2019\/wp-json\/wp\/v2\/comments?post=43303"}],"version-history":[{"count":0,"href":"https:\/\/jorgezanoni.com.br\/2019\/wp-json\/wp\/v2\/posts\/43303\/revisions"}],"wp:featuredmedia":[{"embeddable":true,"href":"https:\/\/jorgezanoni.com.br\/2019\/wp-json\/wp\/v2\/media\/43305"}],"wp:attachment":[{"href":"https:\/\/jorgezanoni.com.br\/2019\/wp-json\/wp\/v2\/media?parent=43303"}],"wp:term":[{"taxonomy":"category","embeddable":true,"href":"https:\/\/jorgezanoni.com.br\/2019\/wp-json\/wp\/v2\/categories?post=43303"},{"taxonomy":"post_tag","embeddable":true,"href":"https:\/\/jorgezanoni.com.br\/2019\/wp-json\/wp\/v2\/tags?post=43303"}],"curies":[{"name":"wp","href":"https:\/\/api.w.org\/{rel}","templated":true}]}}