{"id":43300,"date":"2021-02-17T21:57:56","date_gmt":"2021-02-17T21:57:56","guid":{"rendered":"https:\/\/jorgezanoni.com.br\/2019\/?p=43300"},"modified":"2021-02-17T21:57:56","modified_gmt":"2021-02-17T21:57:56","slug":"atraves-de-decreto-municipal-dracena-passa-para-a-fase-vermelha-a-partir-de-amanha-18","status":"publish","type":"post","link":"https:\/\/jorgezanoni.com.br\/2019\/atraves-de-decreto-municipal-dracena-passa-para-a-fase-vermelha-a-partir-de-amanha-18\/","title":{"rendered":"Atrav\u00e9s de Decreto Municipal, Dracena passa para a Fase Vermelha a partir de amanh\u00e3 (18)"},"content":{"rendered":"<p style=\"text-align: justify;\">DECRETO N\u00ba 7.393 &#8211; DE 17 DE FEVEREIRO DE 2021.<br \/>\n======================================================<br \/>\n1<br \/>\nDisp\u00f5e sobre a ado\u00e7\u00e3o de medidas de enfrentamento da pandemia decorrente do<br \/>\nCOVID-19 e o retorno do munic\u00edpio para a Fase 01 &#8211; Vermelha, do Plano S\u00e3o<br \/>\nPaulo, institui o toque de recolher e restringe a circula\u00e7\u00e3o de pessoas aos finais de<br \/>\nsemana e d\u00e1 outras provid\u00eancias.<br \/>\nANDR\u00c9 KOZAN LEMOS, Prefeito Municipal de Dracena, Estado de S\u00e3o Paulo,<br \/>\nCONSIDERANDO que a ADPF 672 reconheceu e assegurou a concorr\u00eancia<br \/>\nconcorrente dos entes federados, para que no \u00e2mbito de seus territ\u00f3rios, adotem ou<br \/>\nmantenham medidas restritivas;<br \/>\nCONSIDERANDO o aumento significativo dos casos positivos, falecimentos e<br \/>\nmun\u00edcipes em isolamento domiciliar;<br \/>\nCONSIDERANDO a situa\u00e7\u00e3o de emerg\u00eancia em sa\u00fade institu\u00edda pelo Decreto<br \/>\nMunicipal n\u00ba 7.245\/2020 e prorrogada pelo Decreto Municipal n\u00ba 7318\/2020,<br \/>\nCONSIDERANDO que essa nova reclassifica\u00e7\u00e3o exige tomada de medidas de<br \/>\nrestri\u00e7\u00f5es mais r\u00edgidas, com a libera\u00e7\u00e3o de funcionamento apenas dos servi\u00e7os<br \/>\nessenciais;<br \/>\nCONSIDERANDO a recomenda\u00e7\u00e3o do Minist\u00e9rio P\u00fablico Estadual em Dracena;<br \/>\nD E C R E T A:<br \/>\n&#8212;&#8212;&#8212;&#8212;&#8212;&#8212;-<br \/>\nArt. 1\u00ba. Para os fins deste Decreto, fica o munic\u00edpio de Dracena classificado na fase<br \/>\nvermelha do Plano S\u00e3o Paulo.<br \/>\nArt.2\u00ba Enquanto este Decreto estiver vigente, fica proibido o atendimento<br \/>\npresencial pelos estabelecimentos que exer\u00e7am as seguintes atividades:<br \/>\nI &#8211; casas noturnas, pubs, cervejarias, buffes, casas de eventos e similares;<br \/>\nII \u2013 restaurantes, bares, lanchonetes, pastelarias, rotisseries, sorveterias, pizzarias e<br \/>\nsimilares,<br \/>\nIII \u2013 com\u00e9rcio, servi\u00e7os em geral e feiras livres;<br \/>\nIV &#8211; atividades de academia de esportes de todas as modalidades, centros de<br \/>\ngin\u00e1sticas, pilates, dan\u00e7as e cong\u00eaneres;<br \/>\nV \u2013 atividades e eventos em centros comunit\u00e1rios, clubes sociais e de lazer, e afins,<br \/>\nparques, piscinas p\u00fablicas e equipamentos esportivos no munic\u00edpio;<br \/>\nVI &#8211; galerias e estabelecimentos cong\u00eaneres, atividades imobili\u00e1rias, escrit\u00f3rios em<br \/>\ngeral, ressalvadas as atividades internas.<br \/>\nVII &#8211; cultos, missas, atividades religiosas, atividades e eventos em centros<br \/>\ncomunit\u00e1rios;<br \/>\nVIII- eventos, a exemplo de casamentos, bailes, festas, formaturas, anivers\u00e1rios e afins;<br \/>\nIX &#8211; realiza\u00e7\u00e3o de aulas te\u00f3ricas e pr\u00e1ticas em Centros de Forma\u00e7\u00e3o de Condutores<br \/>\n(Auto Escolas);<br \/>\nX- educa\u00e7\u00e3o complementar n\u00e3o regulamentada.<br \/>\nPREFEITURA MUNICIPAL DE DRACENA<br \/>\nEstado de S\u00e3o Paulo<br \/>\nDECRETO N\u00ba 7.393 &#8211; DE 17 DE FEVEREIRO DE 2021.<br \/>\n======================================================<br \/>\n2<br \/>\nArt. 3\u00ba Fica proibida a realiza\u00e7\u00e3o de esportes coletivos em lugares p\u00fablicos e<br \/>\nprivados.<br \/>\nArt. 4\u00ba Fica proibida a expedi\u00e7\u00e3o de autoriza\u00e7\u00f5es e emiss\u00f5es de alvar\u00e1s para<br \/>\neventos p\u00fablicos ou privados e tempor\u00e1rios.<br \/>\nArt. 5\u00ba Fica autorizado o funcionamento exclusivo para atendimento de servi\u00e7os de<br \/>\nentrega (delivery) e drive thru do com\u00e9rcio em geral, varejista e atacadista, bem como dos<br \/>\nrestaurantes, bares, lanchonetes, pastelarias, rotisseries, sorveterias, pizzarias e similares, do<br \/>\ncom\u00e9rcio de food truck, carrinhos de lanches e trailers de lanches, vedado atendimento<br \/>\npresencial e o consumo no local.<br \/>\n\u00a71\u00ba &#8211; Os estabelecimentos comerciais s\u00f3 poder\u00e3o realizar a venda de bebida alco\u00f3lica,<br \/>\nde segunda-feira a sexta-feira, no hor\u00e1rio compreendido entre 6h e 19h.<br \/>\n\u00a72\u00ba O drive thru somente ser\u00e1 permitido de segunda a sexta feira, no hor\u00e1rio de 7h30 \u00e0s<br \/>\n19h30, passado esse hor\u00e1rio ser\u00e1 permitido entregas, apenas por delivery, conforme o artigo 8\u00ba.<br \/>\nArt. 6\u00ba Fica permitido o funcionamento das seguintes atividades:<br \/>\nI \u2013 servi\u00e7os de sa\u00fade, hospital, cl\u00ednicas, farm\u00e1cias e funer\u00e1rio;<br \/>\nII \u2013 alimenta\u00e7\u00e3o: supermercados, minimercados, armaz\u00e9ns a\u00e7ougues, sacol\u00f5es e<br \/>\nvarej\u00f5es, padarias, distribuidoras de \u00e1gua e g\u00e1s, lojas de conveni\u00eancia, vedado o consumo e<br \/>\ng\u00eaneros aliment\u00edcios;<br \/>\nIII &#8211; veterin\u00e1rias e lojas de alimenta\u00e7\u00e3o animal, pet shop;<br \/>\nIV &#8211; lojas de material para constru\u00e7\u00e3o, constru\u00e7\u00e3o civil, marmoraria, serralheria;<br \/>\nV \u2013 postos de combust\u00edveis, oficina de ve\u00edculos automotores, auto el\u00e9trica, lava<br \/>\nr\u00e1pido, estabelecimentos comerciais de pe\u00e7as e acess\u00f3rios para ve\u00edculos automotores,<br \/>\nborracharias, comercializa\u00e7\u00e3o de suplementos alimentares;<br \/>\nVI &#8211; transportadoras;<br \/>\nVII \u2013 banca de jornal, lavanderias, estabelecimento de assist\u00eancia t\u00e9cnica de<br \/>\nprodutos eletr\u00f4nicos, \u00f3ticas, hot\u00e9is;<br \/>\nVIII \u2013 escrit\u00f3rios de contabilidade, advocacia, e Casa da Advocacia Cidadania \u2013<br \/>\nOAB Dracena;<br \/>\n\u00a71\u00ba &#8211; Os supermercados, mercados, varej\u00f5es, mercearias, sacol\u00e3o, casas de carne,<br \/>\npeixarias e padaria, dever\u00e3o limitar a entrada de 1 (uma) pessoa por fam\u00edlia dentro do<br \/>\nestabelecimento, adotando medidas para impedir a forma\u00e7\u00e3o de aglomera\u00e7\u00e3o na cal\u00e7ada, sendo<br \/>\npermitido o funcionamento APENAS de segunda-feira a sexta-feira, entre \u00e0s 7h30 \u00e0s 19h.<br \/>\n\u00a72\u00ba A entrada nos ambientes em funcionamento dar-se-\u00e1 da seguinte forma:<br \/>\nI \u2013 1 (uma) pessoa para aquisi\u00e7\u00e3o de g\u00eaneros aliment\u00edcios, medicamentos, produtos<br \/>\nm\u00e9dico-hospitalares, produtos de limpeza e higiene pessoal;<br \/>\nII \u2013 1 (uma) pessoa para o comparecimento pr\u00f3prio a consultas ou realiza\u00e7\u00e3o de<br \/>\nexames m\u00e9dico-hospitalares, salvo quando a pessoa que for realizar a consulta\/exame necessitar<br \/>\nde auxilio;<br \/>\nIII \u2013 1 (uma) pessoa para realiza\u00e7\u00e3o de opera\u00e7\u00f5es banc\u00e1rias;<br \/>\nArt. 7\u00ba. Os sal\u00f5es, espa\u00e7os de beleza e est\u00e9tica, barbearias, pod\u00f3logo, cl\u00ednicas de<br \/>\nsa\u00fade em geral, laborat\u00f3rios cl\u00ednicos, cl\u00ednicas veterin\u00e1rias, casas de ra\u00e7\u00e3o e petshops dever\u00e3o<br \/>\nPREFEITURA MUNICIPAL DE DRACENA<br \/>\nEstado de S\u00e3o Paulo<br \/>\nDECRETO N\u00ba 7.393 &#8211; DE 17 DE FEVEREIRO DE 2021.<br \/>\n======================================================<br \/>\n3<br \/>\nadotar o sistema de agendamento com espa\u00e7o de marca\u00e7\u00f5es para garantir um menor fluxo de<br \/>\npessoas no local, vedado o consumo de bebidas e alimentos no estabelecimento.<br \/>\nPar\u00e1grafo \u00fanico \u2013 Os sal\u00f5es, espa\u00e7os de beleza e est\u00e9tica, barbearias, pod\u00f3logos poder\u00e3o<br \/>\natender apenas 1 (um) cliente por profissional, sendo proibido fila de espera.<br \/>\nArt. 8\u00ba Fica determinado o toque de recolher com o fechamento do com\u00e9rcio em<br \/>\ngeral das 20h \u00e0s 6h, ficando autorizado o atendimento somente pelo delivery at\u00e9 \u00e0s 22h.<br \/>\nArt. 9\u00ba Todos os estabelecimentos elencados neste decreto dever\u00e3o adotar os<br \/>\nprotocolos espec\u00edfico e geral para a Fase Vermelha do Plano S\u00e3o Paulo: uso obrigat\u00f3rio de<br \/>\nm\u00e1scaras, disponibilizar \u00e1lcool em gel 70% aos clientes e medida de distanciamento.<br \/>\nArt. 10 Fica determinado nos finais de semana (s\u00e1bado e domingo), o lockdown,<br \/>\ncom a proibi\u00e7\u00e3o da circula\u00e7\u00e3o de pessoas, salvo por motivo de for\u00e7a maior, sendo obrigat\u00f3rio<br \/>\nuso de m\u00e1scara, e observado o seguinte:<br \/>\n\u00a7\u00ba 1\u00ba A circula\u00e7\u00e3o de pessoas, nos casos permitidos, dever\u00e1 ser devidamente<br \/>\ncomprovada, inclusive com a apresenta\u00e7\u00e3o de documento oficial com foto.<br \/>\n\u00a72\u00ba Em caso de exerc\u00edcio de atividade essencial, a comprova\u00e7\u00e3o dever\u00e1 ser feita<br \/>\npor documento de identidade funcional\/laboral, auto declara\u00e7\u00e3o de exerc\u00edcio de trabalho em<br \/>\natividade essencial ou outro meio de prova id\u00f4neo.<br \/>\n\u00a73\u00ba Os servi\u00e7os de t\u00e1xi, mot\u00e1xi e de transporte por aplicativo de celular dever\u00e3o<br \/>\nexigir de seus passageiros a comprova\u00e7\u00e3o de que a circula\u00e7\u00e3o est\u00e1 amparada nos termos do<br \/>\ncaput deste artigo.<br \/>\n\u00a74\u00ba A circula\u00e7\u00e3o de pessoas com febre, falta de ar, tosse, dor no corpo ou quaisquer<br \/>\noutros sintomas de Covid-19 somente ser\u00e1 permitida para fins do disposto no inciso II, \u00a72\u00ba, do<br \/>\nartigo 6\u00ba, assistido de uma pessoa.<br \/>\nArt. 11 \u2013 Aos finais de semana (s\u00e1bado e domingo) fica proibido a circula\u00e7\u00e3o de<br \/>\nve\u00edculos particulares, ressalvados os de uso coletivo e delivery (at\u00e9 as 22h).<br \/>\nArt. 12 Em car\u00e1ter excepcional fica suspenso o atendimento presencial das<br \/>\nreparti\u00e7\u00f5es integrantes da administra\u00e7\u00e3o municipal direta, o atendimento ao p\u00fablico ser\u00e1<br \/>\nrealizado por meio de telefone e e-mail.<br \/>\n\u00a71\u00ba O atendimento para informa\u00e7\u00f5es ser\u00e1 pelo telefone (18) 3821- 8000, de 2\u00aa feira<br \/>\na 6\u00aa feira, das 9h00 \u00e0s 11h00 e das 13h00 \u00e0s 16h00.<br \/>\n\u00a72\u00ba N\u00e3o se aplicam o disposto no caput, os servi\u00e7os p\u00fablicos essenciais que pelo<br \/>\ninteresse p\u00fablico e por sua natureza devem ser realizados de forma continua, como exemplo, os<br \/>\nservi\u00e7os de sa\u00fade e licita\u00e7\u00e3o.<br \/>\nArt. 13 Ficam suspensos os prazos administrativos relacionados \u00e0s multas,<br \/>\nautua\u00e7\u00f5es e processos administrativos, exceto quanto \u00e0s medidas urgentes e recursos em<br \/>\nprocessos licitat\u00f3rios.<br \/>\nArt. 14 O Tiro de Guerra seguir\u00e1 orienta\u00e7\u00f5es de seu escal\u00e3o superior, o Comando<br \/>\nMilitar do Sudeste, sediado em S\u00e3o Paulo\/SP.<br \/>\nPREFEITURA MUNICIPAL DE DRACENA<br \/>\nEstado de S\u00e3o Paulo<br \/>\nDECRETO N\u00ba 7.393 &#8211; DE 17 DE FEVEREIRO DE 2021.<br \/>\n======================================================<br \/>\n4<br \/>\nArt. 15. O n\u00e3o cumprimento de quaisquer medidas estabelecidas no presente<br \/>\ndecreto caracterizar\u00e1 como infra\u00e7\u00e3o \u00e0 legisla\u00e7\u00e3o municipal e sujeitar\u00e1 o infrator \u00e0s penalidades e<br \/>\nsan\u00e7\u00f5es aplic\u00e1veis.<\/p>\n<p style=\"text-align: justify;\">Art. 16 Ficam mantidas, no que couber e n\u00e3o conflitar com o presente decreto, as<br \/>\nmedidas determinadas nos decretos anteriores editados.<br \/>\nArt. 17. Este Decreto entra em vigor no dia 18 de fevereiro de 2021.<br \/>\nGabinete do Prefeito Municipal<br \/>\nDracena, 17 de fevereiro de 2021.<br \/>\nANDR\u00c9 KOZAN LEMOS<br \/>\nPrefeito Municipal<br \/>\nRegistrado e publicado por afixa\u00e7\u00e3o, no lugar p\u00fablico do costume desta Prefeitura e no<br \/>\nDi\u00e1rio Oficial do Munic\u00edpio. Dracena, data supra.<br \/>\nMARLI BISCAINO BOTELHO AFFONSO<br \/>\nSecret\u00e1ria de Assuntos Jur\u00eddicos<\/p>\n","protected":false},"excerpt":{"rendered":"<p>DECRETO N\u00ba 7.393 &#8211; DE 17 DE FEVEREIRO DE 2021. ====================================================== 1 Disp\u00f5e sobre a ado\u00e7\u00e3o de medidas de enfrentamento da pandemia decorrente do COVID-19 e o retorno do munic\u00edpio para a Fase 01 &#8211; Vermelha, do Plano S\u00e3o Paulo, institui o toque de recolher e restringe a circula\u00e7\u00e3o de pessoas aos finais de semana [&hellip;]<\/p>\n","protected":false},"author":1,"featured_media":43301,"comment_status":"closed","ping_status":"open","sticky":false,"template":"","format":"standard","meta":{"footnotes":""},"categories":[179,184,110],"tags":[],"class_list":["post-43300","post","type-post","status-publish","format-standard","has-post-thumbnail","hentry","category-cidadeseregiao","category-dracena","category-noticiasdestaque"],"_links":{"self":[{"href":"https:\/\/jorgezanoni.com.br\/2019\/wp-json\/wp\/v2\/posts\/43300","targetHints":{"allow":["GET"]}}],"collection":[{"href":"https:\/\/jorgezanoni.com.br\/2019\/wp-json\/wp\/v2\/posts"}],"about":[{"href":"https:\/\/jorgezanoni.com.br\/2019\/wp-json\/wp\/v2\/types\/post"}],"author":[{"embeddable":true,"href":"https:\/\/jorgezanoni.com.br\/2019\/wp-json\/wp\/v2\/users\/1"}],"replies":[{"embeddable":true,"href":"https:\/\/jorgezanoni.com.br\/2019\/wp-json\/wp\/v2\/comments?post=43300"}],"version-history":[{"count":0,"href":"https:\/\/jorgezanoni.com.br\/2019\/wp-json\/wp\/v2\/posts\/43300\/revisions"}],"wp:featuredmedia":[{"embeddable":true,"href":"https:\/\/jorgezanoni.com.br\/2019\/wp-json\/wp\/v2\/media\/43301"}],"wp:attachment":[{"href":"https:\/\/jorgezanoni.com.br\/2019\/wp-json\/wp\/v2\/media?parent=43300"}],"wp:term":[{"taxonomy":"category","embeddable":true,"href":"https:\/\/jorgezanoni.com.br\/2019\/wp-json\/wp\/v2\/categories?post=43300"},{"taxonomy":"post_tag","embeddable":true,"href":"https:\/\/jorgezanoni.com.br\/2019\/wp-json\/wp\/v2\/tags?post=43300"}],"curies":[{"name":"wp","href":"https:\/\/api.w.org\/{rel}","templated":true}]}}